{"id":27091,"date":"2026-02-04T09:17:52","date_gmt":"2026-02-04T08:17:52","guid":{"rendered":"https:\/\/serveiseducatius.xtec.cat\/segria\/?p=27091"},"modified":"2026-02-04T09:20:55","modified_gmt":"2026-02-04T08:20:55","slug":"mostra-experientia-biomed26","status":"publish","type":"post","link":"https:\/\/serveiseducatius.xtec.cat\/segria\/portada\/mostra-experientia-biomed26\/","title":{"rendered":"Mostra experientia biomed\u201926"},"content":{"rendered":"\n<p><\/p>\n\n\n\n<p><\/p>\n\n\n\n<figure class=\"wp-block-image size-full is-resized\"><a href=\"https:\/\/serveiseducatius.xtec.cat\/segria\/wp-content\/uploads\/usu679\/2026\/02\/biomed2.png\"><img loading=\"lazy\" decoding=\"async\" width=\"150\" height=\"150\" src=\"https:\/\/serveiseducatius.xtec.cat\/segria\/wp-content\/uploads\/usu679\/2026\/02\/biomed2.png\" alt=\"\" class=\"wp-image-27096\" style=\"width:196px;height:auto\"\/><\/a><\/figure>\n\n\n\n<p>La Secci\u00f3 de Biomedicina de l\u2019Institut d\u2019Estudis Ilerdencs (IEI) convida als centres educatius de la prov\u00edncia de Lleida a participar en la\u00a0<em>Mostra Experientia Biomed\u201926<\/em>\u00a0\u2013 Explica\u2019ns qu\u00e8 investigues, una iniciativa de divulgaci\u00f3 cient\u00edfica adre\u00e7ada a alumnat de 4t d\u2019ESO, Batxillerat i Cicles Formatius de Grau Superior.\u00a0La proposta consisteix en la realitzaci\u00f3 d\u2019un v\u00eddeo breu (m\u00e0xim 3 minuts) en qu\u00e8 l\u2019alumnat expliqui un concepte de biomedicina, una not\u00edcia cient\u00edfica d\u2019actualitat o el resultat d\u2019una recerca o activitat pr\u00e0ctica desenvolupada al centre.<\/p>\n\n\n\n<p>La data l\u00edmit d\u2019inscripci\u00f3 i enviament \u00e9s el\u00a0<strong>14 de febrer de 2026<\/strong>, mitjan\u00e7ant correu electr\u00f2nic a:\u00a0<em>dcolominar@diputaciodelleida.cat<\/em><\/p>\n\n\n\n<p><\/p>\n\n\n\n<p>Consulteu les <a href=\"https:\/\/drive.google.com\/file\/d\/1X8WBKSvmTGxQjkG1bx0clJHRoBP9Glld\/view?usp=drive_link\">bases del concurs<\/a><\/p>\n\n\n\n<p><\/p>\n\n\n\n<p><\/p>\n","protected":false},"excerpt":{"rendered":"<p>La Secci\u00f3 de Biomedicina de l\u2019Institut d\u2019Estudis Ilerdencs (IEI) convida als centres educatius de la prov\u00edncia de Lleida a participar en la\u00a0Mostra Experientia Biomed\u201926\u00a0\u2013 Explica\u2019ns qu\u00e8 investigues, una iniciativa de divulgaci\u00f3 cient\u00edfica adre\u00e7ada a alumnat de 4t d\u2019ESO, Batxillerat i Cicles Formatius de Grau Superior.\u00a0La proposta consisteix en la realitzaci\u00f3 d\u2019un v\u00eddeo breu (m\u00e0xim 3 [&hellip;]<\/p>\n","protected":false},"author":15,"featured_media":27096,"comment_status":"closed","ping_status":"open","sticky":false,"template":"","format":"standard","meta":{"_bbp_topic_count":0,"_bbp_reply_count":0,"_bbp_total_topic_count":0,"_bbp_total_reply_count":0,"_bbp_voice_count":0,"_bbp_anonymous_reply_count":0,"_bbp_topic_count_hidden":0,"_bbp_reply_count_hidden":0,"_bbp_forum_subforum_count":0,"site-sidebar-layout":"default","site-content-layout":"","ast-site-content-layout":"","site-content-style":"default","site-sidebar-style":"default","ast-global-header-display":"","ast-banner-title-visibility":"","ast-main-header-display":"","ast-hfb-above-header-display":"","ast-hfb-below-header-display":"","ast-hfb-mobile-header-display":"","site-post-title":"","ast-breadcrumbs-content":"","ast-featured-img":"","footer-sml-layout":"","theme-transparent-header-meta":"","adv-header-id-meta":"","stick-header-meta":"","header-above-stick-meta":"","header-main-stick-meta":"","header-below-stick-meta":"","astra-migrate-meta-layouts":"default","ast-page-background-enabled":"default","ast-page-background-meta":{"desktop":{"background-color":"var(--ast-global-color-4)","background-image":"","background-repeat":"repeat","background-position":"center center","background-size":"auto","background-attachment":"scroll","background-type":"","background-media":"","overlay-type":"","overlay-color":"","overlay-opacity":"","overlay-gradient":""},"tablet":{"background-color":"","background-image":"","background-repeat":"repeat","background-position":"center center","background-size":"auto","background-attachment":"scroll","background-type":"","background-media":"","overlay-type":"","overlay-color":"","overlay-opacity":"","overlay-gradient":""},"mobile":{"background-color":"","background-image":"","background-repeat":"repeat","background-position":"center center","background-size":"auto","background-attachment":"scroll","background-type":"","background-media":"","overlay-type":"","overlay-color":"","overlay-opacity":"","overlay-gradient":""}},"ast-content-background-meta":{"desktop":{"background-color":"var(--ast-global-color-5)","background-image":"","background-repeat":"repeat","background-position":"center center","background-size":"auto","background-attachment":"scroll","background-type":"","background-media":"","overlay-type":"","overlay-color":"","overlay-opacity":"","overlay-gradient":""},"tablet":{"background-color":"var(--ast-global-color-5)","background-image":"","background-repeat":"repeat","background-position":"center center","background-size":"auto","background-attachment":"scroll","background-type":"","background-media":"","overlay-type":"","overlay-color":"","overlay-opacity":"","overlay-gradient":""},"mobile":{"background-color":"var(--ast-global-color-5)","background-image":"","background-repeat":"repeat","background-position":"center center","background-size":"auto","background-attachment":"scroll","background-type":"","background-media":"","overlay-type":"","overlay-color":"","overlay-opacity":"","overlay-gradient":""}},"footnotes":""},"categories":[29],"tags":[1022],"class_list":["post-27091","post","type-post","status-publish","format-standard","has-post-thumbnail","hentry","category-portada","tag-experimentia-biomed26"],"post_mailing_queue_ids":[],"_links":{"self":[{"href":"https:\/\/serveiseducatius.xtec.cat\/segria\/wp-json\/wp\/v2\/posts\/27091","targetHints":{"allow":["GET"]}}],"collection":[{"href":"https:\/\/serveiseducatius.xtec.cat\/segria\/wp-json\/wp\/v2\/posts"}],"about":[{"href":"https:\/\/serveiseducatius.xtec.cat\/segria\/wp-json\/wp\/v2\/types\/post"}],"author":[{"embeddable":true,"href":"https:\/\/serveiseducatius.xtec.cat\/segria\/wp-json\/wp\/v2\/users\/15"}],"replies":[{"embeddable":true,"href":"https:\/\/serveiseducatius.xtec.cat\/segria\/wp-json\/wp\/v2\/comments?post=27091"}],"version-history":[{"count":1,"href":"https:\/\/serveiseducatius.xtec.cat\/segria\/wp-json\/wp\/v2\/posts\/27091\/revisions"}],"predecessor-version":[{"id":27097,"href":"https:\/\/serveiseducatius.xtec.cat\/segria\/wp-json\/wp\/v2\/posts\/27091\/revisions\/27097"}],"wp:featuredmedia":[{"embeddable":true,"href":"https:\/\/serveiseducatius.xtec.cat\/segria\/wp-json\/wp\/v2\/media\/27096"}],"wp:attachment":[{"href":"https:\/\/serveiseducatius.xtec.cat\/segria\/wp-json\/wp\/v2\/media?parent=27091"}],"wp:term":[{"taxonomy":"category","embeddable":true,"href":"https:\/\/serveiseducatius.xtec.cat\/segria\/wp-json\/wp\/v2\/categories?post=27091"},{"taxonomy":"post_tag","embeddable":true,"href":"https:\/\/serveiseducatius.xtec.cat\/segria\/wp-json\/wp\/v2\/tags?post=27091"}],"curies":[{"name":"wp","href":"https:\/\/api.w.org\/{rel}","templated":true}]}}