{"id":27086,"date":"2026-02-04T09:19:59","date_gmt":"2026-02-04T08:19:59","guid":{"rendered":"https:\/\/serveiseducatius.xtec.cat\/segria\/?p=27086"},"modified":"2026-02-04T09:19:59","modified_gmt":"2026-02-04T08:19:59","slug":"21-de-febrer-dia-internacional-de-la-llengua-materna-2","status":"publish","type":"post","link":"https:\/\/serveiseducatius.xtec.cat\/segria\/general\/21-de-febrer-dia-internacional-de-la-llengua-materna-2\/","title":{"rendered":"21 de febrer, dia internacional de la llengua materna"},"content":{"rendered":"\n<figure class=\"wp-block-image\"><a href=\"https:\/\/serveiseducatius.xtec.cat\/pallars\/wp-content\/uploads\/usu1099\/2026\/02\/illustracio-de-gent-parlant-en-diferents-idiomes.jpg\"><img decoding=\"async\" src=\"https:\/\/serveiseducatius.xtec.cat\/pallars\/wp-content\/uploads\/usu1099\/2026\/02\/illustracio-de-gent-parlant-en-diferents-idiomes-1024x573.jpg\" alt=\"\" class=\"wp-image-26695\"\/><\/a><\/figure>\n\n\n\n<div style=\"height:24px\" aria-hidden=\"true\" class=\"wp-block-spacer\"><\/div>\n\n\n\n<p>El dia internacional de la llengua materna se celebra cada&nbsp;<strong>21 de febrer<\/strong>. Aquesta data ens permet observar la&nbsp;<strong>riquesa ling\u00fc\u00edstica del m\u00f3n<\/strong>&nbsp;i la necessitat de preservar-la. A m\u00e9s, promou valors com el&nbsp;<strong>respecte, la toler\u00e0ncia i la cohesi\u00f3 social<\/strong>, estretament vinculats a l\u2019educaci\u00f3 i al desenvolupament d\u2019una societat m\u00e9s justa i sostenible.<\/p>\n\n\n\n<ul class=\"wp-block-list\">\n<li><a href=\"https:\/\/projectes.xtec.cat\/usdelallengua\/portada\/llengua-materna-llengua-nativa-i-llengua-inicial-llorenc-comajoan\/\"><strong>Article<\/strong><\/a>\u00a0i\u00a0<a href=\"https:\/\/www.youtube.com\/watch?v=yRgmuz1YLTg\"><strong>v\u00eddeo<\/strong><\/a> de Lloren\u00e7 Comajoan-Colom\u00e9, una reflexi\u00f3 sobre l\u2019impacte de l\u2019\u00fas dels conceptes \u201cllengua materna o nativa\u201d i \u201cllengua segona o estrangera\u201d en l\u2019educaci\u00f3.<\/li>\n\n\n\n<li><strong>P\u00f2dcast<\/strong>\u00a0del programa de Catalunya R\u00e0dio\u00a0<em>Les dones i els dies<\/em>,\u00a0<strong><a href=\"https:\/\/www.3cat.cat\/3cat\/llengues-maternes-un-concepte-que-cal-revisar\/audio\/1231718\/\">Lleng\u00fces maternes: un concepte que cal revisar?<\/a><\/strong> (Web de 3Cat).<\/li>\n\n\n\n<li><strong>Propostes de treball a l&#8217;aula<\/strong> per al dia internacional de la llengua materna:\n<ul class=\"wp-block-list\">\n<li>Preguntar a les fam\u00edlies sobre refranys, expressions, frases fetes\u2026 en la llengua d\u2019origen, per despr\u00e9s exposar-les a classe.\u00a0<\/li>\n\n\n\n<li>Intentar pronunciar tots junts a classe les paraules o lletres que els estudiants creguin que s\u00f3n m\u00e9s dif\u00edcils de pronunciar.\u00a0<\/li>\n\n\n\n<li>Jugar a aquest\u00a0<a href=\"https:\/\/preguntes.glidi.cat\/\">joc en l\u00ednia<\/a>\u00a0per aprendre m\u00e9s sobre les lleng\u00fces que es parlen al m\u00f3n.\u00a0<\/li>\n\n\n\n<li>Recurs \u201c<a href=\"https:\/\/www.linguapax.org\/publicacions\/unitats-didactiques\/\">Cinema i diversitat ling\u00fc\u00edstica<\/a>\u201d (de Linguapax), que convida a visionar pel\u00b7l\u00edcules relacionades amb la tem\u00e0tica de les lleng\u00fces per despr\u00e9s reflexionar a classe.\u00a0<\/li>\n\n\n\n<li><a href=\"https:\/\/projectes.xtec.cat\/origen\/general\/dia-de-la-llengua-materna-2025\/\">Article<\/a>\u00a0Dia de la llengua materna 2025 del Programa de Lleng\u00fces i Cultures d&#8217;Origen, amb m\u00e9s activitats.<\/li>\n\n\n\n<li>Algunes idees per fer una\u00a0<a href=\"https:\/\/www.reus.cat\/noticia\/la-gimcana-de-les-llengues-un-concurs-del-cnl-sobre-diversitat-linguistica\">\u00abGimcana de les Lleng\u00fces\u00bb<\/a>\u00a0(Ajuntament de Reus) i al llibre de Carme Junyent Gimcana de les lleng\u00fces, de l\u2019editorial Octaedro.<\/li>\n<\/ul>\n<\/li>\n\n\n\n<li><a href=\"https:\/\/projectes.xtec.cat\/acollidasuport\/wp-content\/uploads\/usu2169\/2025\/02\/infografia-Dia-Internacional_de_la_Llengua_Materna_2025.pdf.pdf\"><strong>Infografia\u00a0<\/strong><\/a>amb m\u00e9s propostes.<\/li>\n<\/ul>\n","protected":false},"excerpt":{"rendered":"<p>El dia internacional de la llengua materna se celebra cada&nbsp;21 de febrer. Aquesta data ens permet observar la&nbsp;riquesa ling\u00fc\u00edstica del m\u00f3n&nbsp;i la necessitat de preservar-la. A m\u00e9s, promou valors com el&nbsp;respecte, la toler\u00e0ncia i la cohesi\u00f3 social, estretament vinculats a l\u2019educaci\u00f3 i al desenvolupament d\u2019una societat m\u00e9s justa i sostenible.<\/p>\n","protected":false},"author":14,"featured_media":27087,"comment_status":"closed","ping_status":"open","sticky":false,"template":"","format":"standard","meta":{"_bbp_topic_count":0,"_bbp_reply_count":0,"_bbp_total_topic_count":0,"_bbp_total_reply_count":0,"_bbp_voice_count":0,"_bbp_anonymous_reply_count":0,"_bbp_topic_count_hidden":0,"_bbp_reply_count_hidden":0,"_bbp_forum_subforum_count":0,"site-sidebar-layout":"default","site-content-layout":"","ast-site-content-layout":"","site-content-style":"default","site-sidebar-style":"default","ast-global-header-display":"","ast-banner-title-visibility":"","ast-main-header-display":"","ast-hfb-above-header-display":"","ast-hfb-below-header-display":"","ast-hfb-mobile-header-display":"","site-post-title":"","ast-breadcrumbs-content":"","ast-featured-img":"","footer-sml-layout":"","theme-transparent-header-meta":"","adv-header-id-meta":"","stick-header-meta":"","header-above-stick-meta":"","header-main-stick-meta":"","header-below-stick-meta":"","astra-migrate-meta-layouts":"default","ast-page-background-enabled":"default","ast-page-background-meta":{"desktop":{"background-color":"var(--ast-global-color-4)","background-image":"","background-repeat":"repeat","background-position":"center center","background-size":"auto","background-attachment":"scroll","background-type":"","background-media":"","overlay-type":"","overlay-color":"","overlay-opacity":"","overlay-gradient":""},"tablet":{"background-color":"","background-image":"","background-repeat":"repeat","background-position":"center center","background-size":"auto","background-attachment":"scroll","background-type":"","background-media":"","overlay-type":"","overlay-color":"","overlay-opacity":"","overlay-gradient":""},"mobile":{"background-color":"","background-image":"","background-repeat":"repeat","background-position":"center center","background-size":"auto","background-attachment":"scroll","background-type":"","background-media":"","overlay-type":"","overlay-color":"","overlay-opacity":"","overlay-gradient":""}},"ast-content-background-meta":{"desktop":{"background-color":"var(--ast-global-color-5)","background-image":"","background-repeat":"repeat","background-position":"center center","background-size":"auto","background-attachment":"scroll","background-type":"","background-media":"","overlay-type":"","overlay-color":"","overlay-opacity":"","overlay-gradient":""},"tablet":{"background-color":"var(--ast-global-color-5)","background-image":"","background-repeat":"repeat","background-position":"center center","background-size":"auto","background-attachment":"scroll","background-type":"","background-media":"","overlay-type":"","overlay-color":"","overlay-opacity":"","overlay-gradient":""},"mobile":{"background-color":"var(--ast-global-color-5)","background-image":"","background-repeat":"repeat","background-position":"center center","background-size":"auto","background-attachment":"scroll","background-type":"","background-media":"","overlay-type":"","overlay-color":"","overlay-opacity":"","overlay-gradient":""}},"footnotes":""},"categories":[64,907,302,1,782,29],"tags":[1021,1020,323],"class_list":["post-27086","post","type-post","status-publish","format-standard","has-post-thumbnail","hentry","category-comunitat","category-convivencia","category-diversitat","category-general","category-plurilinguisme","category-portada","tag-integracio","tag-llengues-maternes","tag-nouvinguts"],"post_mailing_queue_ids":[],"_links":{"self":[{"href":"https:\/\/serveiseducatius.xtec.cat\/segria\/wp-json\/wp\/v2\/posts\/27086","targetHints":{"allow":["GET"]}}],"collection":[{"href":"https:\/\/serveiseducatius.xtec.cat\/segria\/wp-json\/wp\/v2\/posts"}],"about":[{"href":"https:\/\/serveiseducatius.xtec.cat\/segria\/wp-json\/wp\/v2\/types\/post"}],"author":[{"embeddable":true,"href":"https:\/\/serveiseducatius.xtec.cat\/segria\/wp-json\/wp\/v2\/users\/14"}],"replies":[{"embeddable":true,"href":"https:\/\/serveiseducatius.xtec.cat\/segria\/wp-json\/wp\/v2\/comments?post=27086"}],"version-history":[{"count":5,"href":"https:\/\/serveiseducatius.xtec.cat\/segria\/wp-json\/wp\/v2\/posts\/27086\/revisions"}],"predecessor-version":[{"id":27095,"href":"https:\/\/serveiseducatius.xtec.cat\/segria\/wp-json\/wp\/v2\/posts\/27086\/revisions\/27095"}],"wp:featuredmedia":[{"embeddable":true,"href":"https:\/\/serveiseducatius.xtec.cat\/segria\/wp-json\/wp\/v2\/media\/27087"}],"wp:attachment":[{"href":"https:\/\/serveiseducatius.xtec.cat\/segria\/wp-json\/wp\/v2\/media?parent=27086"}],"wp:term":[{"taxonomy":"category","embeddable":true,"href":"https:\/\/serveiseducatius.xtec.cat\/segria\/wp-json\/wp\/v2\/categories?post=27086"},{"taxonomy":"post_tag","embeddable":true,"href":"https:\/\/serveiseducatius.xtec.cat\/segria\/wp-json\/wp\/v2\/tags?post=27086"}],"curies":[{"name":"wp","href":"https:\/\/api.w.org\/{rel}","templated":true}]}}