{"id":26601,"date":"2025-11-21T13:05:06","date_gmt":"2025-11-21T12:05:06","guid":{"rendered":"https:\/\/serveiseducatius.xtec.cat\/segria\/?p=26601"},"modified":"2025-11-25T16:11:51","modified_gmt":"2025-11-25T15:11:51","slug":"nou-espai-ciencia-0-6-a-lleida","status":"publish","type":"post","link":"https:\/\/serveiseducatius.xtec.cat\/segria\/general\/nou-espai-ciencia-0-6-a-lleida\/","title":{"rendered":"Nou Espai Ci\u00e8ncia 0-6 a Lleida. Jornada de portes obertes per a mestres d&#8217;ed infantil"},"content":{"rendered":"\n<p>Aquest mes de novembre s&#8217;ha inaugurat a Lleida un espai de descoberta cient\u00edfica per a infants de 0 a 6 anys. Es tracta d&#8217;un espai p\u00fablic on els centres educatius que ho desitgin, poden inscriure els seus grups-classe per gaudir de l&#8217;experi\u00e8ncia.<\/p>\n\n\n\n<p>Consulteu el <a href=\"https:\/\/sites.google.com\/xtec.cat\/espai-ciencia-06-lleida\/espai-ci%C3%A8ncia-0-6\">web<\/a> de l&#8217;Espai Ci\u00e8ncia 06<\/p>\n\n\n\n<figure class=\"wp-block-image size-large\"><a href=\"https:\/\/serveiseducatius.xtec.cat\/segria\/wp-content\/uploads\/usu679\/2025\/11\/Captura-de-pantalla-2025-11-21-130219.png\"><img loading=\"lazy\" decoding=\"async\" width=\"1024\" height=\"157\" src=\"https:\/\/serveiseducatius.xtec.cat\/segria\/wp-content\/uploads\/usu679\/2025\/11\/Captura-de-pantalla-2025-11-21-130219-1024x157.png\" alt=\"\" class=\"wp-image-26602\" srcset=\"https:\/\/serveiseducatius.xtec.cat\/segria\/wp-content\/uploads\/usu679\/2025\/11\/Captura-de-pantalla-2025-11-21-130219-1024x157.png 1024w, https:\/\/serveiseducatius.xtec.cat\/segria\/wp-content\/uploads\/usu679\/2025\/11\/Captura-de-pantalla-2025-11-21-130219-300x46.png 300w, https:\/\/serveiseducatius.xtec.cat\/segria\/wp-content\/uploads\/usu679\/2025\/11\/Captura-de-pantalla-2025-11-21-130219-768x118.png 768w, https:\/\/serveiseducatius.xtec.cat\/segria\/wp-content\/uploads\/usu679\/2025\/11\/Captura-de-pantalla-2025-11-21-130219-1536x235.png 1536w, https:\/\/serveiseducatius.xtec.cat\/segria\/wp-content\/uploads\/usu679\/2025\/11\/Captura-de-pantalla-2025-11-21-130219.png 1848w\" sizes=\"auto, (max-width: 1024px) 100vw, 1024px\" \/><\/a><\/figure>\n\n\n\n<p>El museu se situa a l&#8217;espai de La Canadenca, al Museu de l&#8217;Aigua de Lleida.<\/p>\n\n\n\n<p><strong>Portes obertes:<\/strong><\/p>\n\n\n\n<p><em>Aquesta jornada est\u00e0 pensada&nbsp;<strong>exclusivament per mestres<\/strong>, i t\u00e9 per objectiu donar a con\u00e8ixer de primera m\u00e0 els materials, les propostes i el funcionament de l\u2019espai abans que els centres hi programin una visita amb infants.<\/em><\/p>\n\n\n\n<p><em>Durant la trobada:<\/em><\/p>\n\n\n\n<ul class=\"wp-block-list\">\n<li><em>Presentarem l\u2019<strong>organitzaci\u00f3 de l\u2019espai<\/strong>, basada en la&nbsp;<strong>lliure circulaci\u00f3 dels infants<\/strong>, que afavoreix l\u2019experimentaci\u00f3 i l\u2019autonomia.<\/em><\/li>\n\n\n\n<li><em>Compartirem les&nbsp;<strong>propostes cient\u00edfiques i d\u2019indagaci\u00f3<\/strong>&nbsp;que formen part de les propostes d\u2019aprenentatge.<\/em><\/li>\n\n\n\n<li><em>Explicarem l\u2019<strong>organitzaci\u00f3 de les visites<\/strong>, el paper del docent com a guia i observador, i els passos a seguir per sol\u00b7licitar una sessi\u00f3 amb el vostre alumnat.<\/em><\/li>\n\n\n\n<li><em>Obrirem un espai per a preguntes i dubtes.<\/em><\/li>\n<\/ul>\n\n\n\n<p><em>Us adjuntem el<a href=\"https:\/\/forms.gle\/8xW1BKWDhCusg4UJ8\"><strong> formulari d\u2019inscripci\u00f3<\/strong> <\/a>amb les dates i els horaris.<\/em><\/p>\n\n\n\n<p>Dates i horaris (m\u00e0x 30 per grup, per ordre d&#8217;arribada de sol\u00b7licituds)<\/p>\n\n\n\n<p>Dijous 11 de desembre 17:15 h<\/p>\n\n\n\n<p>Dijous 11 de desembre 18:15 h<\/p>\n\n\n\n<p>Dimarts 16 de desembre 17:15 h<\/p>\n\n\n\n<p>Dimarts 16 de desembre 18:15 h<\/p>\n\n\n\n<p>Reserves per a visites del vostre alumnat 0 &#8211; 6 a trav\u00e9s del <a href=\"https:\/\/sites.google.com\/xtec.cat\/espai-ciencia-06-lleida\/espai-ci%C3%A8ncia-0-6\">web del d&#8217;Espai Ci\u00e8ncia 06<\/a><\/p>\n\n\n\n<p><\/p>\n","protected":false},"excerpt":{"rendered":"<p>Aquest mes de novembre s&#8217;ha inaugurat a Lleida un espai de descoberta cient\u00edfica per a infants de 0 a 6 anys. Es tracta d&#8217;un espai p\u00fablic on els centres educatius que ho desitgin, poden inscriure els seus grups-classe per gaudir de l&#8217;experi\u00e8ncia. Consulteu el web de l&#8217;Espai Ci\u00e8ncia 06 El museu se situa a l&#8217;espai [&hellip;]<\/p>\n","protected":false},"author":15,"featured_media":26602,"comment_status":"closed","ping_status":"open","sticky":false,"template":"","format":"standard","meta":{"_bbp_topic_count":0,"_bbp_reply_count":0,"_bbp_total_topic_count":0,"_bbp_total_reply_count":0,"_bbp_voice_count":0,"_bbp_anonymous_reply_count":0,"_bbp_topic_count_hidden":0,"_bbp_reply_count_hidden":0,"_bbp_forum_subforum_count":0,"site-sidebar-layout":"default","site-content-layout":"","ast-site-content-layout":"","site-content-style":"default","site-sidebar-style":"default","ast-global-header-display":"","ast-banner-title-visibility":"","ast-main-header-display":"","ast-hfb-above-header-display":"","ast-hfb-below-header-display":"","ast-hfb-mobile-header-display":"","site-post-title":"","ast-breadcrumbs-content":"","ast-featured-img":"","footer-sml-layout":"","theme-transparent-header-meta":"","adv-header-id-meta":"","stick-header-meta":"","header-above-stick-meta":"","header-main-stick-meta":"","header-below-stick-meta":"","astra-migrate-meta-layouts":"default","ast-page-background-enabled":"default","ast-page-background-meta":{"desktop":{"background-color":"var(--ast-global-color-4)","background-image":"","background-repeat":"repeat","background-position":"center center","background-size":"auto","background-attachment":"scroll","background-type":"","background-media":"","overlay-type":"","overlay-color":"","overlay-opacity":"","overlay-gradient":""},"tablet":{"background-color":"","background-image":"","background-repeat":"repeat","background-position":"center center","background-size":"auto","background-attachment":"scroll","background-type":"","background-media":"","overlay-type":"","overlay-color":"","overlay-opacity":"","overlay-gradient":""},"mobile":{"background-color":"","background-image":"","background-repeat":"repeat","background-position":"center center","background-size":"auto","background-attachment":"scroll","background-type":"","background-media":"","overlay-type":"","overlay-color":"","overlay-opacity":"","overlay-gradient":""}},"ast-content-background-meta":{"desktop":{"background-color":"var(--ast-global-color-5)","background-image":"","background-repeat":"repeat","background-position":"center center","background-size":"auto","background-attachment":"scroll","background-type":"","background-media":"","overlay-type":"","overlay-color":"","overlay-opacity":"","overlay-gradient":""},"tablet":{"background-color":"var(--ast-global-color-5)","background-image":"","background-repeat":"repeat","background-position":"center center","background-size":"auto","background-attachment":"scroll","background-type":"","background-media":"","overlay-type":"","overlay-color":"","overlay-opacity":"","overlay-gradient":""},"mobile":{"background-color":"var(--ast-global-color-5)","background-image":"","background-repeat":"repeat","background-position":"center center","background-size":"auto","background-attachment":"scroll","background-type":"","background-media":"","overlay-type":"","overlay-color":"","overlay-opacity":"","overlay-gradient":""}},"footnotes":""},"categories":[1,29],"tags":[250,163,1014],"class_list":["post-26601","post","type-post","status-publish","format-standard","has-post-thumbnail","hentry","category-general","category-portada","tag-ciencia","tag-educacio-infantil","tag-espai-ciencia-06"],"post_mailing_queue_ids":[],"_links":{"self":[{"href":"https:\/\/serveiseducatius.xtec.cat\/segria\/wp-json\/wp\/v2\/posts\/26601","targetHints":{"allow":["GET"]}}],"collection":[{"href":"https:\/\/serveiseducatius.xtec.cat\/segria\/wp-json\/wp\/v2\/posts"}],"about":[{"href":"https:\/\/serveiseducatius.xtec.cat\/segria\/wp-json\/wp\/v2\/types\/post"}],"author":[{"embeddable":true,"href":"https:\/\/serveiseducatius.xtec.cat\/segria\/wp-json\/wp\/v2\/users\/15"}],"replies":[{"embeddable":true,"href":"https:\/\/serveiseducatius.xtec.cat\/segria\/wp-json\/wp\/v2\/comments?post=26601"}],"version-history":[{"count":6,"href":"https:\/\/serveiseducatius.xtec.cat\/segria\/wp-json\/wp\/v2\/posts\/26601\/revisions"}],"predecessor-version":[{"id":26625,"href":"https:\/\/serveiseducatius.xtec.cat\/segria\/wp-json\/wp\/v2\/posts\/26601\/revisions\/26625"}],"wp:featuredmedia":[{"embeddable":true,"href":"https:\/\/serveiseducatius.xtec.cat\/segria\/wp-json\/wp\/v2\/media\/26602"}],"wp:attachment":[{"href":"https:\/\/serveiseducatius.xtec.cat\/segria\/wp-json\/wp\/v2\/media?parent=26601"}],"wp:term":[{"taxonomy":"category","embeddable":true,"href":"https:\/\/serveiseducatius.xtec.cat\/segria\/wp-json\/wp\/v2\/categories?post=26601"},{"taxonomy":"post_tag","embeddable":true,"href":"https:\/\/serveiseducatius.xtec.cat\/segria\/wp-json\/wp\/v2\/tags?post=26601"}],"curies":[{"name":"wp","href":"https:\/\/api.w.org\/{rel}","templated":true}]}}