{"id":25708,"date":"2025-07-10T10:34:35","date_gmt":"2025-07-10T08:34:35","guid":{"rendered":"https:\/\/serveiseducatius.xtec.cat\/segria\/?p=25708"},"modified":"2025-10-12T18:57:31","modified_gmt":"2025-10-12T16:57:31","slug":"sabers-de-la-competencia-digital-de-lalumnat-a-leducacio-basica","status":"publish","type":"post","link":"https:\/\/serveiseducatius.xtec.cat\/segria\/tac\/sabers-de-la-competencia-digital-de-lalumnat-a-leducacio-basica\/","title":{"rendered":"Sabers de la Compet\u00e8ncia Digital de l\u2019alumnat a l\u2019educaci\u00f3 b\u00e0sica"},"content":{"rendered":"\n<p>La Subdirecci\u00f3 General d\u2019Ordenaci\u00f3 Curricular acaba de publicar els <strong>sabers de la compet\u00e8ncia digital (CD) de l\u2019Educaci\u00f3 B\u00e0sica<\/strong>, una de les compet\u00e8ncies transversals. Trobareu el document en aquest <a href=\"https:\/\/projectes.xtec.cat\/nou-curriculum\/wp-content\/uploads\/usu2072\/2025\/07\/Sabers-CD_Educacio-basica.pdf\" target=\"_blank\" rel=\"noreferrer noopener\">enlla\u00e7<\/a>.<\/p>\n\n\n\n<p>Esperem que ajudin a programar i avaluar la CDA.<\/p>\n\n\n\n<figure class=\"wp-block-image size-full\"><a href=\"https:\/\/serveiseducatius.xtec.cat\/segria\/wp-content\/uploads\/usu679\/2025\/07\/sabers-CD-1024x626-1.jpg\"><img loading=\"lazy\" decoding=\"async\" width=\"1024\" height=\"626\" src=\"https:\/\/serveiseducatius.xtec.cat\/segria\/wp-content\/uploads\/usu679\/2025\/07\/sabers-CD-1024x626-1.jpg\" alt=\"\" class=\"wp-image-26295\" srcset=\"https:\/\/serveiseducatius.xtec.cat\/segria\/wp-content\/uploads\/usu679\/2025\/07\/sabers-CD-1024x626-1.jpg 1024w, https:\/\/serveiseducatius.xtec.cat\/segria\/wp-content\/uploads\/usu679\/2025\/07\/sabers-CD-1024x626-1-300x183.jpg 300w, https:\/\/serveiseducatius.xtec.cat\/segria\/wp-content\/uploads\/usu679\/2025\/07\/sabers-CD-1024x626-1-768x470.jpg 768w\" sizes=\"auto, (max-width: 1024px) 100vw, 1024px\" \/><\/a><\/figure>\n\n\n\n<p>Ja els trobareu incorporats als prototips de diari curricular tant de <a href=\"https:\/\/docs.google.com\/spreadsheets\/d\/1QgFrXNz_5N1NAAAwifMc_GCWytA3-HAh_GdVNtI_Yf0\/template\/preview?usp=drive_link\" target=\"_blank\" rel=\"noreferrer noopener\"><strong>prim\u00e0ria <\/strong><\/a>com de <a href=\"https:\/\/docs.google.com\/spreadsheets\/d\/1R1QiXe534tUvtZ0DdomLU3kNfdcTBNid9UGWXV0LbPM\/template\/preview?gid=162815295#gid=162815295\" target=\"_blank\" rel=\"noreferrer noopener\"><strong>secund\u00e0ria<\/strong><\/a><\/p>\n","protected":false},"excerpt":{"rendered":"<p>La Subdirecci\u00f3 General d\u2019Ordenaci\u00f3 Curricular acaba de publicar els sabers de la compet\u00e8ncia digital (CD) de l\u2019Educaci\u00f3 B\u00e0sica, una de les compet\u00e8ncies transversals. Trobareu el document en aquest enlla\u00e7. Esperem que ajudin a programar i avaluar la CDA. Ja els trobareu incorporats als prototips de diari curricular tant de prim\u00e0ria com de secund\u00e0ria<\/p>\n","protected":false},"author":5,"featured_media":25709,"comment_status":"closed","ping_status":"open","sticky":false,"template":"","format":"standard","meta":{"_bbp_topic_count":0,"_bbp_reply_count":0,"_bbp_total_topic_count":0,"_bbp_total_reply_count":0,"_bbp_voice_count":0,"_bbp_anonymous_reply_count":0,"_bbp_topic_count_hidden":0,"_bbp_reply_count_hidden":0,"_bbp_forum_subforum_count":0,"site-sidebar-layout":"default","site-content-layout":"","ast-site-content-layout":"","site-content-style":"default","site-sidebar-style":"default","ast-global-header-display":"","ast-banner-title-visibility":"","ast-main-header-display":"","ast-hfb-above-header-display":"","ast-hfb-below-header-display":"","ast-hfb-mobile-header-display":"","site-post-title":"","ast-breadcrumbs-content":"","ast-featured-img":"","footer-sml-layout":"","theme-transparent-header-meta":"","adv-header-id-meta":"","stick-header-meta":"","header-above-stick-meta":"","header-main-stick-meta":"","header-below-stick-meta":"","astra-migrate-meta-layouts":"default","ast-page-background-enabled":"default","ast-page-background-meta":{"desktop":{"background-color":"var(--ast-global-color-4)","background-image":"","background-repeat":"repeat","background-position":"center center","background-size":"auto","background-attachment":"scroll","background-type":"","background-media":"","overlay-type":"","overlay-color":"","overlay-opacity":"","overlay-gradient":""},"tablet":{"background-color":"","background-image":"","background-repeat":"repeat","background-position":"center center","background-size":"auto","background-attachment":"scroll","background-type":"","background-media":"","overlay-type":"","overlay-color":"","overlay-opacity":"","overlay-gradient":""},"mobile":{"background-color":"","background-image":"","background-repeat":"repeat","background-position":"center center","background-size":"auto","background-attachment":"scroll","background-type":"","background-media":"","overlay-type":"","overlay-color":"","overlay-opacity":"","overlay-gradient":""}},"ast-content-background-meta":{"desktop":{"background-color":"var(--ast-global-color-5)","background-image":"","background-repeat":"repeat","background-position":"center center","background-size":"auto","background-attachment":"scroll","background-type":"","background-media":"","overlay-type":"","overlay-color":"","overlay-opacity":"","overlay-gradient":""},"tablet":{"background-color":"var(--ast-global-color-5)","background-image":"","background-repeat":"repeat","background-position":"center center","background-size":"auto","background-attachment":"scroll","background-type":"","background-media":"","overlay-type":"","overlay-color":"","overlay-opacity":"","overlay-gradient":""},"mobile":{"background-color":"var(--ast-global-color-5)","background-image":"","background-repeat":"repeat","background-position":"center center","background-size":"auto","background-attachment":"scroll","background-type":"","background-media":"","overlay-type":"","overlay-color":"","overlay-opacity":"","overlay-gradient":""}},"footnotes":""},"categories":[304,78],"tags":[],"class_list":["post-25708","post","type-post","status-publish","format-standard","has-post-thumbnail","hentry","category-cultura-digital","category-tac"],"post_mailing_queue_ids":[],"_links":{"self":[{"href":"https:\/\/serveiseducatius.xtec.cat\/segria\/wp-json\/wp\/v2\/posts\/25708","targetHints":{"allow":["GET"]}}],"collection":[{"href":"https:\/\/serveiseducatius.xtec.cat\/segria\/wp-json\/wp\/v2\/posts"}],"about":[{"href":"https:\/\/serveiseducatius.xtec.cat\/segria\/wp-json\/wp\/v2\/types\/post"}],"author":[{"embeddable":true,"href":"https:\/\/serveiseducatius.xtec.cat\/segria\/wp-json\/wp\/v2\/users\/5"}],"replies":[{"embeddable":true,"href":"https:\/\/serveiseducatius.xtec.cat\/segria\/wp-json\/wp\/v2\/comments?post=25708"}],"version-history":[{"count":3,"href":"https:\/\/serveiseducatius.xtec.cat\/segria\/wp-json\/wp\/v2\/posts\/25708\/revisions"}],"predecessor-version":[{"id":26297,"href":"https:\/\/serveiseducatius.xtec.cat\/segria\/wp-json\/wp\/v2\/posts\/25708\/revisions\/26297"}],"wp:featuredmedia":[{"embeddable":true,"href":"https:\/\/serveiseducatius.xtec.cat\/segria\/wp-json\/wp\/v2\/media\/25709"}],"wp:attachment":[{"href":"https:\/\/serveiseducatius.xtec.cat\/segria\/wp-json\/wp\/v2\/media?parent=25708"}],"wp:term":[{"taxonomy":"category","embeddable":true,"href":"https:\/\/serveiseducatius.xtec.cat\/segria\/wp-json\/wp\/v2\/categories?post=25708"},{"taxonomy":"post_tag","embeddable":true,"href":"https:\/\/serveiseducatius.xtec.cat\/segria\/wp-json\/wp\/v2\/tags?post=25708"}],"curies":[{"name":"wp","href":"https:\/\/api.w.org\/{rel}","templated":true}]}}