{"id":25542,"date":"2025-06-02T13:48:11","date_gmt":"2025-06-02T11:48:11","guid":{"rendered":"https:\/\/serveiseducatius.xtec.cat\/segria\/?p=25542"},"modified":"2025-06-02T13:53:56","modified_gmt":"2025-06-02T11:53:56","slug":"programa-de-llengua-arab-lacm-curs-2025-2026","status":"publish","type":"post","link":"https:\/\/serveiseducatius.xtec.cat\/segria\/dinamitzacio\/plurilinguisme\/programa-de-llengua-arab-lacm-curs-2025-2026\/","title":{"rendered":"Programa de Llengua \u00e0rab ( LACM) curs 2025-2026"},"content":{"rendered":"\n<figure class=\"wp-block-image size-full is-resized\"><a href=\"https:\/\/serveiseducatius.xtec.cat\/segria\/wp-content\/uploads\/usu679\/2025\/06\/image-4-1.png\"><img loading=\"lazy\" decoding=\"async\" width=\"500\" height=\"500\" src=\"https:\/\/serveiseducatius.xtec.cat\/segria\/wp-content\/uploads\/usu679\/2025\/06\/image-4-1.png\" alt=\"\" class=\"wp-image-25543\" style=\"width:217px;height:auto\" srcset=\"https:\/\/serveiseducatius.xtec.cat\/segria\/wp-content\/uploads\/usu679\/2025\/06\/image-4-1.png 500w, https:\/\/serveiseducatius.xtec.cat\/segria\/wp-content\/uploads\/usu679\/2025\/06\/image-4-1-300x300.png 300w, https:\/\/serveiseducatius.xtec.cat\/segria\/wp-content\/uploads\/usu679\/2025\/06\/image-4-1-150x150.png 150w\" sizes=\"auto, (max-width: 500px) 100vw, 500px\" \/><\/a><\/figure>\n\n\n\n<p>El programa LACM s\u2019inscriu en el Programa Lleng\u00fces i Cultures d\u2019Origen del Departament d\u2019Educaci\u00f3 i Formaci\u00f3 Professional (<a href=\"https:\/\/dogc.gencat.cat\/ca\/pdogc_canals_interns\/pdogc_resultats_fitxa\/?action=fitxa&amp;mode=single&amp;documentId=835490&amp;language=ca_ES\" target=\"_blank\" rel=\"noreferrer noopener\">Resoluci\u00f3 ENS\/2754\/2018<\/a><a href=\"https:\/\/dogc.gencat.cat\/ca\/pdogc_canals_interns\/pdogc_resultats_fitxa\/?action=fitxa&amp;mode=single&amp;documentId=835490&amp;language=ca_ES\" target=\"_blank\" rel=\"noreferrer noopener\">,<\/a>&nbsp;de 20 de novembre)&nbsp;i t\u00e9 els objectius seg\u00fcents:<\/p>\n\n\n\n<ul class=\"wp-block-list\">\n<li>Afavorir l\u2019ensenyament de la llengua \u00e0rab i la cultura marroquina a l\u2019alumnat marroqu\u00ed, i d\u2019altres or\u00edgens que hi estigui interessat, escolaritzat en centres de prim\u00e0ria i secund\u00e0ria de Catalunya.<\/li>\n\n\n\n<li>Desenvolupar valors de toler\u00e0ncia i solidaritat per aconseguir la inclusi\u00f3 escolar i sociocultural de l\u2019alumnat d\u2019origen marroqu\u00ed a Catalunya.<\/li>\n\n\n\n<li>Proporcionar a l\u2019alumnat marroqu\u00ed una formaci\u00f3 que li permeti preservar la seva identitat i viure la seva cultura respectant la del pa\u00eds d\u2019acollida.<\/li>\n<\/ul>\n\n\n\n<p>El professorat que imparteix les classes \u00e9s professorat funcionari procedent del Marroc, seleccionat, nomenat i retribu\u00eft pel Ministeri d\u2019Educaci\u00f3 Nacional del Marroc, a trav\u00e9s de la Fundaci\u00f3 Hassan II.<\/p>\n\n\n\n<p>Portal de centres trobareu la informaci\u00f3&nbsp;i la documentaci\u00f3 per formalitzar la sol.licitud:&nbsp;&nbsp;<a href=\"https:\/\/espai.educacio.gencat.cat\/Centres\/Projectes-educatius\/LACM\/Pagines\/default.aspx\" target=\"_blank\" rel=\"noreferrer noopener\">Llengua \u00e0rab i cultura marroquina \u2013 Departament d\u2019Educaci\u00f3 (gencat.cat)<\/a>.<\/p>\n\n\n\n<p>Termini per la recepci\u00f3 de sol\u00b7licituds als Serveis Territorials: <strong>del 26 de maig al 27 de juny.<\/strong><\/p>\n\n\n\n<p><strong>Per m\u00e9s informaci\u00f3 contactar amb l\u2019ALIC<\/strong> del teu centre.<\/p>\n","protected":false},"excerpt":{"rendered":"<p>El programa LACM s\u2019inscriu en el Programa Lleng\u00fces i Cultures d\u2019Origen del Departament d\u2019Educaci\u00f3 i Formaci\u00f3 Professional (Resoluci\u00f3 ENS\/2754\/2018,&nbsp;de 20 de novembre)&nbsp;i t\u00e9 els objectius seg\u00fcents: El professorat que imparteix les classes \u00e9s professorat funcionari procedent del Marroc, seleccionat, nomenat i retribu\u00eft pel Ministeri d\u2019Educaci\u00f3 Nacional del Marroc, a trav\u00e9s de la Fundaci\u00f3 Hassan II. [&hellip;]<\/p>\n","protected":false},"author":5,"featured_media":0,"comment_status":"closed","ping_status":"open","sticky":false,"template":"","format":"standard","meta":{"_bbp_topic_count":0,"_bbp_reply_count":0,"_bbp_total_topic_count":0,"_bbp_total_reply_count":0,"_bbp_voice_count":0,"_bbp_anonymous_reply_count":0,"_bbp_topic_count_hidden":0,"_bbp_reply_count_hidden":0,"_bbp_forum_subforum_count":0,"site-sidebar-layout":"default","site-content-layout":"","ast-site-content-layout":"","site-content-style":"default","site-sidebar-style":"default","ast-global-header-display":"","ast-banner-title-visibility":"","ast-main-header-display":"","ast-hfb-above-header-display":"","ast-hfb-below-header-display":"","ast-hfb-mobile-header-display":"","site-post-title":"","ast-breadcrumbs-content":"","ast-featured-img":"","footer-sml-layout":"","theme-transparent-header-meta":"","adv-header-id-meta":"","stick-header-meta":"","header-above-stick-meta":"","header-main-stick-meta":"","header-below-stick-meta":"","astra-migrate-meta-layouts":"default","ast-page-background-enabled":"default","ast-page-background-meta":{"desktop":{"background-color":"var(--ast-global-color-4)","background-image":"","background-repeat":"repeat","background-position":"center center","background-size":"auto","background-attachment":"scroll","background-type":"","background-media":"","overlay-type":"","overlay-color":"","overlay-opacity":"","overlay-gradient":""},"tablet":{"background-color":"","background-image":"","background-repeat":"repeat","background-position":"center center","background-size":"auto","background-attachment":"scroll","background-type":"","background-media":"","overlay-type":"","overlay-color":"","overlay-opacity":"","overlay-gradient":""},"mobile":{"background-color":"","background-image":"","background-repeat":"repeat","background-position":"center center","background-size":"auto","background-attachment":"scroll","background-type":"","background-media":"","overlay-type":"","overlay-color":"","overlay-opacity":"","overlay-gradient":""}},"ast-content-background-meta":{"desktop":{"background-color":"var(--ast-global-color-5)","background-image":"","background-repeat":"repeat","background-position":"center center","background-size":"auto","background-attachment":"scroll","background-type":"","background-media":"","overlay-type":"","overlay-color":"","overlay-opacity":"","overlay-gradient":""},"tablet":{"background-color":"var(--ast-global-color-5)","background-image":"","background-repeat":"repeat","background-position":"center center","background-size":"auto","background-attachment":"scroll","background-type":"","background-media":"","overlay-type":"","overlay-color":"","overlay-opacity":"","overlay-gradient":""},"mobile":{"background-color":"var(--ast-global-color-5)","background-image":"","background-repeat":"repeat","background-position":"center center","background-size":"auto","background-attachment":"scroll","background-type":"","background-media":"","overlay-type":"","overlay-color":"","overlay-opacity":"","overlay-gradient":""}},"footnotes":""},"categories":[782],"tags":[999],"class_list":["post-25542","post","type-post","status-publish","format-standard","hentry","category-plurilinguisme","tag-arab"],"post_mailing_queue_ids":[],"_links":{"self":[{"href":"https:\/\/serveiseducatius.xtec.cat\/segria\/wp-json\/wp\/v2\/posts\/25542","targetHints":{"allow":["GET"]}}],"collection":[{"href":"https:\/\/serveiseducatius.xtec.cat\/segria\/wp-json\/wp\/v2\/posts"}],"about":[{"href":"https:\/\/serveiseducatius.xtec.cat\/segria\/wp-json\/wp\/v2\/types\/post"}],"author":[{"embeddable":true,"href":"https:\/\/serveiseducatius.xtec.cat\/segria\/wp-json\/wp\/v2\/users\/5"}],"replies":[{"embeddable":true,"href":"https:\/\/serveiseducatius.xtec.cat\/segria\/wp-json\/wp\/v2\/comments?post=25542"}],"version-history":[{"count":2,"href":"https:\/\/serveiseducatius.xtec.cat\/segria\/wp-json\/wp\/v2\/posts\/25542\/revisions"}],"predecessor-version":[{"id":25545,"href":"https:\/\/serveiseducatius.xtec.cat\/segria\/wp-json\/wp\/v2\/posts\/25542\/revisions\/25545"}],"wp:attachment":[{"href":"https:\/\/serveiseducatius.xtec.cat\/segria\/wp-json\/wp\/v2\/media?parent=25542"}],"wp:term":[{"taxonomy":"category","embeddable":true,"href":"https:\/\/serveiseducatius.xtec.cat\/segria\/wp-json\/wp\/v2\/categories?post=25542"},{"taxonomy":"post_tag","embeddable":true,"href":"https:\/\/serveiseducatius.xtec.cat\/segria\/wp-json\/wp\/v2\/tags?post=25542"}],"curies":[{"name":"wp","href":"https:\/\/api.w.org\/{rel}","templated":true}]}}