{"id":25406,"date":"2025-05-14T13:43:50","date_gmt":"2025-05-14T11:43:50","guid":{"rendered":"https:\/\/serveiseducatius.xtec.cat\/segria\/?p=25406"},"modified":"2025-05-15T13:47:32","modified_gmt":"2025-05-15T11:47:32","slug":"fundacio-barca-programa-gratuit-escola-sense-violencies","status":"publish","type":"post","link":"https:\/\/serveiseducatius.xtec.cat\/segria\/portada\/fundacio-barca-programa-gratuit-escola-sense-violencies\/","title":{"rendered":"Fundaci\u00f3 Bar\u00e7a: programa gratu\u00eft Escola Sense Viol\u00e8ncies"},"content":{"rendered":"\n<p>Des de la <strong>Fundaci\u00f3 Bar\u00e7a<\/strong><strong> informen que<\/strong> ja han <strong><u>obert<\/u><\/strong> les <strong><u>inscripcions<\/u><\/strong><strong> al<\/strong> <strong>Programa Escola Sense Viol\u00e8ncies<\/strong><strong> \u2013 Curs 2025-26<\/strong>.<\/p>\n\n\n\n<p><br>Un programa gratu\u00eft de <strong>prevenci\u00f3, detecci\u00f3 i intervenci\u00f3 davant les viol\u00e8ncies que poden afectar infants i adolescents<\/strong>, pensat per a <strong>escoles de prim\u00e0ria de tot Catalunya<\/strong>.<\/p>\n\n\n\n<figure class=\"wp-block-image size-full\"><a href=\"https:\/\/serveiseducatius.xtec.cat\/segria\/wp-content\/uploads\/usu679\/2025\/05\/Captura-de-pantalla-2025-05-15-133754.png\" rel=\"https:\/\/mcusercontent.com\/8844241c7044a748199cb40da\/files\/ce0cfb00-135a-f480-6321-b98850726c93\/CAT_Dossier_presentacio_programa_25_26.pdf\"><img loading=\"lazy\" decoding=\"async\" width=\"823\" height=\"465\" src=\"https:\/\/serveiseducatius.xtec.cat\/segria\/wp-content\/uploads\/usu679\/2025\/05\/Captura-de-pantalla-2025-05-15-133754.png\" alt=\"\" class=\"wp-image-25407\" srcset=\"https:\/\/serveiseducatius.xtec.cat\/segria\/wp-content\/uploads\/usu679\/2025\/05\/Captura-de-pantalla-2025-05-15-133754.png 823w, https:\/\/serveiseducatius.xtec.cat\/segria\/wp-content\/uploads\/usu679\/2025\/05\/Captura-de-pantalla-2025-05-15-133754-300x170.png 300w, https:\/\/serveiseducatius.xtec.cat\/segria\/wp-content\/uploads\/usu679\/2025\/05\/Captura-de-pantalla-2025-05-15-133754-768x434.png 768w\" sizes=\"auto, (max-width: 823px) 100vw, 823px\" \/><\/a><\/figure>\n\n\n\n<p><strong>PROGRAMA ESCOLA SENSE VIOL\u00c8NCIES<\/strong><\/p>\n\n\n\n<p><strong>3a edici\u00f3<\/strong> <strong>Qu\u00e8 s&#8217;ofereix a les escoles participants?<\/strong><\/p>\n\n\n\n<p><img decoding=\"async\" alt=\"\u2714\ufe0f\" src=\"https:\/\/fonts.gstatic.com\/s\/e\/notoemoji\/16.0\/2714_fe0f\/72.png\"> <strong>Gratu\u00eft per escoles de Catalunya.<\/strong><\/p>\n\n\n\n<p><img decoding=\"async\" alt=\"\u2714\ufe0f\" src=\"https:\/\/fonts.gstatic.com\/s\/e\/notoemoji\/16.0\/2714_fe0f\/72.png\"><strong>Formaci\u00f3 asincr\u00f2nica i flexible<\/strong> per a tot el personal docent i no docent (inclosos monitors\/es, PAS, etc.) a fi que tothom al voltant dels infants sigui un agent de protecci\u00f3 i promotor de la bona conviv\u00e8ncia.<\/p>\n\n\n\n<p><img decoding=\"async\" alt=\"\u2714\ufe0f\" src=\"https:\/\/fonts.gstatic.com\/s\/e\/notoemoji\/16.0\/2714_fe0f\/72.png\">Materials i sessions per <strong>tots els cursos de prim\u00e0ria<\/strong>, des de tutoria i Educaci\u00f3 F\u00edsica. Tamb\u00e9 es proposa c\u00e0psula complement\u00e0ria per Ed. Infantil.<\/p>\n\n\n\n<p><img decoding=\"async\" alt=\"\u2714\ufe0f\" src=\"https:\/\/fonts.gstatic.com\/s\/e\/notoemoji\/16.0\/2714_fe0f\/72.png\">Recursos espec\u00edfics per desplegar el rol del\/la <strong>Referent de Benestar (CoCoBe)<\/strong> i integrar el programa dins el Pla de Conviv\u00e8ncia.<\/p>\n\n\n\n<p><img decoding=\"async\" alt=\"\u2714\ufe0f\" src=\"https:\/\/fonts.gstatic.com\/s\/e\/notoemoji\/16.0\/2714_fe0f\/72.png\"><strong>Seguiment personalitzat<\/strong> a cada centre des de l\u2019Oficina T\u00e8cnica des d\u2019un campus virtual.<\/p>\n\n\n\n<p><img decoding=\"async\" src=\"https:\/\/fonts.gstatic.com\/s\/e\/notoemoji\/16.0\/2714_fe0f\/72.png\" alt=\"\u2714\ufe0f\"><strong>Impacte positiu en la conviv\u00e8ncia<\/strong><\/p>\n\n\n\n<p class=\"has-text-align-center has-large-font-size\"><a href=\"https:\/\/escolasenseviolencies.fundacio.fcbarcelona.cat\/intranet\/solicitud\"><strong>FORMULARI D&#8217;INSCRIPCI\u00d3<\/strong><\/a><\/p>\n\n\n\n<p><\/p>\n","protected":false},"excerpt":{"rendered":"<p>Des de la Fundaci\u00f3 Bar\u00e7a informen que ja han obert les inscripcions al Programa Escola Sense Viol\u00e8ncies \u2013 Curs 2025-26. Un programa gratu\u00eft de prevenci\u00f3, detecci\u00f3 i intervenci\u00f3 davant les viol\u00e8ncies que poden afectar infants i adolescents, pensat per a escoles de prim\u00e0ria de tot Catalunya. PROGRAMA ESCOLA SENSE VIOL\u00c8NCIES 3a edici\u00f3 Qu\u00e8 s&#8217;ofereix a [&hellip;]<\/p>\n","protected":false},"author":7,"featured_media":25408,"comment_status":"closed","ping_status":"open","sticky":false,"template":"","format":"standard","meta":{"_bbp_topic_count":0,"_bbp_reply_count":0,"_bbp_total_topic_count":0,"_bbp_total_reply_count":0,"_bbp_voice_count":0,"_bbp_anonymous_reply_count":0,"_bbp_topic_count_hidden":0,"_bbp_reply_count_hidden":0,"_bbp_forum_subforum_count":0,"site-sidebar-layout":"default","site-content-layout":"","ast-site-content-layout":"","site-content-style":"default","site-sidebar-style":"default","ast-global-header-display":"","ast-banner-title-visibility":"","ast-main-header-display":"","ast-hfb-above-header-display":"","ast-hfb-below-header-display":"","ast-hfb-mobile-header-display":"","site-post-title":"","ast-breadcrumbs-content":"","ast-featured-img":"","footer-sml-layout":"","theme-transparent-header-meta":"","adv-header-id-meta":"","stick-header-meta":"","header-above-stick-meta":"","header-main-stick-meta":"","header-below-stick-meta":"","astra-migrate-meta-layouts":"default","ast-page-background-enabled":"default","ast-page-background-meta":{"desktop":{"background-color":"var(--ast-global-color-4)","background-image":"","background-repeat":"repeat","background-position":"center center","background-size":"auto","background-attachment":"scroll","background-type":"","background-media":"","overlay-type":"","overlay-color":"","overlay-opacity":"","overlay-gradient":""},"tablet":{"background-color":"","background-image":"","background-repeat":"repeat","background-position":"center center","background-size":"auto","background-attachment":"scroll","background-type":"","background-media":"","overlay-type":"","overlay-color":"","overlay-opacity":"","overlay-gradient":""},"mobile":{"background-color":"","background-image":"","background-repeat":"repeat","background-position":"center center","background-size":"auto","background-attachment":"scroll","background-type":"","background-media":"","overlay-type":"","overlay-color":"","overlay-opacity":"","overlay-gradient":""}},"ast-content-background-meta":{"desktop":{"background-color":"var(--ast-global-color-5)","background-image":"","background-repeat":"repeat","background-position":"center center","background-size":"auto","background-attachment":"scroll","background-type":"","background-media":"","overlay-type":"","overlay-color":"","overlay-opacity":"","overlay-gradient":""},"tablet":{"background-color":"var(--ast-global-color-5)","background-image":"","background-repeat":"repeat","background-position":"center center","background-size":"auto","background-attachment":"scroll","background-type":"","background-media":"","overlay-type":"","overlay-color":"","overlay-opacity":"","overlay-gradient":""},"mobile":{"background-color":"var(--ast-global-color-5)","background-image":"","background-repeat":"repeat","background-position":"center center","background-size":"auto","background-attachment":"scroll","background-type":"","background-media":"","overlay-type":"","overlay-color":"","overlay-opacity":"","overlay-gradient":""}},"footnotes":""},"categories":[29],"tags":[],"class_list":["post-25406","post","type-post","status-publish","format-standard","has-post-thumbnail","hentry","category-portada"],"post_mailing_queue_ids":[],"_links":{"self":[{"href":"https:\/\/serveiseducatius.xtec.cat\/segria\/wp-json\/wp\/v2\/posts\/25406","targetHints":{"allow":["GET"]}}],"collection":[{"href":"https:\/\/serveiseducatius.xtec.cat\/segria\/wp-json\/wp\/v2\/posts"}],"about":[{"href":"https:\/\/serveiseducatius.xtec.cat\/segria\/wp-json\/wp\/v2\/types\/post"}],"author":[{"embeddable":true,"href":"https:\/\/serveiseducatius.xtec.cat\/segria\/wp-json\/wp\/v2\/users\/7"}],"replies":[{"embeddable":true,"href":"https:\/\/serveiseducatius.xtec.cat\/segria\/wp-json\/wp\/v2\/comments?post=25406"}],"version-history":[{"count":3,"href":"https:\/\/serveiseducatius.xtec.cat\/segria\/wp-json\/wp\/v2\/posts\/25406\/revisions"}],"predecessor-version":[{"id":25411,"href":"https:\/\/serveiseducatius.xtec.cat\/segria\/wp-json\/wp\/v2\/posts\/25406\/revisions\/25411"}],"wp:featuredmedia":[{"embeddable":true,"href":"https:\/\/serveiseducatius.xtec.cat\/segria\/wp-json\/wp\/v2\/media\/25408"}],"wp:attachment":[{"href":"https:\/\/serveiseducatius.xtec.cat\/segria\/wp-json\/wp\/v2\/media?parent=25406"}],"wp:term":[{"taxonomy":"category","embeddable":true,"href":"https:\/\/serveiseducatius.xtec.cat\/segria\/wp-json\/wp\/v2\/categories?post=25406"},{"taxonomy":"post_tag","embeddable":true,"href":"https:\/\/serveiseducatius.xtec.cat\/segria\/wp-json\/wp\/v2\/tags?post=25406"}],"curies":[{"name":"wp","href":"https:\/\/api.w.org\/{rel}","templated":true}]}}