{"id":25369,"date":"2025-05-14T16:39:48","date_gmt":"2025-05-14T14:39:48","guid":{"rendered":"https:\/\/serveiseducatius.xtec.cat\/segria\/?p=25369"},"modified":"2025-05-15T13:01:33","modified_gmt":"2025-05-15T11:01:33","slug":"presentacio-del-llibre-maleit-merengue-memories-dun-soldat-de-la-lleva-del-bibero","status":"publish","type":"post","link":"https:\/\/serveiseducatius.xtec.cat\/segria\/portada\/presentacio-del-llibre-maleit-merengue-memories-dun-soldat-de-la-lleva-del-bibero\/","title":{"rendered":"Presentaci\u00f3 del llibre &#8220;Male\u00eft Merengue. Mem\u00f2ries d&#8217;un soldat de la lleva del biber\u00f3&#8221;."},"content":{"rendered":"\n<p class=\"has-text-align-center\"><strong>DIA: 19 DE MAIG \/ HORA: 18:30 \/ LLOC: SALA DE JUNTES DE LA FEPTS<\/strong><\/p>\n\n\n\n<p><strong>Presentaci\u00f3 oberta a tota la comunitat docent de Lleida, especialment al professorat de Ci\u00e8ncies Socials de Secund\u00e0ria i Batxillerat<\/strong>, del llibre &#8220;Male\u00eft Merengue. Mem\u00f2ries d&#8217;un soldat de la lleva del biber\u00f3&#8221;. Aquest llibre, dirigit especialment a l\u2019alumnat de 16 a 18 anys, est\u00e0 basat en les mem\u00f2ries manuscrites del besavi de la Cl\u00e0udia P\u00e9rez \u00c0lvaro, alumna de l&#8217;Institut Ciutat de Balaguer i que, malauradament, ens ha deixat recentment. De fet, la presentaci\u00f3 ser\u00e0 un homenatge a la seva persona i al seu treball.<\/p>\n\n\n\n<p><strong>El llibre narra els horrors de la Guerra Civil en primera persona. Tots els centres educatius de la prov\u00edncia de Lleida en rebran un exemplar<\/strong>. El llibre cont\u00e9 una proposta did\u00e0ctica per treballar amb l\u2019alumnat, un glossari, fotoc\u00f2pies del manuscrit original i fotografies familiars.<\/p>\n\n\n\n<p>L\u2019octubre del 2022, la Cl\u00e0udia, amb els seus companys d\u2019institut, va visitar el Merengue, a Camarasa, un espai de la xarxa d\u2019espais del Memorial Democr\u00e0tic situat en un tur\u00f3 que l&#8217;ex\u00e8rcit franquista va utilitzar durant la primavera de 1938 en el front del Segre per situar-hi unes trinxeres de la Batalla del Segre de la Guerra Civil. La visita dramatitzada, a c\u00e0rrec de docents del Camp d\u2019Aprenentatge de la Noguera, li va suscitar preguntes sobre la seva pr\u00f2pia fam\u00edlia i al cap de poc temps, la mort del seu avi, fill d\u2019en Domingo, va precipitar la <strong>troballa del manuscrit<\/strong>, d\u2019unes 100 p\u00e0gines, amb alguns continguts perduts, escrit amb un llenguatge sincer i no normatiu, i amb la subjectivitat d\u2019una persona que reordena els seus records ja a la seixantena.<\/p>\n\n\n\n<p><strong>Les mem\u00f2ries d\u2019en Domingo abasten d\u00e8cades<\/strong>: com va sobreviure primer a la Guerra com a enlla\u00e7 en el cos de transmissions; l\u2019exili en un camp de concentraci\u00f3 a Fran\u00e7a; el retorn a Espanya i la repressi\u00f3 franquista sobre els ven\u00e7uts: passa per un nou camp de concentraci\u00f3, en aquest cas a Huelva, i posteriorment \u00e9s obligat a fer el servei militar, ja sota el govern del dictador, a Larraix (\u00c0frica). Els escrits acaben amb el seu retorn a casa i la duresa de la incorporaci\u00f3 a la vida civil d\u2019un noi que va combatre en el b\u00e0ndol lleial a la Rep\u00fablica i que es va mantenir fidel i coherent a les seves idees.<\/p>\n\n\n\n<figure class=\"wp-block-image size-large\"><a href=\"https:\/\/serveiseducatius.xtec.cat\/segria\/wp-content\/uploads\/usu679\/2025\/05\/IMG-20250507-WA0005.jpg\"><img loading=\"lazy\" decoding=\"async\" width=\"1024\" height=\"585\" src=\"https:\/\/serveiseducatius.xtec.cat\/segria\/wp-content\/uploads\/usu679\/2025\/05\/IMG-20250507-WA0005-1024x585.jpg\" alt=\"\" class=\"wp-image-25370\" srcset=\"https:\/\/serveiseducatius.xtec.cat\/segria\/wp-content\/uploads\/usu679\/2025\/05\/IMG-20250507-WA0005-1024x585.jpg 1024w, https:\/\/serveiseducatius.xtec.cat\/segria\/wp-content\/uploads\/usu679\/2025\/05\/IMG-20250507-WA0005-300x171.jpg 300w, https:\/\/serveiseducatius.xtec.cat\/segria\/wp-content\/uploads\/usu679\/2025\/05\/IMG-20250507-WA0005-768x439.jpg 768w, https:\/\/serveiseducatius.xtec.cat\/segria\/wp-content\/uploads\/usu679\/2025\/05\/IMG-20250507-WA0005.jpg 1050w\" sizes=\"auto, (max-width: 1024px) 100vw, 1024px\" \/><\/a><\/figure>\n","protected":false},"excerpt":{"rendered":"<p>DIA: 19 DE MAIG \/ HORA: 18:30 \/ LLOC: SALA DE JUNTES DE LA FEPTS Presentaci\u00f3 oberta a tota la comunitat docent de Lleida, especialment al professorat de Ci\u00e8ncies Socials de Secund\u00e0ria i Batxillerat, del llibre &#8220;Male\u00eft Merengue. Mem\u00f2ries d&#8217;un soldat de la lleva del biber\u00f3&#8221;. Aquest llibre, dirigit especialment a l\u2019alumnat de 16 a [&hellip;]<\/p>\n","protected":false},"author":7,"featured_media":25371,"comment_status":"closed","ping_status":"open","sticky":false,"template":"","format":"standard","meta":{"_bbp_topic_count":0,"_bbp_reply_count":0,"_bbp_total_topic_count":0,"_bbp_total_reply_count":0,"_bbp_voice_count":0,"_bbp_anonymous_reply_count":0,"_bbp_topic_count_hidden":0,"_bbp_reply_count_hidden":0,"_bbp_forum_subforum_count":0,"site-sidebar-layout":"default","site-content-layout":"","ast-site-content-layout":"","site-content-style":"default","site-sidebar-style":"default","ast-global-header-display":"","ast-banner-title-visibility":"","ast-main-header-display":"","ast-hfb-above-header-display":"","ast-hfb-below-header-display":"","ast-hfb-mobile-header-display":"","site-post-title":"","ast-breadcrumbs-content":"","ast-featured-img":"","footer-sml-layout":"","theme-transparent-header-meta":"","adv-header-id-meta":"","stick-header-meta":"","header-above-stick-meta":"","header-main-stick-meta":"","header-below-stick-meta":"","astra-migrate-meta-layouts":"default","ast-page-background-enabled":"default","ast-page-background-meta":{"desktop":{"background-color":"var(--ast-global-color-4)","background-image":"","background-repeat":"repeat","background-position":"center center","background-size":"auto","background-attachment":"scroll","background-type":"","background-media":"","overlay-type":"","overlay-color":"","overlay-opacity":"","overlay-gradient":""},"tablet":{"background-color":"","background-image":"","background-repeat":"repeat","background-position":"center center","background-size":"auto","background-attachment":"scroll","background-type":"","background-media":"","overlay-type":"","overlay-color":"","overlay-opacity":"","overlay-gradient":""},"mobile":{"background-color":"","background-image":"","background-repeat":"repeat","background-position":"center center","background-size":"auto","background-attachment":"scroll","background-type":"","background-media":"","overlay-type":"","overlay-color":"","overlay-opacity":"","overlay-gradient":""}},"ast-content-background-meta":{"desktop":{"background-color":"var(--ast-global-color-5)","background-image":"","background-repeat":"repeat","background-position":"center center","background-size":"auto","background-attachment":"scroll","background-type":"","background-media":"","overlay-type":"","overlay-color":"","overlay-opacity":"","overlay-gradient":""},"tablet":{"background-color":"var(--ast-global-color-5)","background-image":"","background-repeat":"repeat","background-position":"center center","background-size":"auto","background-attachment":"scroll","background-type":"","background-media":"","overlay-type":"","overlay-color":"","overlay-opacity":"","overlay-gradient":""},"mobile":{"background-color":"var(--ast-global-color-5)","background-image":"","background-repeat":"repeat","background-position":"center center","background-size":"auto","background-attachment":"scroll","background-type":"","background-media":"","overlay-type":"","overlay-color":"","overlay-opacity":"","overlay-gradient":""}},"footnotes":""},"categories":[29],"tags":[],"class_list":["post-25369","post","type-post","status-publish","format-standard","has-post-thumbnail","hentry","category-portada"],"post_mailing_queue_ids":[],"_links":{"self":[{"href":"https:\/\/serveiseducatius.xtec.cat\/segria\/wp-json\/wp\/v2\/posts\/25369","targetHints":{"allow":["GET"]}}],"collection":[{"href":"https:\/\/serveiseducatius.xtec.cat\/segria\/wp-json\/wp\/v2\/posts"}],"about":[{"href":"https:\/\/serveiseducatius.xtec.cat\/segria\/wp-json\/wp\/v2\/types\/post"}],"author":[{"embeddable":true,"href":"https:\/\/serveiseducatius.xtec.cat\/segria\/wp-json\/wp\/v2\/users\/7"}],"replies":[{"embeddable":true,"href":"https:\/\/serveiseducatius.xtec.cat\/segria\/wp-json\/wp\/v2\/comments?post=25369"}],"version-history":[{"count":5,"href":"https:\/\/serveiseducatius.xtec.cat\/segria\/wp-json\/wp\/v2\/posts\/25369\/revisions"}],"predecessor-version":[{"id":25376,"href":"https:\/\/serveiseducatius.xtec.cat\/segria\/wp-json\/wp\/v2\/posts\/25369\/revisions\/25376"}],"wp:featuredmedia":[{"embeddable":true,"href":"https:\/\/serveiseducatius.xtec.cat\/segria\/wp-json\/wp\/v2\/media\/25371"}],"wp:attachment":[{"href":"https:\/\/serveiseducatius.xtec.cat\/segria\/wp-json\/wp\/v2\/media?parent=25369"}],"wp:term":[{"taxonomy":"category","embeddable":true,"href":"https:\/\/serveiseducatius.xtec.cat\/segria\/wp-json\/wp\/v2\/categories?post=25369"},{"taxonomy":"post_tag","embeddable":true,"href":"https:\/\/serveiseducatius.xtec.cat\/segria\/wp-json\/wp\/v2\/tags?post=25369"}],"curies":[{"name":"wp","href":"https:\/\/api.w.org\/{rel}","templated":true}]}}