{"id":25230,"date":"2025-04-22T12:55:21","date_gmt":"2025-04-22T10:55:21","guid":{"rendered":"https:\/\/serveiseducatius.xtec.cat\/segria\/?p=25230"},"modified":"2025-04-22T12:56:16","modified_gmt":"2025-04-22T10:56:16","slug":"secundaria-rock-2025-rock-de-pellicula","status":"publish","type":"post","link":"https:\/\/serveiseducatius.xtec.cat\/segria\/portada\/secundaria-rock-2025-rock-de-pellicula\/","title":{"rendered":"Secund\u00e0ria Rock 2025: Rock de pel\u00b7l\u00edcula!"},"content":{"rendered":"\n<p>Sou tots convidats aquest dijous 24 d&#8217;abril a les 18 h al Caf\u00e8 del Teatre, a una nova edici\u00f3 de la mostra de m\u00fasica de bandes no estables de centres educatius de la comarca: Secund\u00e0ria Rock. Enguany el tema \u00e9s <em>M\u00fasica de Pel\u00b7l\u00edcula.<\/em><\/p>\n\n\n\n<figure class=\"wp-block-image size-large is-resized\"><a href=\"https:\/\/serveiseducatius.xtec.cat\/segria\/wp-content\/uploads\/usu679\/2025\/04\/cartell-2025_rock-de-pellicula-1.jpg\"><img loading=\"lazy\" decoding=\"async\" width=\"508\" height=\"1024\" src=\"https:\/\/serveiseducatius.xtec.cat\/segria\/wp-content\/uploads\/usu679\/2025\/04\/cartell-2025_rock-de-pellicula-1-508x1024.jpg\" alt=\"\" class=\"wp-image-25231\" style=\"width:342px;height:auto\" srcset=\"https:\/\/serveiseducatius.xtec.cat\/segria\/wp-content\/uploads\/usu679\/2025\/04\/cartell-2025_rock-de-pellicula-1-508x1024.jpg 508w, https:\/\/serveiseducatius.xtec.cat\/segria\/wp-content\/uploads\/usu679\/2025\/04\/cartell-2025_rock-de-pellicula-1-149x300.jpg 149w, https:\/\/serveiseducatius.xtec.cat\/segria\/wp-content\/uploads\/usu679\/2025\/04\/cartell-2025_rock-de-pellicula-1-768x1549.jpg 768w, https:\/\/serveiseducatius.xtec.cat\/segria\/wp-content\/uploads\/usu679\/2025\/04\/cartell-2025_rock-de-pellicula-1-761x1536.jpg 761w, https:\/\/serveiseducatius.xtec.cat\/segria\/wp-content\/uploads\/usu679\/2025\/04\/cartell-2025_rock-de-pellicula-1-1015x2048.jpg 1015w, https:\/\/serveiseducatius.xtec.cat\/segria\/wp-content\/uploads\/usu679\/2025\/04\/cartell-2025_rock-de-pellicula-1.jpg 1171w\" sizes=\"auto, (max-width: 508px) 100vw, 508px\" \/><\/a><\/figure>\n","protected":false},"excerpt":{"rendered":"<p>Sou tots convidats aquest dijous 24 d&#8217;abril a les 18 h al Caf\u00e8 del Teatre, a una nova edici\u00f3 de la mostra de m\u00fasica de bandes no estables de centres educatius de la comarca: Secund\u00e0ria Rock. Enguany el tema \u00e9s M\u00fasica de Pel\u00b7l\u00edcula.<\/p>\n","protected":false},"author":15,"featured_media":25231,"comment_status":"closed","ping_status":"open","sticky":false,"template":"","format":"standard","meta":{"_bbp_topic_count":0,"_bbp_reply_count":0,"_bbp_total_topic_count":0,"_bbp_total_reply_count":0,"_bbp_voice_count":0,"_bbp_anonymous_reply_count":0,"_bbp_topic_count_hidden":0,"_bbp_reply_count_hidden":0,"_bbp_forum_subforum_count":0,"site-sidebar-layout":"default","site-content-layout":"","ast-site-content-layout":"","site-content-style":"default","site-sidebar-style":"default","ast-global-header-display":"","ast-banner-title-visibility":"","ast-main-header-display":"","ast-hfb-above-header-display":"","ast-hfb-below-header-display":"","ast-hfb-mobile-header-display":"","site-post-title":"","ast-breadcrumbs-content":"","ast-featured-img":"","footer-sml-layout":"","theme-transparent-header-meta":"","adv-header-id-meta":"","stick-header-meta":"","header-above-stick-meta":"","header-main-stick-meta":"","header-below-stick-meta":"","astra-migrate-meta-layouts":"default","ast-page-background-enabled":"default","ast-page-background-meta":{"desktop":{"background-color":"var(--ast-global-color-4)","background-image":"","background-repeat":"repeat","background-position":"center center","background-size":"auto","background-attachment":"scroll","background-type":"","background-media":"","overlay-type":"","overlay-color":"","overlay-opacity":"","overlay-gradient":""},"tablet":{"background-color":"","background-image":"","background-repeat":"repeat","background-position":"center center","background-size":"auto","background-attachment":"scroll","background-type":"","background-media":"","overlay-type":"","overlay-color":"","overlay-opacity":"","overlay-gradient":""},"mobile":{"background-color":"","background-image":"","background-repeat":"repeat","background-position":"center center","background-size":"auto","background-attachment":"scroll","background-type":"","background-media":"","overlay-type":"","overlay-color":"","overlay-opacity":"","overlay-gradient":""}},"ast-content-background-meta":{"desktop":{"background-color":"var(--ast-global-color-5)","background-image":"","background-repeat":"repeat","background-position":"center center","background-size":"auto","background-attachment":"scroll","background-type":"","background-media":"","overlay-type":"","overlay-color":"","overlay-opacity":"","overlay-gradient":""},"tablet":{"background-color":"var(--ast-global-color-5)","background-image":"","background-repeat":"repeat","background-position":"center center","background-size":"auto","background-attachment":"scroll","background-type":"","background-media":"","overlay-type":"","overlay-color":"","overlay-opacity":"","overlay-gradient":""},"mobile":{"background-color":"var(--ast-global-color-5)","background-image":"","background-repeat":"repeat","background-position":"center center","background-size":"auto","background-attachment":"scroll","background-type":"","background-media":"","overlay-type":"","overlay-color":"","overlay-opacity":"","overlay-gradient":""}},"footnotes":""},"categories":[66,29],"tags":[527],"class_list":["post-25230","post","type-post","status-publish","format-standard","has-post-thumbnail","hentry","category-dinamitzacio","category-portada","tag-secundaria-rock"],"post_mailing_queue_ids":[],"_links":{"self":[{"href":"https:\/\/serveiseducatius.xtec.cat\/segria\/wp-json\/wp\/v2\/posts\/25230","targetHints":{"allow":["GET"]}}],"collection":[{"href":"https:\/\/serveiseducatius.xtec.cat\/segria\/wp-json\/wp\/v2\/posts"}],"about":[{"href":"https:\/\/serveiseducatius.xtec.cat\/segria\/wp-json\/wp\/v2\/types\/post"}],"author":[{"embeddable":true,"href":"https:\/\/serveiseducatius.xtec.cat\/segria\/wp-json\/wp\/v2\/users\/15"}],"replies":[{"embeddable":true,"href":"https:\/\/serveiseducatius.xtec.cat\/segria\/wp-json\/wp\/v2\/comments?post=25230"}],"version-history":[{"count":3,"href":"https:\/\/serveiseducatius.xtec.cat\/segria\/wp-json\/wp\/v2\/posts\/25230\/revisions"}],"predecessor-version":[{"id":25234,"href":"https:\/\/serveiseducatius.xtec.cat\/segria\/wp-json\/wp\/v2\/posts\/25230\/revisions\/25234"}],"wp:featuredmedia":[{"embeddable":true,"href":"https:\/\/serveiseducatius.xtec.cat\/segria\/wp-json\/wp\/v2\/media\/25231"}],"wp:attachment":[{"href":"https:\/\/serveiseducatius.xtec.cat\/segria\/wp-json\/wp\/v2\/media?parent=25230"}],"wp:term":[{"taxonomy":"category","embeddable":true,"href":"https:\/\/serveiseducatius.xtec.cat\/segria\/wp-json\/wp\/v2\/categories?post=25230"},{"taxonomy":"post_tag","embeddable":true,"href":"https:\/\/serveiseducatius.xtec.cat\/segria\/wp-json\/wp\/v2\/tags?post=25230"}],"curies":[{"name":"wp","href":"https:\/\/api.w.org\/{rel}","templated":true}]}}