{"id":25135,"date":"2025-04-03T12:24:10","date_gmt":"2025-04-03T10:24:10","guid":{"rendered":"https:\/\/serveiseducatius.xtec.cat\/segria\/?p=25135"},"modified":"2025-04-09T10:35:05","modified_gmt":"2025-04-09T08:35:05","slug":"3a-sortida-descobrim-el-segria-almenar","status":"publish","type":"post","link":"https:\/\/serveiseducatius.xtec.cat\/segria\/portada\/3a-sortida-descobrim-el-segria-almenar\/","title":{"rendered":"3a SORTIDA Descobrim el Segri\u00e0: Almenar"},"content":{"rendered":"\n<div class=\"wp-block-columns is-layout-flex wp-container-core-columns-is-layout-1 wp-block-columns-is-layout-flex\">\n<div class=\"wp-block-column is-layout-flow wp-block-column-is-layout-flow\" style=\"flex-basis:66.66%\"><\/div>\n\n\n\n<div class=\"wp-block-column is-layout-flow wp-block-column-is-layout-flow\" style=\"flex-basis:33.33%\">\n<p><\/p>\n<\/div>\n<\/div>\n\n\n\n<p><\/p>\n\n\n\n\n\n<p><strong><a href=\"https:\/\/serveiseducatius.xtec.cat\/segria\/wp-content\/uploads\/usu679\/2025\/04\/Cartell-Almenar-Descobrim-el-Segria.jpg\"><img loading=\"lazy\" decoding=\"async\" class=\" wp-image-25177 alignright\" src=\"https:\/\/serveiseducatius.xtec.cat\/segria\/wp-content\/uploads\/usu679\/2025\/04\/Cartell-Almenar-Descobrim-el-Segria-1024x724.jpg\" alt=\"\" width=\"623\" height=\"441\" srcset=\"https:\/\/serveiseducatius.xtec.cat\/segria\/wp-content\/uploads\/usu679\/2025\/04\/Cartell-Almenar-Descobrim-el-Segria-1024x724.jpg 1024w, https:\/\/serveiseducatius.xtec.cat\/segria\/wp-content\/uploads\/usu679\/2025\/04\/Cartell-Almenar-Descobrim-el-Segria-300x212.jpg 300w, https:\/\/serveiseducatius.xtec.cat\/segria\/wp-content\/uploads\/usu679\/2025\/04\/Cartell-Almenar-Descobrim-el-Segria-768x543.jpg 768w, https:\/\/serveiseducatius.xtec.cat\/segria\/wp-content\/uploads\/usu679\/2025\/04\/Cartell-Almenar-Descobrim-el-Segria-1536x1086.jpg 1536w, https:\/\/serveiseducatius.xtec.cat\/segria\/wp-content\/uploads\/usu679\/2025\/04\/Cartell-Almenar-Descobrim-el-Segria-2048x1448.jpg 2048w\" sizes=\"auto, (max-width: 623px) 100vw, 623px\" \/><\/a>Dissabte, 26 d&#8217;abril de 2025<\/strong><\/p>\n<p><strong>Punt de trobada: <\/strong>a la <strong><a href=\"https:\/\/www.google.com\/maps\/@41.7953045,0.5643261,3a,75y,322.84h,104.16t\/data=!3m7!1e1!3m5!1sb8AIxvUA1o0-eMRcl3SE0A!2e0!6shttps:%2F%2Fstreetviewpixels-pa.googleapis.com%2Fv1%2Fthumbnail%3Fcb_client%3Dmaps_sv.tactile%26w%3D900%26h%3D600%26pitch%3D-14.15610810680407%26panoid%3Db8AIxvUA1o0-eMRcl3SE0A%26yaw%3D322.83750955882977!7i13312!8i6656?hl=ca-ES&amp;entry=ttu&amp;g_ep=EgoyMDI1MDQwMi4xIKXMDSoJLDEwMjExNDU1SAFQAw%3D%3D\">Bassa i Dip\u00f2sits modernistes <\/a><\/strong>(inici del carrer F\u00e8lix de los R\u00edos) a les 9.30 h.<\/p>\n<ul>\n<li>Visita dels dip\u00f2sits d\u2019aigua modernistes, l\u2019antiga bassa, pati de la Dula i el portal del Pati.<\/li>\n<li>A continuaci\u00f3, les cases pairals dels carrers Major i del Sol\u00e0, la Mare de D\u00e9u del Sol\u00e0 i els porxos de la Carnisseria.<\/li>\n<li>Placeta de l\u2019Argolla, esgl\u00e9sia de Santa Maria, el fossar i l\u2019Ajuntament.<\/li>\n<li>Portal, pla\u00e7a i creu de terme del Soldevila. Antiga escola Clem\u00e8ncia Berdiell.<\/li>\n<li>Ermita de Sant Sebasti\u00e0.<\/li>\n<\/ul>\n<p><strong style=\"font-size: revert; color: initial;\">12:00 Descans<\/strong><\/p>\n<ul>\n<li>El mol\u00ed de farina. El paisatge i l\u2019ecosistema hist\u00f2ric de l\u2019Horta Vella i del Sot de la Noguera Ribagor\u00e7ana.<\/li>\n<\/ul>\n<p><strong>13:30 Fi de la visita prevista<\/strong><\/p>\n<p><strong>Guia i explicaci\u00f3:<\/strong> Merc\u00e8 Terr\u00e9, Josep Gallart, Joan-Ramon Gonz\u00e0lez, Josep Forns, Joan Ibars<\/p>\n<p><img loading=\"lazy\" decoding=\"async\" class=\"\" src=\"https:\/\/serveiseducatius.xtec.cat\/segria\/wp-content\/uploads\/usu679\/2022\/01\/1f517-1.png\" width=\"19\" height=\"19\" \/> \u00a0 <a href=\"https:\/\/drive.google.com\/file\/d\/16EMt58hGYYggwmf9-LtJv6e3YqCdCHWa\/view?usp=drive_link\" target=\"_blank\" rel=\"noopener\"><strong>Dossier de la sortida\u00a0<\/strong><\/a><\/p>\n<p><strong>Activitat del Pla de Formaci\u00f3 de Zona del Segri\u00e0:<\/strong>\u00a06091201609 Sortides Pedag\u00f2giques: Descobrim el Segri\u00e0<\/p>\n<p><a href=\"https:\/\/www.descobrimelsegria.cat\/\" target=\"_blank\" rel=\"noopener\"><img loading=\"lazy\" decoding=\"async\" class=\"alignnone size-full wp-image-19534\" src=\"https:\/\/serveiseducatius.xtec.cat\/segria\/wp-content\/uploads\/usu679\/2023\/03\/descobrim_segria_logo.png\" alt=\"\" width=\"302\" height=\"124\" srcset=\"https:\/\/serveiseducatius.xtec.cat\/segria\/wp-content\/uploads\/usu679\/2023\/03\/descobrim_segria_logo.png 302w, https:\/\/serveiseducatius.xtec.cat\/segria\/wp-content\/uploads\/usu679\/2023\/03\/descobrim_segria_logo-300x124.png 300w\" sizes=\"auto, (max-width: 302px) 100vw, 302px\" \/><\/a><\/p>\n","protected":false},"excerpt":{"rendered":"<p>Dissabte, 26 d&#8217;abril de 2025 Punt de trobada: a la Bassa i Dip\u00f2sits modernistes (inici del carrer F\u00e8lix de los R\u00edos) a les 9.30 h. Visita dels dip\u00f2sits d\u2019aigua modernistes, l\u2019antiga bassa, pati de la Dula i el portal del Pati. A continuaci\u00f3, les cases pairals dels carrers Major i del Sol\u00e0, la Mare de [&hellip;]<\/p>\n","protected":false},"author":5,"featured_media":25177,"comment_status":"closed","ping_status":"open","sticky":false,"template":"","format":"standard","meta":{"_bbp_topic_count":0,"_bbp_reply_count":0,"_bbp_total_topic_count":0,"_bbp_total_reply_count":0,"_bbp_voice_count":0,"_bbp_anonymous_reply_count":0,"_bbp_topic_count_hidden":0,"_bbp_reply_count_hidden":0,"_bbp_forum_subforum_count":0,"site-sidebar-layout":"default","site-content-layout":"","ast-site-content-layout":"","site-content-style":"default","site-sidebar-style":"default","ast-global-header-display":"","ast-banner-title-visibility":"","ast-main-header-display":"","ast-hfb-above-header-display":"","ast-hfb-below-header-display":"","ast-hfb-mobile-header-display":"","site-post-title":"","ast-breadcrumbs-content":"","ast-featured-img":"","footer-sml-layout":"","theme-transparent-header-meta":"","adv-header-id-meta":"","stick-header-meta":"","header-above-stick-meta":"","header-main-stick-meta":"","header-below-stick-meta":"","astra-migrate-meta-layouts":"default","ast-page-background-enabled":"default","ast-page-background-meta":{"desktop":{"background-color":"var(--ast-global-color-4)","background-image":"","background-repeat":"repeat","background-position":"center center","background-size":"auto","background-attachment":"scroll","background-type":"","background-media":"","overlay-type":"","overlay-color":"","overlay-opacity":"","overlay-gradient":""},"tablet":{"background-color":"","background-image":"","background-repeat":"repeat","background-position":"center center","background-size":"auto","background-attachment":"scroll","background-type":"","background-media":"","overlay-type":"","overlay-color":"","overlay-opacity":"","overlay-gradient":""},"mobile":{"background-color":"","background-image":"","background-repeat":"repeat","background-position":"center center","background-size":"auto","background-attachment":"scroll","background-type":"","background-media":"","overlay-type":"","overlay-color":"","overlay-opacity":"","overlay-gradient":""}},"ast-content-background-meta":{"desktop":{"background-color":"var(--ast-global-color-5)","background-image":"","background-repeat":"repeat","background-position":"center center","background-size":"auto","background-attachment":"scroll","background-type":"","background-media":"","overlay-type":"","overlay-color":"","overlay-opacity":"","overlay-gradient":""},"tablet":{"background-color":"var(--ast-global-color-5)","background-image":"","background-repeat":"repeat","background-position":"center center","background-size":"auto","background-attachment":"scroll","background-type":"","background-media":"","overlay-type":"","overlay-color":"","overlay-opacity":"","overlay-gradient":""},"mobile":{"background-color":"var(--ast-global-color-5)","background-image":"","background-repeat":"repeat","background-position":"center center","background-size":"auto","background-attachment":"scroll","background-type":"","background-media":"","overlay-type":"","overlay-color":"","overlay-opacity":"","overlay-gradient":""}},"footnotes":""},"categories":[29,319],"tags":[982,914,794,398],"class_list":["post-25135","post","type-post","status-publish","format-standard","has-post-thumbnail","hentry","category-portada","category-xarxes","tag-almenar","tag-curs-2024-2025","tag-descobrim-el-segria","tag-pla-de-formacio-de-zona"],"post_mailing_queue_ids":[],"_links":{"self":[{"href":"https:\/\/serveiseducatius.xtec.cat\/segria\/wp-json\/wp\/v2\/posts\/25135","targetHints":{"allow":["GET"]}}],"collection":[{"href":"https:\/\/serveiseducatius.xtec.cat\/segria\/wp-json\/wp\/v2\/posts"}],"about":[{"href":"https:\/\/serveiseducatius.xtec.cat\/segria\/wp-json\/wp\/v2\/types\/post"}],"author":[{"embeddable":true,"href":"https:\/\/serveiseducatius.xtec.cat\/segria\/wp-json\/wp\/v2\/users\/5"}],"replies":[{"embeddable":true,"href":"https:\/\/serveiseducatius.xtec.cat\/segria\/wp-json\/wp\/v2\/comments?post=25135"}],"version-history":[{"count":5,"href":"https:\/\/serveiseducatius.xtec.cat\/segria\/wp-json\/wp\/v2\/posts\/25135\/revisions"}],"predecessor-version":[{"id":25181,"href":"https:\/\/serveiseducatius.xtec.cat\/segria\/wp-json\/wp\/v2\/posts\/25135\/revisions\/25181"}],"wp:featuredmedia":[{"embeddable":true,"href":"https:\/\/serveiseducatius.xtec.cat\/segria\/wp-json\/wp\/v2\/media\/25177"}],"wp:attachment":[{"href":"https:\/\/serveiseducatius.xtec.cat\/segria\/wp-json\/wp\/v2\/media?parent=25135"}],"wp:term":[{"taxonomy":"category","embeddable":true,"href":"https:\/\/serveiseducatius.xtec.cat\/segria\/wp-json\/wp\/v2\/categories?post=25135"},{"taxonomy":"post_tag","embeddable":true,"href":"https:\/\/serveiseducatius.xtec.cat\/segria\/wp-json\/wp\/v2\/tags?post=25135"}],"curies":[{"name":"wp","href":"https:\/\/api.w.org\/{rel}","templated":true}]}}