{"id":24813,"date":"2025-02-14T09:11:00","date_gmt":"2025-02-14T08:11:00","guid":{"rendered":"https:\/\/serveiseducatius.xtec.cat\/segria\/?p=24813"},"modified":"2025-02-14T11:20:50","modified_gmt":"2025-02-14T10:20:50","slug":"sunyer-i-alcano-descobrim-el-segria","status":"publish","type":"post","link":"https:\/\/serveiseducatius.xtec.cat\/segria\/general\/sunyer-i-alcano-descobrim-el-segria\/","title":{"rendered":"Alcan\u00f3 i Sunyer &#8211; DESCOBRIM EL SEGRI\u00c0"},"content":{"rendered":"\n<p><\/p>\n\n\n\n\n<h3 style=\"text-align: center;\">2a SORTIDA PEDAG\u00d2GICA DESCOBRIM EL SEGRI\u00c0 CURS 2024-25<\/h3>\n<p style=\"text-align: left;\"><strong>Dissabte, 22 de febrer de 2025<\/strong><\/p>\n<p><strong>Punt de trobada: <\/strong>Davant de <a href=\"https:\/\/www.google.com\/maps\/place\/Esgl%C3%A9sia+de+Sant+Pere\/@41.4811,0.61735,17z\/data=!3m1!4b1!4m6!3m5!1s0x12a6d88a43125c4d:0x3bb2a9c5159e12b2!8m2!3d41.4811!4d0.61735!16s%2Fg%2F11g69hd1ms?entry=ttu&amp;g_ep=EgoyMDI1MDIwNS4xIKXMDSoASAFQAw%3D%3D\" target=\"_blank\" rel=\"noopener\">l&#8217;Esgl\u00e9sia d&#8217;Alcan\u00f3<\/a> a les 9.30 h<a href=\"https:\/\/serveiseducatius.xtec.cat\/segria\/wp-content\/uploads\/usu679\/2025\/02\/IMG_0229.jpeg\"><img loading=\"lazy\" decoding=\"async\" class=\" wp-image-24899 alignright\" src=\"https:\/\/serveiseducatius.xtec.cat\/segria\/wp-content\/uploads\/usu679\/2025\/02\/IMG_0229-1024x724.jpeg\" alt=\"\" width=\"562\" height=\"398\" srcset=\"https:\/\/serveiseducatius.xtec.cat\/segria\/wp-content\/uploads\/usu679\/2025\/02\/IMG_0229-1024x724.jpeg 1024w, https:\/\/serveiseducatius.xtec.cat\/segria\/wp-content\/uploads\/usu679\/2025\/02\/IMG_0229-300x212.jpeg 300w, https:\/\/serveiseducatius.xtec.cat\/segria\/wp-content\/uploads\/usu679\/2025\/02\/IMG_0229-768x543.jpeg 768w, https:\/\/serveiseducatius.xtec.cat\/segria\/wp-content\/uploads\/usu679\/2025\/02\/IMG_0229-1536x1087.jpeg 1536w, https:\/\/serveiseducatius.xtec.cat\/segria\/wp-content\/uploads\/usu679\/2025\/02\/IMG_0229.jpeg 2000w\" sizes=\"auto, (max-width: 562px) 100vw, 562px\" \/><\/a><\/p>\n<p><span style=\"font-weight: 400;\">10.00 h\u00a0 Inici de la visita de l\u2019Esgl\u00e9sia Parroquial de Sant Pere d&#8217;Alcan\u00f3<\/span><\/p>\n<p><span style=\"font-weight: 400;\">10.45 h\u00a0 Visita del Castell<\/span><\/p>\n<p><span style=\"font-weight: 400;\">11.00 h Visita del Pou Sarra\u00ed<\/span><\/p>\n<p><span style=\"font-weight: 400;\">11.20 h Arribada a Sunyer i visita de les basses del poble<\/span><\/p>\n<p><span style=\"font-weight: 400;\">11.40 h Visita de l\u2019Esgl\u00e9sia de la Nativitat de Maria<\/span><\/p>\n<p><span style=\"font-weight: 400;\">12.15 h Pujada al castell i als refugis de la guerra civil<\/span><\/p>\n<p><span style=\"font-weight: 400;\">13.00 h Visita a l\u2019Ermita de Santa Ll\u00facia\u00a0<\/span><\/p>\n<p><img loading=\"lazy\" decoding=\"async\" class=\"\" src=\"https:\/\/serveiseducatius.xtec.cat\/segria\/wp-content\/uploads\/usu679\/2022\/01\/1f517-1.png\" width=\"19\" height=\"19\" \/> \u00a0 <a href=\"https:\/\/drive.google.com\/file\/d\/1VX5f4q-6E4mlB_E7qAeKlzzfK8q5FH_j\/view?usp=drive_link\" target=\"_blank\" rel=\"noopener\"><strong>Dossier de la sortida<\/strong><\/a><\/p>\n<p><strong>Activitat del Pla de Formaci\u00f3 de Zona del Segri\u00e0:<\/strong>\u00a06091201609 Sortides Pedag\u00f2giques: Descobrim el Segri\u00e0<\/p>\n<p><a href=\"https:\/\/www.descobrimelsegria.cat\/\" target=\"_blank\" rel=\"noopener\"><img loading=\"lazy\" decoding=\"async\" class=\"alignnone size-full wp-image-19534\" src=\"https:\/\/serveiseducatius.xtec.cat\/segria\/wp-content\/uploads\/usu679\/2023\/03\/descobrim_segria_logo.png\" alt=\"\" width=\"302\" height=\"124\" srcset=\"https:\/\/serveiseducatius.xtec.cat\/segria\/wp-content\/uploads\/usu679\/2023\/03\/descobrim_segria_logo.png 302w, https:\/\/serveiseducatius.xtec.cat\/segria\/wp-content\/uploads\/usu679\/2023\/03\/descobrim_segria_logo-300x124.png 300w\" sizes=\"auto, (max-width: 302px) 100vw, 302px\" \/><\/a><\/p>\n\n\n\n\n<p><\/p>\n","protected":false},"excerpt":{"rendered":"<p>2a SORTIDA PEDAG\u00d2GICA DESCOBRIM EL SEGRI\u00c0 CURS 2024-25 Dissabte, 22 de febrer de 2025 Punt de trobada: Davant de l&#8217;Esgl\u00e9sia d&#8217;Alcan\u00f3 a les 9.30 h 10.00 h\u00a0 Inici de la visita de l\u2019Esgl\u00e9sia Parroquial de Sant Pere d&#8217;Alcan\u00f3 10.45 h\u00a0 Visita del Castell 11.00 h Visita del Pou Sarra\u00ed 11.20 h Arribada a Sunyer i [&hellip;]<\/p>\n","protected":false},"author":16,"featured_media":24899,"comment_status":"closed","ping_status":"open","sticky":false,"template":"","format":"standard","meta":{"_bbp_topic_count":0,"_bbp_reply_count":0,"_bbp_total_topic_count":0,"_bbp_total_reply_count":0,"_bbp_voice_count":0,"_bbp_anonymous_reply_count":0,"_bbp_topic_count_hidden":0,"_bbp_reply_count_hidden":0,"_bbp_forum_subforum_count":0,"site-sidebar-layout":"default","site-content-layout":"","ast-site-content-layout":"","site-content-style":"default","site-sidebar-style":"default","ast-global-header-display":"","ast-banner-title-visibility":"","ast-main-header-display":"","ast-hfb-above-header-display":"","ast-hfb-below-header-display":"","ast-hfb-mobile-header-display":"","site-post-title":"","ast-breadcrumbs-content":"","ast-featured-img":"","footer-sml-layout":"","theme-transparent-header-meta":"","adv-header-id-meta":"","stick-header-meta":"","header-above-stick-meta":"","header-main-stick-meta":"","header-below-stick-meta":"","astra-migrate-meta-layouts":"default","ast-page-background-enabled":"default","ast-page-background-meta":{"desktop":{"background-color":"var(--ast-global-color-4)","background-image":"","background-repeat":"repeat","background-position":"center center","background-size":"auto","background-attachment":"scroll","background-type":"","background-media":"","overlay-type":"","overlay-color":"","overlay-opacity":"","overlay-gradient":""},"tablet":{"background-color":"","background-image":"","background-repeat":"repeat","background-position":"center center","background-size":"auto","background-attachment":"scroll","background-type":"","background-media":"","overlay-type":"","overlay-color":"","overlay-opacity":"","overlay-gradient":""},"mobile":{"background-color":"","background-image":"","background-repeat":"repeat","background-position":"center center","background-size":"auto","background-attachment":"scroll","background-type":"","background-media":"","overlay-type":"","overlay-color":"","overlay-opacity":"","overlay-gradient":""}},"ast-content-background-meta":{"desktop":{"background-color":"var(--ast-global-color-5)","background-image":"","background-repeat":"repeat","background-position":"center center","background-size":"auto","background-attachment":"scroll","background-type":"","background-media":"","overlay-type":"","overlay-color":"","overlay-opacity":"","overlay-gradient":""},"tablet":{"background-color":"var(--ast-global-color-5)","background-image":"","background-repeat":"repeat","background-position":"center center","background-size":"auto","background-attachment":"scroll","background-type":"","background-media":"","overlay-type":"","overlay-color":"","overlay-opacity":"","overlay-gradient":""},"mobile":{"background-color":"var(--ast-global-color-5)","background-image":"","background-repeat":"repeat","background-position":"center center","background-size":"auto","background-attachment":"scroll","background-type":"","background-media":"","overlay-type":"","overlay-color":"","overlay-opacity":"","overlay-gradient":""}},"footnotes":""},"categories":[65,154,1,156,153,29],"tags":[975,914,794,398,976],"class_list":["post-24813","post","type-post","status-publish","format-standard","has-post-thumbnail","hentry","category-crp","category-formacio","category-general","category-materials-de-formacio","category-pfz-segria","category-portada","tag-alcano-2","tag-curs-2024-2025","tag-descobrim-el-segria","tag-pla-de-formacio-de-zona","tag-sunyer"],"post_mailing_queue_ids":[],"_links":{"self":[{"href":"https:\/\/serveiseducatius.xtec.cat\/segria\/wp-json\/wp\/v2\/posts\/24813","targetHints":{"allow":["GET"]}}],"collection":[{"href":"https:\/\/serveiseducatius.xtec.cat\/segria\/wp-json\/wp\/v2\/posts"}],"about":[{"href":"https:\/\/serveiseducatius.xtec.cat\/segria\/wp-json\/wp\/v2\/types\/post"}],"author":[{"embeddable":true,"href":"https:\/\/serveiseducatius.xtec.cat\/segria\/wp-json\/wp\/v2\/users\/16"}],"replies":[{"embeddable":true,"href":"https:\/\/serveiseducatius.xtec.cat\/segria\/wp-json\/wp\/v2\/comments?post=24813"}],"version-history":[{"count":6,"href":"https:\/\/serveiseducatius.xtec.cat\/segria\/wp-json\/wp\/v2\/posts\/24813\/revisions"}],"predecessor-version":[{"id":24906,"href":"https:\/\/serveiseducatius.xtec.cat\/segria\/wp-json\/wp\/v2\/posts\/24813\/revisions\/24906"}],"wp:featuredmedia":[{"embeddable":true,"href":"https:\/\/serveiseducatius.xtec.cat\/segria\/wp-json\/wp\/v2\/media\/24899"}],"wp:attachment":[{"href":"https:\/\/serveiseducatius.xtec.cat\/segria\/wp-json\/wp\/v2\/media?parent=24813"}],"wp:term":[{"taxonomy":"category","embeddable":true,"href":"https:\/\/serveiseducatius.xtec.cat\/segria\/wp-json\/wp\/v2\/categories?post=24813"},{"taxonomy":"post_tag","embeddable":true,"href":"https:\/\/serveiseducatius.xtec.cat\/segria\/wp-json\/wp\/v2\/tags?post=24813"}],"curies":[{"name":"wp","href":"https:\/\/api.w.org\/{rel}","templated":true}]}}