{"id":23722,"date":"2024-10-28T11:59:17","date_gmt":"2024-10-28T10:59:17","guid":{"rendered":"https:\/\/serveiseducatius.xtec.cat\/segria\/?p=23722"},"modified":"2024-10-28T12:01:58","modified_gmt":"2024-10-28T11:01:58","slug":"viure-la-dislexia-a-casa-i-a-lescola","status":"publish","type":"post","link":"https:\/\/serveiseducatius.xtec.cat\/segria\/general\/viure-la-dislexia-a-casa-i-a-lescola\/","title":{"rendered":"Viure la Disl\u00e8xia a casa i a l&#8217;escola"},"content":{"rendered":"<h3 style=\"text-align: center;\"><a href=\"https:\/\/www.acd.cat\/jornada\/pages\/programa.php\" target=\"_blank\" rel=\"noopener\">+ informaci\u00f3 i inscripci\u00f3<\/a><a href=\"https:\/\/serveiseducatius.xtec.cat\/segria\/wp-content\/uploads\/usu679\/2024\/10\/LLETRAFERIT-octubre.pptx-2_page-0001.jpg\"><img loading=\"lazy\" decoding=\"async\" class=\"size-large wp-image-23723 aligncenter\" src=\"https:\/\/serveiseducatius.xtec.cat\/segria\/wp-content\/uploads\/usu679\/2024\/10\/LLETRAFERIT-octubre.pptx-2_page-0001-769x1024.jpg\" alt=\"\" width=\"769\" height=\"1024\" srcset=\"https:\/\/serveiseducatius.xtec.cat\/segria\/wp-content\/uploads\/usu679\/2024\/10\/LLETRAFERIT-octubre.pptx-2_page-0001-769x1024.jpg 769w, https:\/\/serveiseducatius.xtec.cat\/segria\/wp-content\/uploads\/usu679\/2024\/10\/LLETRAFERIT-octubre.pptx-2_page-0001-225x300.jpg 225w, https:\/\/serveiseducatius.xtec.cat\/segria\/wp-content\/uploads\/usu679\/2024\/10\/LLETRAFERIT-octubre.pptx-2_page-0001-768x1023.jpg 768w, https:\/\/serveiseducatius.xtec.cat\/segria\/wp-content\/uploads\/usu679\/2024\/10\/LLETRAFERIT-octubre.pptx-2_page-0001.jpg 886w\" sizes=\"auto, (max-width: 769px) 100vw, 769px\" \/><\/a><\/h3>\n<p style=\"text-align: center;\">Activitat reconeguda pel Pla de Formaci\u00f3 de Zona del Segri\u00e0<\/p>\n<p>&nbsp;<\/p>\n<p>&nbsp;<\/p>\n<p>&nbsp;<\/p>\n<p>&nbsp;<\/p>\n<p>&nbsp;<\/p>\n<p>&nbsp;<\/p>\n<p>&nbsp;<\/p>\n<p>&nbsp;<\/p>\n<p>&nbsp;<\/p>\n<p>&nbsp;<\/p>\n<p>&nbsp;<\/p>\n<p>&nbsp;<\/p>\n<p>&nbsp;<\/p>\n<p>&nbsp;<\/p>\n<p>&nbsp;<\/p>\n<p>&nbsp;<\/p>\n<p>&nbsp;<\/p>\n<p style=\"text-align: center;\">\n","protected":false},"excerpt":{"rendered":"<p>+ informaci\u00f3 i inscripci\u00f3 Activitat reconeguda pel Pla de Formaci\u00f3 de Zona del Segri\u00e0 &nbsp; &nbsp; &nbsp; &nbsp; &nbsp; &nbsp; &nbsp; &nbsp; &nbsp; &nbsp; &nbsp; &nbsp; &nbsp; &nbsp; &nbsp; &nbsp; &nbsp;<\/p>\n","protected":false},"author":16,"featured_media":23724,"comment_status":"closed","ping_status":"closed","sticky":false,"template":"","format":"standard","meta":{"_bbp_topic_count":0,"_bbp_reply_count":0,"_bbp_total_topic_count":0,"_bbp_total_reply_count":0,"_bbp_voice_count":0,"_bbp_anonymous_reply_count":0,"_bbp_topic_count_hidden":0,"_bbp_reply_count_hidden":0,"_bbp_forum_subforum_count":0,"site-sidebar-layout":"default","site-content-layout":"","ast-site-content-layout":"","site-content-style":"default","site-sidebar-style":"default","ast-global-header-display":"","ast-banner-title-visibility":"","ast-main-header-display":"","ast-hfb-above-header-display":"","ast-hfb-below-header-display":"","ast-hfb-mobile-header-display":"","site-post-title":"","ast-breadcrumbs-content":"","ast-featured-img":"","footer-sml-layout":"","theme-transparent-header-meta":"","adv-header-id-meta":"","stick-header-meta":"","header-above-stick-meta":"","header-main-stick-meta":"","header-below-stick-meta":"","astra-migrate-meta-layouts":"default","ast-page-background-enabled":"default","ast-page-background-meta":{"desktop":{"background-color":"var(--ast-global-color-4)","background-image":"","background-repeat":"repeat","background-position":"center center","background-size":"auto","background-attachment":"scroll","background-type":"","background-media":"","overlay-type":"","overlay-color":"","overlay-opacity":"","overlay-gradient":""},"tablet":{"background-color":"","background-image":"","background-repeat":"repeat","background-position":"center center","background-size":"auto","background-attachment":"scroll","background-type":"","background-media":"","overlay-type":"","overlay-color":"","overlay-opacity":"","overlay-gradient":""},"mobile":{"background-color":"","background-image":"","background-repeat":"repeat","background-position":"center center","background-size":"auto","background-attachment":"scroll","background-type":"","background-media":"","overlay-type":"","overlay-color":"","overlay-opacity":"","overlay-gradient":""}},"ast-content-background-meta":{"desktop":{"background-color":"var(--ast-global-color-5)","background-image":"","background-repeat":"repeat","background-position":"center center","background-size":"auto","background-attachment":"scroll","background-type":"","background-media":"","overlay-type":"","overlay-color":"","overlay-opacity":"","overlay-gradient":""},"tablet":{"background-color":"var(--ast-global-color-5)","background-image":"","background-repeat":"repeat","background-position":"center center","background-size":"auto","background-attachment":"scroll","background-type":"","background-media":"","overlay-type":"","overlay-color":"","overlay-opacity":"","overlay-gradient":""},"mobile":{"background-color":"var(--ast-global-color-5)","background-image":"","background-repeat":"repeat","background-position":"center center","background-size":"auto","background-attachment":"scroll","background-type":"","background-media":"","overlay-type":"","overlay-color":"","overlay-opacity":"","overlay-gradient":""}},"footnotes":""},"categories":[65,154,1,153,29],"tags":[914,373,463,398],"class_list":["post-23722","post","type-post","status-publish","format-standard","has-post-thumbnail","hentry","category-crp","category-formacio","category-general","category-pfz-segria","category-portada","tag-curs-2024-2025","tag-dislexia","tag-jornada","tag-pla-de-formacio-de-zona"],"post_mailing_queue_ids":[],"_links":{"self":[{"href":"https:\/\/serveiseducatius.xtec.cat\/segria\/wp-json\/wp\/v2\/posts\/23722","targetHints":{"allow":["GET"]}}],"collection":[{"href":"https:\/\/serveiseducatius.xtec.cat\/segria\/wp-json\/wp\/v2\/posts"}],"about":[{"href":"https:\/\/serveiseducatius.xtec.cat\/segria\/wp-json\/wp\/v2\/types\/post"}],"author":[{"embeddable":true,"href":"https:\/\/serveiseducatius.xtec.cat\/segria\/wp-json\/wp\/v2\/users\/16"}],"replies":[{"embeddable":true,"href":"https:\/\/serveiseducatius.xtec.cat\/segria\/wp-json\/wp\/v2\/comments?post=23722"}],"version-history":[{"count":6,"href":"https:\/\/serveiseducatius.xtec.cat\/segria\/wp-json\/wp\/v2\/posts\/23722\/revisions"}],"predecessor-version":[{"id":23740,"href":"https:\/\/serveiseducatius.xtec.cat\/segria\/wp-json\/wp\/v2\/posts\/23722\/revisions\/23740"}],"wp:featuredmedia":[{"embeddable":true,"href":"https:\/\/serveiseducatius.xtec.cat\/segria\/wp-json\/wp\/v2\/media\/23724"}],"wp:attachment":[{"href":"https:\/\/serveiseducatius.xtec.cat\/segria\/wp-json\/wp\/v2\/media?parent=23722"}],"wp:term":[{"taxonomy":"category","embeddable":true,"href":"https:\/\/serveiseducatius.xtec.cat\/segria\/wp-json\/wp\/v2\/categories?post=23722"},{"taxonomy":"post_tag","embeddable":true,"href":"https:\/\/serveiseducatius.xtec.cat\/segria\/wp-json\/wp\/v2\/tags?post=23722"}],"curies":[{"name":"wp","href":"https:\/\/api.w.org\/{rel}","templated":true}]}}