{"id":23709,"date":"2024-10-24T08:34:54","date_gmt":"2024-10-24T06:34:54","guid":{"rendered":"https:\/\/serveiseducatius.xtec.cat\/segria\/?p=23709"},"modified":"2024-10-24T12:40:15","modified_gmt":"2024-10-24T10:40:15","slug":"dia-internacional-de-les-biblioteques","status":"publish","type":"post","link":"https:\/\/serveiseducatius.xtec.cat\/segria\/portada\/dia-internacional-de-les-biblioteques\/","title":{"rendered":"Dia Internacional de les Biblioteques"},"content":{"rendered":"<p><a href=\"https:\/\/serveiseducatius.xtec.cat\/segria\/wp-content\/uploads\/usu679\/2024\/10\/image001.jpg\"><img loading=\"lazy\" decoding=\"async\" class=\"size-full wp-image-23710 alignright\" src=\"https:\/\/serveiseducatius.xtec.cat\/segria\/wp-content\/uploads\/usu679\/2024\/10\/image001.jpg\" alt=\"\" width=\"288\" height=\"402\" srcset=\"https:\/\/serveiseducatius.xtec.cat\/segria\/wp-content\/uploads\/usu679\/2024\/10\/image001.jpg 288w, https:\/\/serveiseducatius.xtec.cat\/segria\/wp-content\/uploads\/usu679\/2024\/10\/image001-215x300.jpg 215w\" sizes=\"auto, (max-width: 288px) 100vw, 288px\" \/><\/a>Avui 24 d&#8217;octubre \u00e9s el\u00a0<b>Dia Internacional de les Biblioteques<\/b>.\u00a0<u><\/u><u><\/u><\/p>\n<p>Des de l&#8217;any 1997 es commemora aquesta data en record de la destrucci\u00f3 de la Biblioteca de Sarajevo durant el conflicte dels Balcans.<u><\/u><u><\/u><\/p>\n<p>L&#8217;objectiu d&#8217;aquesta efem\u00e8ride \u00e9s recordar la necessitat d&#8217;impulsar les biblioteques\u00a0<wbr \/>com a resguard\u00a0de\u00a0la cultura\u00a0dels pobles,\u00a0dels seus escrits i creences,\u00a0de\u00a0fer visible el seu paper a la societat actual com a lloc\u00a0de\u00a0trobada amb la cultura i el coneixement i com a instrument\u00a0de\u00a0millora\u00a0de\u00a0la societat.<u><\/u><u><\/u><\/p>\n<p>Aix\u00ed, biblioteques p\u00fabliques, escolars, universit\u00e0ries, especialitzades i\u00a0 nacionals celebraran el seu dia arreu del m\u00f3n.<\/p>\n<p>El lema d&#8217;enguany &#8220;<b>Per un futur sostenible<\/b>&#8221; pret\u00e9n destacar el paper fonamental que exerceixen les biblioteques en la consecuci\u00f3 dels Objectius de Desenvolupament Sostenible de l&#8217;Agenda 2030.<\/p>\n<p><b>\u00a0Visiteu les biblioteques!!<\/b><\/p>\n","protected":false},"excerpt":{"rendered":"<p>Avui 24 d&#8217;octubre \u00e9s el\u00a0Dia Internacional de les Biblioteques.\u00a0 Des de l&#8217;any 1997 es commemora aquesta data en record de la destrucci\u00f3 de la Biblioteca de Sarajevo durant el conflicte dels Balcans. L&#8217;objectiu d&#8217;aquesta efem\u00e8ride \u00e9s recordar la necessitat d&#8217;impulsar les biblioteques\u00a0com a resguard\u00a0de\u00a0la cultura\u00a0dels pobles,\u00a0dels seus escrits i creences,\u00a0de\u00a0fer visible el seu paper a [&hellip;]<\/p>\n","protected":false},"author":14,"featured_media":23710,"comment_status":"closed","ping_status":"closed","sticky":false,"template":"","format":"standard","meta":{"_bbp_topic_count":0,"_bbp_reply_count":0,"_bbp_total_topic_count":0,"_bbp_total_reply_count":0,"_bbp_voice_count":0,"_bbp_anonymous_reply_count":0,"_bbp_topic_count_hidden":0,"_bbp_reply_count_hidden":0,"_bbp_forum_subforum_count":0,"site-sidebar-layout":"default","site-content-layout":"","ast-site-content-layout":"","site-content-style":"default","site-sidebar-style":"default","ast-global-header-display":"","ast-banner-title-visibility":"","ast-main-header-display":"","ast-hfb-above-header-display":"","ast-hfb-below-header-display":"","ast-hfb-mobile-header-display":"","site-post-title":"","ast-breadcrumbs-content":"","ast-featured-img":"","footer-sml-layout":"","theme-transparent-header-meta":"","adv-header-id-meta":"","stick-header-meta":"","header-above-stick-meta":"","header-main-stick-meta":"","header-below-stick-meta":"","astra-migrate-meta-layouts":"default","ast-page-background-enabled":"default","ast-page-background-meta":{"desktop":{"background-color":"var(--ast-global-color-4)","background-image":"","background-repeat":"repeat","background-position":"center center","background-size":"auto","background-attachment":"scroll","background-type":"","background-media":"","overlay-type":"","overlay-color":"","overlay-opacity":"","overlay-gradient":""},"tablet":{"background-color":"","background-image":"","background-repeat":"repeat","background-position":"center center","background-size":"auto","background-attachment":"scroll","background-type":"","background-media":"","overlay-type":"","overlay-color":"","overlay-opacity":"","overlay-gradient":""},"mobile":{"background-color":"","background-image":"","background-repeat":"repeat","background-position":"center center","background-size":"auto","background-attachment":"scroll","background-type":"","background-media":"","overlay-type":"","overlay-color":"","overlay-opacity":"","overlay-gradient":""}},"ast-content-background-meta":{"desktop":{"background-color":"var(--ast-global-color-5)","background-image":"","background-repeat":"repeat","background-position":"center center","background-size":"auto","background-attachment":"scroll","background-type":"","background-media":"","overlay-type":"","overlay-color":"","overlay-opacity":"","overlay-gradient":""},"tablet":{"background-color":"var(--ast-global-color-5)","background-image":"","background-repeat":"repeat","background-position":"center center","background-size":"auto","background-attachment":"scroll","background-type":"","background-media":"","overlay-type":"","overlay-color":"","overlay-opacity":"","overlay-gradient":""},"mobile":{"background-color":"var(--ast-global-color-5)","background-image":"","background-repeat":"repeat","background-position":"center center","background-size":"auto","background-attachment":"scroll","background-type":"","background-media":"","overlay-type":"","overlay-color":"","overlay-opacity":"","overlay-gradient":""}},"footnotes":""},"categories":[81,29],"tags":[924,100],"class_list":["post-23709","post","type-post","status-publish","format-standard","has-post-thumbnail","hentry","category-biblioteca-escolar","category-portada","tag-impuls-lectura","tag-lectura"],"post_mailing_queue_ids":[],"_links":{"self":[{"href":"https:\/\/serveiseducatius.xtec.cat\/segria\/wp-json\/wp\/v2\/posts\/23709","targetHints":{"allow":["GET"]}}],"collection":[{"href":"https:\/\/serveiseducatius.xtec.cat\/segria\/wp-json\/wp\/v2\/posts"}],"about":[{"href":"https:\/\/serveiseducatius.xtec.cat\/segria\/wp-json\/wp\/v2\/types\/post"}],"author":[{"embeddable":true,"href":"https:\/\/serveiseducatius.xtec.cat\/segria\/wp-json\/wp\/v2\/users\/14"}],"replies":[{"embeddable":true,"href":"https:\/\/serveiseducatius.xtec.cat\/segria\/wp-json\/wp\/v2\/comments?post=23709"}],"version-history":[{"count":1,"href":"https:\/\/serveiseducatius.xtec.cat\/segria\/wp-json\/wp\/v2\/posts\/23709\/revisions"}],"predecessor-version":[{"id":23711,"href":"https:\/\/serveiseducatius.xtec.cat\/segria\/wp-json\/wp\/v2\/posts\/23709\/revisions\/23711"}],"wp:featuredmedia":[{"embeddable":true,"href":"https:\/\/serveiseducatius.xtec.cat\/segria\/wp-json\/wp\/v2\/media\/23710"}],"wp:attachment":[{"href":"https:\/\/serveiseducatius.xtec.cat\/segria\/wp-json\/wp\/v2\/media?parent=23709"}],"wp:term":[{"taxonomy":"category","embeddable":true,"href":"https:\/\/serveiseducatius.xtec.cat\/segria\/wp-json\/wp\/v2\/categories?post=23709"},{"taxonomy":"post_tag","embeddable":true,"href":"https:\/\/serveiseducatius.xtec.cat\/segria\/wp-json\/wp\/v2\/tags?post=23709"}],"curies":[{"name":"wp","href":"https:\/\/api.w.org\/{rel}","templated":true}]}}