{"id":23325,"date":"2024-11-04T09:16:38","date_gmt":"2024-11-04T08:16:38","guid":{"rendered":"https:\/\/serveiseducatius.xtec.cat\/segria\/?p=23325"},"modified":"2024-11-18T18:18:39","modified_gmt":"2024-11-18T17:18:39","slug":"exposicio-on-son","status":"publish","type":"post","link":"https:\/\/serveiseducatius.xtec.cat\/segria\/portada\/exposicio-on-son\/","title":{"rendered":"Exposici\u00f3 &#8220;On s\u00f3n?"},"content":{"rendered":"<p><strong>El Departament de Drets Civils de l\u2019Ajuntament de Lleida i la Biblioteca P\u00fablica organitzen visites guiades a l\u2019exposici\u00f3 \u201c<em>On s\u00f3n? 85 anys d&#8217;exhumacions de fosses comunes de la Guerra Civil a Catalunya<\/em>\u201d a partir del dijous 31 d\u2019octubre de 2024 fins al 10 de gener de 2025.<\/strong><\/p>\n<p><em><img loading=\"lazy\" decoding=\"async\" class=\"alignleft wp-image-23326\" src=\"https:\/\/serveiseducatius.xtec.cat\/segria\/wp-content\/uploads\/usu679\/2024\/09\/2024-10-31-al-2025-01-10_expo-i-visites_ON-SON--724x1024.jpg\" alt=\"\" width=\"500\" height=\"708\" srcset=\"https:\/\/serveiseducatius.xtec.cat\/segria\/wp-content\/uploads\/usu679\/2024\/09\/2024-10-31-al-2025-01-10_expo-i-visites_ON-SON--724x1024.jpg 724w, https:\/\/serveiseducatius.xtec.cat\/segria\/wp-content\/uploads\/usu679\/2024\/09\/2024-10-31-al-2025-01-10_expo-i-visites_ON-SON--212x300.jpg 212w, https:\/\/serveiseducatius.xtec.cat\/segria\/wp-content\/uploads\/usu679\/2024\/09\/2024-10-31-al-2025-01-10_expo-i-visites_ON-SON--768x1087.jpg 768w, https:\/\/serveiseducatius.xtec.cat\/segria\/wp-content\/uploads\/usu679\/2024\/09\/2024-10-31-al-2025-01-10_expo-i-visites_ON-SON--1085x1536.jpg 1085w, https:\/\/serveiseducatius.xtec.cat\/segria\/wp-content\/uploads\/usu679\/2024\/09\/2024-10-31-al-2025-01-10_expo-i-visites_ON-SON-.jpg 1447w\" sizes=\"auto, (max-width: 500px) 100vw, 500px\" \/>\u201cOn s\u00f3n?\u201d<\/em> Aquesta \u00e9s la pregunta que es fan milers de persones respecte dels seus familiars morts durant la Guerra Civil espanyola. Assassinats a la rereguarda, afusellats per la dictadura franquista o, principalment, morts al front o en un hospital. De la majoria, mai no se n\u2019ha conegut el lloc d\u2019enterrament.<\/p>\n<p>Aquesta <strong>mostra produ\u00efda per la Direcci\u00f3 General de Mem\u00f2ria Democr\u00e0tica de la Generalitat<\/strong> i comissariada per la historiadora Queralt Sol\u00e9, est\u00e0 pensada per donar a con\u00e8ixer a la ciutadania qu\u00e8 est\u00e0 fent la Generalitat de Catalunya respecte a les fosses comunes i qu\u00e8 ha fet amb anterioritat. S\u2019hi destaquen tamb\u00e9 les exhumacions que va iniciar la Generalitat republicana durant la mateixa Guerra Civil. Aix\u00ed mateix, informa dels resultats d\u2019aquestes actuacions i posa tres exemples de fam\u00edlies que cerquen o han cercat i localitzat el seu familiar desaparegut durant la guerra.<\/p>\n<p>Per tal de donar a con\u00e8ixer d\u2019una manera m\u00e9s detallada el contingut dels elements exposats, Mem\u00f2ria Democr\u00e0tica de l\u2019Ajuntament de Lleida amb la col\u00b7laboraci\u00f3 de la Biblioteca P\u00fablica estan preparant tota una s\u00e8rie de <strong>visites guiades destinades tant al p\u00fablic escolar com al general<\/strong>. Aquestes visites seran guiades per l\u2019empresa Iltirta Arqueologia SL que est\u00e0 especialitzada a realitzar les excavacions de les fosses de la Guerra Civil a Catalunya.<\/p>\n<p><span lang=\"CA\">Les visites guiades es duran a terme al Claustre de la Biblioteca P\u00fablica entre el 31 d\u2019octubre de 2024 i el 10 de gener de 2025 i <strong>per assistir-hi s\u2019haur\u00e0 de fer inscripci\u00f3 pr\u00e8via obligat\u00f2ria<\/strong> a Mem\u00f2ria Democr\u00e0tica-Ajuntament de Lleida, al tel. 973700457 o a l&#8217;a\/e: <\/span><a href=\"mailto:memoriademocratica@paeria.cat\" target=\"_blank\" rel=\"noopener\"><span lang=\"CA\">memoriademocratica@paeria.cat<\/span><\/a><span lang=\"CA\">. Seran programades dins de l\u2019horari de treball de la Biblioteca P\u00fablica de Lleida i hi haur\u00e0 la possibilitat de fer-les amb angl\u00e8s, franc\u00e8s i llenguatge de signes.<\/span><\/p>\n<p><img loading=\"lazy\" decoding=\"async\" class=\"aligncenter size-large wp-image-23327\" src=\"https:\/\/serveiseducatius.xtec.cat\/segria\/wp-content\/uploads\/usu679\/2024\/09\/exposicio-1024x567.png\" alt=\"\" width=\"1024\" height=\"567\" srcset=\"https:\/\/serveiseducatius.xtec.cat\/segria\/wp-content\/uploads\/usu679\/2024\/09\/exposicio-1024x567.png 1024w, https:\/\/serveiseducatius.xtec.cat\/segria\/wp-content\/uploads\/usu679\/2024\/09\/exposicio-300x166.png 300w, https:\/\/serveiseducatius.xtec.cat\/segria\/wp-content\/uploads\/usu679\/2024\/09\/exposicio-768x425.png 768w, https:\/\/serveiseducatius.xtec.cat\/segria\/wp-content\/uploads\/usu679\/2024\/09\/exposicio.png 1038w\" sizes=\"auto, (max-width: 1024px) 100vw, 1024px\" \/><\/p>\n","protected":false},"excerpt":{"rendered":"<p>El Departament de Drets Civils de l\u2019Ajuntament de Lleida i la Biblioteca P\u00fablica organitzen visites guiades a l\u2019exposici\u00f3 \u201cOn s\u00f3n? 85 anys d&#8217;exhumacions de fosses comunes de la Guerra Civil a Catalunya\u201d a partir del dijous 31 d\u2019octubre de 2024 fins al 10 de gener de 2025. \u201cOn s\u00f3n?\u201d Aquesta \u00e9s la pregunta que es [&hellip;]<\/p>\n","protected":false},"author":7,"featured_media":23328,"comment_status":"closed","ping_status":"closed","sticky":false,"template":"","format":"standard","meta":{"_bbp_topic_count":0,"_bbp_reply_count":0,"_bbp_total_topic_count":0,"_bbp_total_reply_count":0,"_bbp_voice_count":0,"_bbp_anonymous_reply_count":0,"_bbp_topic_count_hidden":0,"_bbp_reply_count_hidden":0,"_bbp_forum_subforum_count":0,"site-sidebar-layout":"default","site-content-layout":"","ast-site-content-layout":"","site-content-style":"default","site-sidebar-style":"default","ast-global-header-display":"","ast-banner-title-visibility":"","ast-main-header-display":"","ast-hfb-above-header-display":"","ast-hfb-below-header-display":"","ast-hfb-mobile-header-display":"","site-post-title":"","ast-breadcrumbs-content":"","ast-featured-img":"","footer-sml-layout":"","theme-transparent-header-meta":"","adv-header-id-meta":"","stick-header-meta":"","header-above-stick-meta":"","header-main-stick-meta":"","header-below-stick-meta":"","astra-migrate-meta-layouts":"default","ast-page-background-enabled":"default","ast-page-background-meta":{"desktop":{"background-color":"var(--ast-global-color-4)","background-image":"","background-repeat":"repeat","background-position":"center center","background-size":"auto","background-attachment":"scroll","background-type":"","background-media":"","overlay-type":"","overlay-color":"","overlay-opacity":"","overlay-gradient":""},"tablet":{"background-color":"","background-image":"","background-repeat":"repeat","background-position":"center center","background-size":"auto","background-attachment":"scroll","background-type":"","background-media":"","overlay-type":"","overlay-color":"","overlay-opacity":"","overlay-gradient":""},"mobile":{"background-color":"","background-image":"","background-repeat":"repeat","background-position":"center center","background-size":"auto","background-attachment":"scroll","background-type":"","background-media":"","overlay-type":"","overlay-color":"","overlay-opacity":"","overlay-gradient":""}},"ast-content-background-meta":{"desktop":{"background-color":"var(--ast-global-color-5)","background-image":"","background-repeat":"repeat","background-position":"center center","background-size":"auto","background-attachment":"scroll","background-type":"","background-media":"","overlay-type":"","overlay-color":"","overlay-opacity":"","overlay-gradient":""},"tablet":{"background-color":"var(--ast-global-color-5)","background-image":"","background-repeat":"repeat","background-position":"center center","background-size":"auto","background-attachment":"scroll","background-type":"","background-media":"","overlay-type":"","overlay-color":"","overlay-opacity":"","overlay-gradient":""},"mobile":{"background-color":"var(--ast-global-color-5)","background-image":"","background-repeat":"repeat","background-position":"center center","background-size":"auto","background-attachment":"scroll","background-type":"","background-media":"","overlay-type":"","overlay-color":"","overlay-opacity":"","overlay-gradient":""}},"footnotes":""},"categories":[508,295,29],"tags":[],"class_list":["post-23325","post","type-post","status-publish","format-standard","has-post-thumbnail","hentry","category-demd","category-exposicions","category-portada"],"post_mailing_queue_ids":[],"_links":{"self":[{"href":"https:\/\/serveiseducatius.xtec.cat\/segria\/wp-json\/wp\/v2\/posts\/23325","targetHints":{"allow":["GET"]}}],"collection":[{"href":"https:\/\/serveiseducatius.xtec.cat\/segria\/wp-json\/wp\/v2\/posts"}],"about":[{"href":"https:\/\/serveiseducatius.xtec.cat\/segria\/wp-json\/wp\/v2\/types\/post"}],"author":[{"embeddable":true,"href":"https:\/\/serveiseducatius.xtec.cat\/segria\/wp-json\/wp\/v2\/users\/7"}],"replies":[{"embeddable":true,"href":"https:\/\/serveiseducatius.xtec.cat\/segria\/wp-json\/wp\/v2\/comments?post=23325"}],"version-history":[{"count":2,"href":"https:\/\/serveiseducatius.xtec.cat\/segria\/wp-json\/wp\/v2\/posts\/23325\/revisions"}],"predecessor-version":[{"id":23538,"href":"https:\/\/serveiseducatius.xtec.cat\/segria\/wp-json\/wp\/v2\/posts\/23325\/revisions\/23538"}],"wp:featuredmedia":[{"embeddable":true,"href":"https:\/\/serveiseducatius.xtec.cat\/segria\/wp-json\/wp\/v2\/media\/23328"}],"wp:attachment":[{"href":"https:\/\/serveiseducatius.xtec.cat\/segria\/wp-json\/wp\/v2\/media?parent=23325"}],"wp:term":[{"taxonomy":"category","embeddable":true,"href":"https:\/\/serveiseducatius.xtec.cat\/segria\/wp-json\/wp\/v2\/categories?post=23325"},{"taxonomy":"post_tag","embeddable":true,"href":"https:\/\/serveiseducatius.xtec.cat\/segria\/wp-json\/wp\/v2\/tags?post=23325"}],"curies":[{"name":"wp","href":"https:\/\/api.w.org\/{rel}","templated":true}]}}