{"id":22809,"date":"2024-05-30T13:42:59","date_gmt":"2024-05-30T11:42:59","guid":{"rendered":"https:\/\/serveiseducatius.xtec.cat\/segria\/?p=22809"},"modified":"2025-02-01T07:35:46","modified_gmt":"2025-02-01T06:35:46","slug":"lleida-acull-una-jornada-sobre-plans-educatius-dentorn","status":"publish","type":"post","link":"https:\/\/serveiseducatius.xtec.cat\/segria\/general\/lleida-acull-una-jornada-sobre-plans-educatius-dentorn\/","title":{"rendered":"LLEIDA ACULL UNA JORNADA SOBRE PLANS EDUCATIUS D\u2019ENTORN"},"content":{"rendered":"<p dir=\"ltr\"><a href=\"https:\/\/serveiseducatius.xtec.cat\/segria\/wp-content\/uploads\/usu679\/2024\/05\/collage.jpg\"><img loading=\"lazy\" decoding=\"async\" class=\" wp-image-22811 alignleft\" src=\"https:\/\/serveiseducatius.xtec.cat\/segria\/wp-content\/uploads\/usu679\/2024\/05\/collage-683x1024.jpg\" alt=\"\" width=\"392\" height=\"588\" srcset=\"https:\/\/serveiseducatius.xtec.cat\/segria\/wp-content\/uploads\/usu679\/2024\/05\/collage-683x1024.jpg 683w, https:\/\/serveiseducatius.xtec.cat\/segria\/wp-content\/uploads\/usu679\/2024\/05\/collage-200x300.jpg 200w, https:\/\/serveiseducatius.xtec.cat\/segria\/wp-content\/uploads\/usu679\/2024\/05\/collage-768x1152.jpg 768w, https:\/\/serveiseducatius.xtec.cat\/segria\/wp-content\/uploads\/usu679\/2024\/05\/collage.jpg 1000w\" sizes=\"auto, (max-width: 392px) 100vw, 392px\" \/><\/a>El Servei Educatiu de Llengua, Interculturalitat i Cohesi\u00f3 social (LIC) del Departament d&#8217;Educaci\u00f3 a Lleida i l\u2019Alt Pirineu i Aran ha organitzat al campus universitari de Cappont la jornada Camins d&#8217;\u00e8xit, en col\u00b7laboraci\u00f3 amb l\u2019ICE de la UdL, amb l\u2019objecte de donar una visi\u00f3 de conjunt dels 15 Plans educatius d\u2019entorn del territori, en qu\u00e8 hi participen m\u00e9s d&#8217;un centenar de centres educatius.<\/p>\n<p dir=\"ltr\">Els Plans educatius d\u2019entorn (PEE) s\u00f3n una proposta de cooperaci\u00f3 entre el Departament d\u2019Educaci\u00f3 i els ajuntaments que t\u00e9 com a objectiu aconseguir l\u2019\u00e8xit educatiu de tot l\u2019alumnat i contribuir a la cohesi\u00f3 social mitjan\u00e7ant l&#8217;equitat, l\u2019educaci\u00f3 intercultural, el foment de la conviv\u00e8ncia i l\u2019\u00fas de la llengua catalana. Esdevenen un instrument capa\u00e7 de connectar els aprenentatges formals, no formals i informals i afavorir l\u2019acc\u00e9s de tot l\u2019alumnat, especialment d\u2019aquell que es troba en situaci\u00f3 de m\u00e9s vulnerabilitat, a l\u2019educaci\u00f3 no formal com un element estrat\u00e8gic d\u2019equitat i d\u2019igualtat d\u2019oportunitats.<\/p>\n<p dir=\"ltr\">La jornada d\u2019avui anava adre\u00e7ada a tots els agents que intervenen, d&#8217;una manera o altra, en els PEE de les comarques de Lleida m\u00e9s la Cerdanya, especialment, ajuntaments, centres educatius i fam\u00edlies. Ha esdevingut un espai per compartir experi\u00e8ncies, pr\u00e0ctiques i reflexions, com a eina per generar coneixement en relaci\u00f3 amb el treball socioeducatiu i de l\u2019\u00e0mbit comunitari.<\/p>\n<p dir=\"ltr\">Durant tot el mat\u00ed, gaireb\u00e9 250 persones han pogut assistir a una intensa i completa oferta que ha comen\u00e7at amb la taula rodona \u201cSi tens un pla, que sigui educatiu i d\u2019entorn\u201d, moderada per Alba Ba\u00f1eres, assessora LIC del SE del Segri\u00e0 i que ha comptat amb la pres\u00e8ncia de Jaume Ars (alcalde de Guissona), Carme Huguet (inspectora en cap adjunta de Lleida), Llu\u00eds Nadal (director de la cooperativa de lleure Qu\u00e0lia), Mireia Pellicer (t\u00e8cnica dinamitzadora del PEE de la Seu d\u2019Urgell), Anna Teixid\u00f3 (orientadora d\u2019\u00e0mbit comunitari del PEE de T\u00e0rrega) i M. Jos\u00e9 Torres (directora de l\u2019escola Sant Josep de Calassan\u00e7 de Lleida)<\/p>\n<p dir=\"ltr\">Posteriorment, com a expert extern als Plans educatius, Xavier \u00dacar (catedr\u00e0tic de Pedagogia Social de la UAB) ha dictat la confer\u00e8ncia \u201cLa societat indecisa i l\u2019educaci\u00f3 desconcertada: cercant nous rumbs\u201d, en qu\u00e8 ha fet una revisi\u00f3 sobre l\u2019educaci\u00f3 en el context actual.<\/p>\n<p dir=\"ltr\">Ha resultat de gran inter\u00e8s la mostra d\u2019experi\u00e8ncies reeixides dels PEE de l\u2019Alt Segri\u00e0, Mollerussa, les Borges Blanques, Cervera, Balaguer i Lleida. Per\u00f2 els moments de m\u00e9s impacte han estat la intervenci\u00f3 de m\u00e9s de 70 alumnes, mostrant diferents propostes d\u2019activitats, com la lectura en veu alta de contes per part d\u2019alumnes de prim\u00e0ria de Guissona (FEDAC, Escola Ramon Faus i Esteve i Escola Ramon Estadella i Torradeflot), l\u2019actuaci\u00f3 de la Brass Band, formada per alumnes del col\u00b7legi \u00c0ngel Guimer\u00e0 de T\u00e0rrega, una ballada de sardanes realitzada per alumnes del centre d\u2019educaci\u00f3 especial Silo\u00e9 de Mollerussa, el miniconcert dels violins del programa \u201cAmb molta corda\u201d de l\u2019escola Mag\u00ed Morera de Lleida i les danses del Pirineu dutes a terme per alumnes de la comarca de l\u2019Alt d\u2019Urgell.<\/p>\n<p class=\"p1\">En aquest context, molts professionals de l\u2019educaci\u00f3 busquen maneres de millorar la seva feina, i si tamb\u00e9 necessiteu ajuda per escriure una <i>facharbeit<\/i>, potser us interessar\u00e0 considerar la possibilitat de <a href=\"https:\/\/ghostwriter-bachelorarbeit.com\/\">ghostwriter bachelorarbeit<\/a>, una opci\u00f3 cada vegada m\u00e9s popular entre els estudiants que volen garantir la qualitat dels seus treballs acad\u00e8mics.<\/p>\n<p dir=\"ltr\">La Jornada ha comptat amb la pres\u00e8ncia de Claudi Vidal, director dels Serveis Territorials del Departament d\u2019Educaci\u00f3 a Lleida, i Fernando Garcia, Subdirector General de Suport a les Fam\u00edlies i a la Comunitat Educativa.<\/p>\n<p dir=\"ltr\"><iframe loading=\"lazy\" src=\"\/\/www.youtube.com\/embed\/Ug6Zfoi65wk?si=2MGvstx4DxpRFVpC&amp;amp\" width=\"560\" height=\"314\"><\/iframe><\/p>\n","protected":false},"excerpt":{"rendered":"<p>El Servei Educatiu de Llengua, Interculturalitat i Cohesi\u00f3 social (LIC) del Departament d&#8217;Educaci\u00f3 a Lleida i l\u2019Alt Pirineu i Aran ha organitzat al campus universitari de Cappont la jornada Camins d&#8217;\u00e8xit, en col\u00b7laboraci\u00f3 amb l\u2019ICE de la UdL, amb l\u2019objecte de donar una visi\u00f3 de conjunt dels 15 Plans educatius d\u2019entorn del territori, en qu\u00e8 [&hellip;]<\/p>\n","protected":false},"author":1,"featured_media":22780,"comment_status":"closed","ping_status":"closed","sticky":false,"template":"","format":"standard","meta":{"_bbp_topic_count":0,"_bbp_reply_count":0,"_bbp_total_topic_count":0,"_bbp_total_reply_count":0,"_bbp_voice_count":0,"_bbp_anonymous_reply_count":0,"_bbp_topic_count_hidden":0,"_bbp_reply_count_hidden":0,"_bbp_forum_subforum_count":0,"site-sidebar-layout":"default","site-content-layout":"","ast-site-content-layout":"","site-content-style":"default","site-sidebar-style":"default","ast-global-header-display":"","ast-banner-title-visibility":"","ast-main-header-display":"","ast-hfb-above-header-display":"","ast-hfb-below-header-display":"","ast-hfb-mobile-header-display":"","site-post-title":"","ast-breadcrumbs-content":"","ast-featured-img":"","footer-sml-layout":"","theme-transparent-header-meta":"","adv-header-id-meta":"","stick-header-meta":"","header-above-stick-meta":"","header-main-stick-meta":"","header-below-stick-meta":"","astra-migrate-meta-layouts":"default","ast-page-background-enabled":"default","ast-page-background-meta":{"desktop":{"background-color":"var(--ast-global-color-4)","background-image":"","background-repeat":"repeat","background-position":"center center","background-size":"auto","background-attachment":"scroll","background-type":"","background-media":"","overlay-type":"","overlay-color":"","overlay-opacity":"","overlay-gradient":""},"tablet":{"background-color":"","background-image":"","background-repeat":"repeat","background-position":"center center","background-size":"auto","background-attachment":"scroll","background-type":"","background-media":"","overlay-type":"","overlay-color":"","overlay-opacity":"","overlay-gradient":""},"mobile":{"background-color":"","background-image":"","background-repeat":"repeat","background-position":"center center","background-size":"auto","background-attachment":"scroll","background-type":"","background-media":"","overlay-type":"","overlay-color":"","overlay-opacity":"","overlay-gradient":""}},"ast-content-background-meta":{"desktop":{"background-color":"var(--ast-global-color-5)","background-image":"","background-repeat":"repeat","background-position":"center center","background-size":"auto","background-attachment":"scroll","background-type":"","background-media":"","overlay-type":"","overlay-color":"","overlay-opacity":"","overlay-gradient":""},"tablet":{"background-color":"var(--ast-global-color-5)","background-image":"","background-repeat":"repeat","background-position":"center center","background-size":"auto","background-attachment":"scroll","background-type":"","background-media":"","overlay-type":"","overlay-color":"","overlay-opacity":"","overlay-gradient":""},"mobile":{"background-color":"var(--ast-global-color-5)","background-image":"","background-repeat":"repeat","background-position":"center center","background-size":"auto","background-attachment":"scroll","background-type":"","background-media":"","overlay-type":"","overlay-color":"","overlay-opacity":"","overlay-gradient":""}},"footnotes":""},"categories":[68,1,29],"tags":[],"class_list":["post-22809","post","type-post","status-publish","format-standard","has-post-thumbnail","hentry","category-elic","category-general","category-portada"],"post_mailing_queue_ids":[],"_links":{"self":[{"href":"https:\/\/serveiseducatius.xtec.cat\/segria\/wp-json\/wp\/v2\/posts\/22809","targetHints":{"allow":["GET"]}}],"collection":[{"href":"https:\/\/serveiseducatius.xtec.cat\/segria\/wp-json\/wp\/v2\/posts"}],"about":[{"href":"https:\/\/serveiseducatius.xtec.cat\/segria\/wp-json\/wp\/v2\/types\/post"}],"author":[{"embeddable":true,"href":"https:\/\/serveiseducatius.xtec.cat\/segria\/wp-json\/wp\/v2\/users\/1"}],"replies":[{"embeddable":true,"href":"https:\/\/serveiseducatius.xtec.cat\/segria\/wp-json\/wp\/v2\/comments?post=22809"}],"version-history":[{"count":6,"href":"https:\/\/serveiseducatius.xtec.cat\/segria\/wp-json\/wp\/v2\/posts\/22809\/revisions"}],"predecessor-version":[{"id":24632,"href":"https:\/\/serveiseducatius.xtec.cat\/segria\/wp-json\/wp\/v2\/posts\/22809\/revisions\/24632"}],"wp:featuredmedia":[{"embeddable":true,"href":"https:\/\/serveiseducatius.xtec.cat\/segria\/wp-json\/wp\/v2\/media\/22780"}],"wp:attachment":[{"href":"https:\/\/serveiseducatius.xtec.cat\/segria\/wp-json\/wp\/v2\/media?parent=22809"}],"wp:term":[{"taxonomy":"category","embeddable":true,"href":"https:\/\/serveiseducatius.xtec.cat\/segria\/wp-json\/wp\/v2\/categories?post=22809"},{"taxonomy":"post_tag","embeddable":true,"href":"https:\/\/serveiseducatius.xtec.cat\/segria\/wp-json\/wp\/v2\/tags?post=22809"}],"curies":[{"name":"wp","href":"https:\/\/api.w.org\/{rel}","templated":true}]}}