{"id":22037,"date":"2024-02-20T12:55:21","date_gmt":"2024-02-20T11:55:21","guid":{"rendered":"https:\/\/serveiseducatius.xtec.cat\/segria\/?p=22037"},"modified":"2024-02-20T13:22:39","modified_gmt":"2024-02-20T12:22:39","slug":"lletra-petita-2n-festival-de-literatura-infantil-i-juvenil-de-lleida","status":"publish","type":"post","link":"https:\/\/serveiseducatius.xtec.cat\/segria\/portada\/lletra-petita-2n-festival-de-literatura-infantil-i-juvenil-de-lleida\/","title":{"rendered":"Lletra Petita \u2013 2n Festival de Literatura Infantil i Juvenil de Lleida"},"content":{"rendered":"<p><strong><a href=\"https:\/\/serveiseducatius.xtec.cat\/segria\/wp-content\/uploads\/usu679\/2024\/02\/2024cartell72dpi-724x1024-1.jpg\"><img loading=\"lazy\" decoding=\"async\" class=\"alignnone size-full wp-image-22039\" src=\"https:\/\/serveiseducatius.xtec.cat\/segria\/wp-content\/uploads\/usu679\/2024\/02\/2024cartell72dpi-724x1024-1.jpg\" alt=\"\" width=\"724\" height=\"1024\" srcset=\"https:\/\/serveiseducatius.xtec.cat\/segria\/wp-content\/uploads\/usu679\/2024\/02\/2024cartell72dpi-724x1024-1.jpg 724w, https:\/\/serveiseducatius.xtec.cat\/segria\/wp-content\/uploads\/usu679\/2024\/02\/2024cartell72dpi-724x1024-1-212x300.jpg 212w\" sizes=\"auto, (max-width: 724px) 100vw, 724px\" \/><\/a><\/strong><\/p>\n<h6><strong>Dissabte 16 de mar\u00e7 de 2024, a la Pla\u00e7a de la Catedral, t\u00e9 lloc el <a href=\"https:\/\/lletrapetita.paeria.cat\/\">2n Festival de Literatura Infantil i Juvenil de Lleida<\/a>.<\/strong><\/h6>\n<h6><a href=\"https:\/\/lletrapetita.paeria.cat\/\" target=\"_blank\" rel=\"noopener\">PROGRAMA<\/a><a href=\"https:\/\/serveiseducatius.xtec.cat\/segria\/wp-content\/uploads\/usu679\/2023\/03\/nui2-e1694602582877.png\"><img loading=\"lazy\" decoding=\"async\" class=\"alignleft wp-image-19455\" src=\"https:\/\/serveiseducatius.xtec.cat\/segria\/wp-content\/uploads\/usu679\/2023\/03\/nui2-e1694602582877.png\" alt=\"\" width=\"35\" height=\"35\" \/><\/a><\/h6>\n<p>&nbsp;<\/p>\n<p>No us el podeu perdre!<\/p>\n","protected":false},"excerpt":{"rendered":"<p>Dissabte 16 de mar\u00e7 de 2024, a la Pla\u00e7a de la Catedral, t\u00e9 lloc el 2n Festival de Literatura Infantil i Juvenil de Lleida. PROGRAMA &nbsp; No us el podeu perdre!<\/p>\n","protected":false},"author":14,"featured_media":22038,"comment_status":"closed","ping_status":"closed","sticky":false,"template":"","format":"standard","meta":{"_bbp_topic_count":0,"_bbp_reply_count":0,"_bbp_total_topic_count":0,"_bbp_total_reply_count":0,"_bbp_voice_count":0,"_bbp_anonymous_reply_count":0,"_bbp_topic_count_hidden":0,"_bbp_reply_count_hidden":0,"_bbp_forum_subforum_count":0,"site-sidebar-layout":"default","site-content-layout":"","ast-site-content-layout":"","site-content-style":"default","site-sidebar-style":"default","ast-global-header-display":"","ast-banner-title-visibility":"","ast-main-header-display":"","ast-hfb-above-header-display":"","ast-hfb-below-header-display":"","ast-hfb-mobile-header-display":"","site-post-title":"","ast-breadcrumbs-content":"","ast-featured-img":"","footer-sml-layout":"","theme-transparent-header-meta":"","adv-header-id-meta":"","stick-header-meta":"","header-above-stick-meta":"","header-main-stick-meta":"","header-below-stick-meta":"","astra-migrate-meta-layouts":"default","ast-page-background-enabled":"default","ast-page-background-meta":{"desktop":{"background-color":"var(--ast-global-color-4)","background-image":"","background-repeat":"repeat","background-position":"center center","background-size":"auto","background-attachment":"scroll","background-type":"","background-media":"","overlay-type":"","overlay-color":"","overlay-opacity":"","overlay-gradient":""},"tablet":{"background-color":"","background-image":"","background-repeat":"repeat","background-position":"center center","background-size":"auto","background-attachment":"scroll","background-type":"","background-media":"","overlay-type":"","overlay-color":"","overlay-opacity":"","overlay-gradient":""},"mobile":{"background-color":"","background-image":"","background-repeat":"repeat","background-position":"center center","background-size":"auto","background-attachment":"scroll","background-type":"","background-media":"","overlay-type":"","overlay-color":"","overlay-opacity":"","overlay-gradient":""}},"ast-content-background-meta":{"desktop":{"background-color":"var(--ast-global-color-5)","background-image":"","background-repeat":"repeat","background-position":"center center","background-size":"auto","background-attachment":"scroll","background-type":"","background-media":"","overlay-type":"","overlay-color":"","overlay-opacity":"","overlay-gradient":""},"tablet":{"background-color":"var(--ast-global-color-5)","background-image":"","background-repeat":"repeat","background-position":"center center","background-size":"auto","background-attachment":"scroll","background-type":"","background-media":"","overlay-type":"","overlay-color":"","overlay-opacity":"","overlay-gradient":""},"mobile":{"background-color":"var(--ast-global-color-5)","background-image":"","background-repeat":"repeat","background-position":"center center","background-size":"auto","background-attachment":"scroll","background-type":"","background-media":"","overlay-type":"","overlay-color":"","overlay-opacity":"","overlay-gradient":""}},"footnotes":""},"categories":[81,251,489,29],"tags":[192,562],"class_list":["post-22037","post","type-post","status-publish","format-standard","has-post-thumbnail","hentry","category-biblioteca-escolar","category-dinamica-educativa-sant-vicenc-dels-horts","category-jornada","category-portada","tag-literatura-infantil-i-juvenil","tag-lleida"],"post_mailing_queue_ids":[],"_links":{"self":[{"href":"https:\/\/serveiseducatius.xtec.cat\/segria\/wp-json\/wp\/v2\/posts\/22037","targetHints":{"allow":["GET"]}}],"collection":[{"href":"https:\/\/serveiseducatius.xtec.cat\/segria\/wp-json\/wp\/v2\/posts"}],"about":[{"href":"https:\/\/serveiseducatius.xtec.cat\/segria\/wp-json\/wp\/v2\/types\/post"}],"author":[{"embeddable":true,"href":"https:\/\/serveiseducatius.xtec.cat\/segria\/wp-json\/wp\/v2\/users\/14"}],"replies":[{"embeddable":true,"href":"https:\/\/serveiseducatius.xtec.cat\/segria\/wp-json\/wp\/v2\/comments?post=22037"}],"version-history":[{"count":3,"href":"https:\/\/serveiseducatius.xtec.cat\/segria\/wp-json\/wp\/v2\/posts\/22037\/revisions"}],"predecessor-version":[{"id":22056,"href":"https:\/\/serveiseducatius.xtec.cat\/segria\/wp-json\/wp\/v2\/posts\/22037\/revisions\/22056"}],"wp:featuredmedia":[{"embeddable":true,"href":"https:\/\/serveiseducatius.xtec.cat\/segria\/wp-json\/wp\/v2\/media\/22038"}],"wp:attachment":[{"href":"https:\/\/serveiseducatius.xtec.cat\/segria\/wp-json\/wp\/v2\/media?parent=22037"}],"wp:term":[{"taxonomy":"category","embeddable":true,"href":"https:\/\/serveiseducatius.xtec.cat\/segria\/wp-json\/wp\/v2\/categories?post=22037"},{"taxonomy":"post_tag","embeddable":true,"href":"https:\/\/serveiseducatius.xtec.cat\/segria\/wp-json\/wp\/v2\/tags?post=22037"}],"curies":[{"name":"wp","href":"https:\/\/api.w.org\/{rel}","templated":true}]}}