{"id":21980,"date":"2024-02-16T10:00:43","date_gmt":"2024-02-16T09:00:43","guid":{"rendered":"https:\/\/serveiseducatius.xtec.cat\/segria\/?p=21980"},"modified":"2024-03-14T13:19:33","modified_gmt":"2024-03-14T12:19:33","slug":"centenari-del-guillem-viladot","status":"publish","type":"post","link":"https:\/\/serveiseducatius.xtec.cat\/segria\/general\/centenari-del-guillem-viladot\/","title":{"rendered":"Centenari de Guillem Viladot"},"content":{"rendered":"<p><a href=\"https:\/\/serveiseducatius.xtec.cat\/segria\/wp-content\/uploads\/usu679\/2024\/02\/vila22.jpg\"><img loading=\"lazy\" decoding=\"async\" class=\"wp-image-21982 alignleft\" src=\"https:\/\/serveiseducatius.xtec.cat\/segria\/wp-content\/uploads\/usu679\/2024\/02\/vila22.jpg\" alt=\"\" width=\"244\" height=\"427\" srcset=\"https:\/\/serveiseducatius.xtec.cat\/segria\/wp-content\/uploads\/usu679\/2024\/02\/vila22.jpg 585w, https:\/\/serveiseducatius.xtec.cat\/segria\/wp-content\/uploads\/usu679\/2024\/02\/vila22-171x300.jpg 171w\" sizes=\"auto, (max-width: 244px) 100vw, 244px\" \/><\/a>Amb motiu del\u00a0<b><a href=\"https:\/\/www.agramunt.cat\/centenari-viladot\" target=\"_blank\" rel=\"noopener\">centenari del naixement de Viladot<\/a>,\u00a0<\/b>el passat 27 de gener es\u00a0va inaugurar l\u2019<a href=\"https:\/\/www.lopardal.com\/exposicions-lo-pardal-actuals-fitxa.php?id=98\" target=\"_blank\" rel=\"noopener\">exposici\u00f3<\/a><strong> \u201cGuillem Viladot i els creadors de Ponent\u201d<\/strong>, un projecte que ha estat desenvolupat per la Xarxa de Museus de les Terres de Lleida i Aran.<\/p>\n<div dir=\"ltr\">\n<div class=\"gmail_quote\">\n<div dir=\"ltr\">\n<p dir=\"auto\">I per als centres, ofereixen una <a href=\"https:\/\/drive.google.com\/file\/d\/1W2OHzGaGCVlgpPK6sEk5YPP4Q6X1Gwuh\/view?usp=sharing\" target=\"_blank\" rel=\"noopener\" data-saferedirecturl=\"https:\/\/www.google.com\/url?q=https:\/\/drive.google.com\/file\/d\/1W2OHzGaGCVlgpPK6sEk5YPP4Q6X1Gwuh\/view?usp%3Dsharing&amp;source=gmail&amp;ust=1707303875569000&amp;usg=AOvVaw1cpAXFaWJDXPMKV2HvkYXQ\"><b>proposta educativa<\/b>\u00a0<\/a>per treballar amb aquests autors i poder fer moltes altres relacions!<\/p>\n<div dir=\"auto\">Altres propostes educatives:<\/div>\n<div dir=\"auto\"><\/div>\n<ul>\n<li>La\u00a0<a href=\"https:\/\/educaciolopardal.wixsite.com\/lo-pardal---servei-e\" target=\"_blank\" rel=\"noopener\" data-saferedirecturl=\"https:\/\/www.google.com\/url?q=https:\/\/educaciolopardal.wixsite.com\/lo-pardal---servei-e&amp;source=gmail&amp;ust=1707303875569000&amp;usg=AOvVaw2XdepBCoXk9tFP28TOjMyN\">web<\/a> del servei educatiu de \u201cLo\u00a0Pardal\u201d, el museu de Guillem Viladot, on podeu trobar els paquets que ofereixen a les visites. S\u00f3n idees del que poden fer a l\u2019espai, per\u00f2 procuren que totes les experi\u00e8ncies siguin personalitzades.<\/li>\n<li><a href=\"https:\/\/drive.google.com\/file\/d\/1mAlKCdUr0TwFLZ5DRK84nB6IxsPS5p0q\/view?usp=sharing\" target=\"_blank\" rel=\"noopener\" data-saferedirecturl=\"https:\/\/www.google.com\/url?q=https:\/\/drive.google.com\/file\/d\/1mAlKCdUr0TwFLZ5DRK84nB6IxsPS5p0q\/view?usp%3Dsharing&amp;source=gmail&amp;ust=1707303875569000&amp;usg=AOvVaw2hmn49uny6glzsgn7P0ZTf\">Maletes\u00a0viladotianes<\/a>, un material que permet m\u00faltiples connexions i relacions tant en els Instituts de secund\u00e0ria com en les escoles de prim\u00e0ria. Viatjaran pels centres educatius d\u2019arreu del territori per donar a con\u00e8ixer Guillem Viladot i el seu llegat po\u00e8tic-art\u00edstic-literari. Pretenen ser una provocaci\u00f3 i una invitaci\u00f3 a cada centre perqu\u00e8 facin les seves pr\u00f2pies relacions amb artistes i llegats del seu territori. El projecte \u00e9s obert i presentat de manera experimental.<\/li>\n<\/ul>\n<div dir=\"auto\">Si hi esteu interessats\/des, no dubteu a contactar a trav\u00e9s del correu:\u00a0<a href=\"mailto:educaciolopardal@gmail.com\" target=\"_blank\" rel=\"noopener\">educaciolopardal@<wbr \/>gmail.com<\/a><\/div>\n<div dir=\"auto\"><\/div>\n<p dir=\"auto\">A m\u00e9s, podeu fer moltes altres activitats a Agramunt; feu una ullada a les propostes que ens ofereixen en la <a href=\"https:\/\/www.agramunt.cat\/el-municipi\/turisme\" target=\"_blank\" rel=\"noopener\" data-saferedirecturl=\"https:\/\/www.google.com\/url?q=https:\/\/www.agramunt.cat\/el-municipi\/turisme&amp;source=gmail&amp;ust=1707303875569000&amp;usg=AOvVaw3tbu9EGoSwUtd7pDeRrhgO\">web<\/a>\u00a0de turisme del poble!<\/p>\n<\/div>\n<\/div>\n<\/div>\n","protected":false},"excerpt":{"rendered":"<p>Amb motiu del\u00a0centenari del naixement de Viladot,\u00a0el passat 27 de gener es\u00a0va inaugurar l\u2019exposici\u00f3 \u201cGuillem Viladot i els creadors de Ponent\u201d, un projecte que ha estat desenvolupat per la Xarxa de Museus de les Terres de Lleida i Aran. I per als centres, ofereixen una proposta educativa\u00a0per treballar amb aquests autors i poder fer moltes [&hellip;]<\/p>\n","protected":false},"author":5,"featured_media":21982,"comment_status":"closed","ping_status":"closed","sticky":false,"template":"","format":"standard","meta":{"_bbp_topic_count":0,"_bbp_reply_count":0,"_bbp_total_topic_count":0,"_bbp_total_reply_count":0,"_bbp_voice_count":0,"_bbp_anonymous_reply_count":0,"_bbp_topic_count_hidden":0,"_bbp_reply_count_hidden":0,"_bbp_forum_subforum_count":0,"site-sidebar-layout":"default","site-content-layout":"","ast-site-content-layout":"","site-content-style":"default","site-sidebar-style":"default","ast-global-header-display":"","ast-banner-title-visibility":"","ast-main-header-display":"","ast-hfb-above-header-display":"","ast-hfb-below-header-display":"","ast-hfb-mobile-header-display":"","site-post-title":"","ast-breadcrumbs-content":"","ast-featured-img":"","footer-sml-layout":"","theme-transparent-header-meta":"","adv-header-id-meta":"","stick-header-meta":"","header-above-stick-meta":"","header-main-stick-meta":"","header-below-stick-meta":"","astra-migrate-meta-layouts":"default","ast-page-background-enabled":"default","ast-page-background-meta":{"desktop":{"background-color":"var(--ast-global-color-4)","background-image":"","background-repeat":"repeat","background-position":"center center","background-size":"auto","background-attachment":"scroll","background-type":"","background-media":"","overlay-type":"","overlay-color":"","overlay-opacity":"","overlay-gradient":""},"tablet":{"background-color":"","background-image":"","background-repeat":"repeat","background-position":"center center","background-size":"auto","background-attachment":"scroll","background-type":"","background-media":"","overlay-type":"","overlay-color":"","overlay-opacity":"","overlay-gradient":""},"mobile":{"background-color":"","background-image":"","background-repeat":"repeat","background-position":"center center","background-size":"auto","background-attachment":"scroll","background-type":"","background-media":"","overlay-type":"","overlay-color":"","overlay-opacity":"","overlay-gradient":""}},"ast-content-background-meta":{"desktop":{"background-color":"var(--ast-global-color-5)","background-image":"","background-repeat":"repeat","background-position":"center center","background-size":"auto","background-attachment":"scroll","background-type":"","background-media":"","overlay-type":"","overlay-color":"","overlay-opacity":"","overlay-gradient":""},"tablet":{"background-color":"var(--ast-global-color-5)","background-image":"","background-repeat":"repeat","background-position":"center center","background-size":"auto","background-attachment":"scroll","background-type":"","background-media":"","overlay-type":"","overlay-color":"","overlay-opacity":"","overlay-gradient":""},"mobile":{"background-color":"var(--ast-global-color-5)","background-image":"","background-repeat":"repeat","background-position":"center center","background-size":"auto","background-attachment":"scroll","background-type":"","background-media":"","overlay-type":"","overlay-color":"","overlay-opacity":"","overlay-gradient":""}},"footnotes":""},"categories":[1,29],"tags":[892],"class_list":["post-21980","post","type-post","status-publish","format-standard","has-post-thumbnail","hentry","category-general","category-portada","tag-viladot"],"post_mailing_queue_ids":[],"_links":{"self":[{"href":"https:\/\/serveiseducatius.xtec.cat\/segria\/wp-json\/wp\/v2\/posts\/21980","targetHints":{"allow":["GET"]}}],"collection":[{"href":"https:\/\/serveiseducatius.xtec.cat\/segria\/wp-json\/wp\/v2\/posts"}],"about":[{"href":"https:\/\/serveiseducatius.xtec.cat\/segria\/wp-json\/wp\/v2\/types\/post"}],"author":[{"embeddable":true,"href":"https:\/\/serveiseducatius.xtec.cat\/segria\/wp-json\/wp\/v2\/users\/5"}],"replies":[{"embeddable":true,"href":"https:\/\/serveiseducatius.xtec.cat\/segria\/wp-json\/wp\/v2\/comments?post=21980"}],"version-history":[{"count":2,"href":"https:\/\/serveiseducatius.xtec.cat\/segria\/wp-json\/wp\/v2\/posts\/21980\/revisions"}],"predecessor-version":[{"id":22034,"href":"https:\/\/serveiseducatius.xtec.cat\/segria\/wp-json\/wp\/v2\/posts\/21980\/revisions\/22034"}],"wp:featuredmedia":[{"embeddable":true,"href":"https:\/\/serveiseducatius.xtec.cat\/segria\/wp-json\/wp\/v2\/media\/21982"}],"wp:attachment":[{"href":"https:\/\/serveiseducatius.xtec.cat\/segria\/wp-json\/wp\/v2\/media?parent=21980"}],"wp:term":[{"taxonomy":"category","embeddable":true,"href":"https:\/\/serveiseducatius.xtec.cat\/segria\/wp-json\/wp\/v2\/categories?post=21980"},{"taxonomy":"post_tag","embeddable":true,"href":"https:\/\/serveiseducatius.xtec.cat\/segria\/wp-json\/wp\/v2\/tags?post=21980"}],"curies":[{"name":"wp","href":"https:\/\/api.w.org\/{rel}","templated":true}]}}