{"id":19792,"date":"2023-09-13T12:02:15","date_gmt":"2023-09-13T10:02:15","guid":{"rendered":"https:\/\/serveiseducatius.xtec.cat\/segria\/?p=19792"},"modified":"2023-09-14T08:56:33","modified_gmt":"2023-09-14T06:56:33","slug":"programa-el-gust-per-la-lectura-lectures-proposades-per-al-curs-2023-2024","status":"publish","type":"post","link":"https:\/\/serveiseducatius.xtec.cat\/segria\/general\/programa-el-gust-per-la-lectura-lectures-proposades-per-al-curs-2023-2024\/","title":{"rendered":"Programa el Gust per la Lectura. Formaci\u00f3 i lectures proposades"},"content":{"rendered":"<p>Ja est\u00e0 obert el per\u00edode d\u2019<a href=\"https:\/\/xtec.gencat.cat\/ca\/projectes\/lectura\/gustperlalectura\/formacions\/\" target=\"_blank\" rel=\"noopener\">inscripci\u00f3 als <strong>tallers El Gust per la Lectura<\/strong><\/a>.<a href=\"https:\/\/serveiseducatius.xtec.cat\/segria\/wp-content\/uploads\/usu679\/2023\/03\/nui2-e1694602582877.png\"><img loading=\"lazy\" decoding=\"async\" class=\"wp-image-19455 aligncenter\" src=\"https:\/\/serveiseducatius.xtec.cat\/segria\/wp-content\/uploads\/usu679\/2023\/03\/nui2-e1694602582877.png\" alt=\"\" width=\"35\" height=\"35\" \/><\/a><\/p>\n<p>Aqu\u00ed teniu les lectures proposades per aquest curs. Estan\u00a0 organitzades per nivells educatius i per eixos tem\u00e0tics:<\/p>\n<p><strong>EDUCACI\u00d3 PRIM\u00c0RIA:<\/strong><\/p>\n<p><strong>Eix Autora: Tina Vall\u00e8s<\/strong><\/p>\n<p><strong>Cicle inicial d&#8217;educaci\u00f3 prim\u00e0ria<\/strong><\/p>\n<ul>\n<li>VALL\u00c8S, Tina. NEGRESCOLOR, Joan (il\u00b7lustraci\u00f3).\u00a0<em>La Marieta sense taques<\/em>. Bamb\u00fa, 2017 (Bamb\u00fa. Primers lectors)<\/li>\n<\/ul>\n<p><strong>Cicle mitj\u00e0 d&#8217;educaci\u00f3 prim\u00e0ria<\/strong><\/p>\n<ul>\n<li>VALL\u00c8S, Tina. INARANJA, Christian (il\u00b7lustraci\u00f3).\u00a0<em>Els p\u00f2stits del senyor Nohis\u00f3c<\/em>. La Galera, 2020 (La Galera. Grumets)<\/li>\n<\/ul>\n<p><strong>Cicle superior d&#8217;educaci\u00f3 prim\u00e0ria<\/strong><\/p>\n<ul>\n<li>VALL\u00c8S, Tina. GAL\u00cd, Merc\u00e8 (il\u00b7lustraci\u00f3).\u00a0<em>Mira<\/em>. Animallibres, 2021.<\/li>\n<\/ul>\n<p><img decoding=\"async\" title=\"prim 1\" src=\"https:\/\/xtec.gencat.cat\/web\/.content\/projectes\/lectura\/gustperlalectura\/concurs\/propostes-de-lectura\/imatges\/llibres-prim-1.jpg\" alt=\"prim 1\" height=\"192\" \/><\/p>\n<p><strong>Eix Personatge: Bruixes<\/strong><\/p>\n<p><strong>Cicle inicial d&#8217;educaci\u00f3 prim\u00e0ria<\/strong><\/p>\n<ul>\n<li>OLID, Bel. MONTSERRAT, Pep (il\u00b7lustrador).\u00a0<em>Les bruixes d&#8217;Arlet.\u00a0<\/em>Combel, 2920.<\/li>\n<\/ul>\n<p><strong>Cicle mitj\u00e0 d&#8217;educaci\u00f3 prim\u00e0ria<\/strong><\/p>\n<ul>\n<li>ISERN, Laura. PROIETTI, Laura (il\u00b7lustradora).\u00a0<em>Malvarina<\/em>. Flamboyant, 2022.<\/li>\n<\/ul>\n<p><strong>Cicle superior d&#8217;educaci\u00f3 prim\u00e0ria<\/strong><\/p>\n<ul>\n<li>DAHL, Roald. BLAKE, Quentin (il\u00b7lustrador).\u00a0<em>Les bruixes<\/em>. Estrella Polar, 2021.<\/li>\n<\/ul>\n<p><img decoding=\"async\" title=\"prim 2\" src=\"https:\/\/xtec.gencat.cat\/web\/.content\/projectes\/lectura\/gustperlalectura\/concurs\/propostes-de-lectura\/imatges\/llibres-prim-2.jpg\" alt=\"prim 2\" height=\"210\" \/><\/p>\n<p><strong>EDUCACI\u00d3 SECUND\u00c0RIA:<\/strong><\/p>\n<p><strong>Eix Tema: Amistat<\/strong><\/p>\n<p><strong>Educaci\u00f3 secund\u00e0ria obligat\u00f2ria (1r i 2n d&#8217;ESO)<\/strong><\/p>\n<ul>\n<li>AVI.\u00a0<em>La guerra dels botons<\/em>. Bamb\u00fa, 2019<\/li>\n<\/ul>\n<p><strong>Educaci\u00f3 secund\u00e0ria obligat\u00f2ria (3r i 4t d&#8217;ESO, GESO, CAM i PPACFGM)<\/strong><\/p>\n<ul>\n<li>VIGAN, Delphine de.\u00a0<em>Les Lleialtats<\/em>. Labutxaca, 2021<\/li>\n<\/ul>\n<p><img decoding=\"async\" title=\"sec-amistat\" src=\"https:\/\/xtec.gencat.cat\/web\/.content\/projectes\/lectura\/gustperlalectura\/concurs\/propostes-de-lectura\/imatges\/llibres-sec-amistat.png\" alt=\"sec-amistat\" height=\"209\" \/><\/p>\n<p><strong>Eix Autora: Muriel Villanueva<\/strong><\/p>\n<p><strong>Educaci\u00f3 secund\u00e0ria obligat\u00f2ria (1r i 2n d&#8217;ESO)<\/strong><\/p>\n<ul>\n<li>VILLANUEVA, Muriel.\u00a0<em>Duna. Diari d&#8217;un estiu<\/em>. Balbulinka, 2015<\/li>\n<\/ul>\n<p><strong>Educaci\u00f3 secund\u00e0ria obligat\u00f2ria (3r i 4t d&#8217;ESO)<\/strong><\/p>\n<ul>\n<li>VILLANUEVA, Muriel.\u00a0<em>Rut sense Hac<\/em>. La butxaca, 2020.<\/li>\n<\/ul>\n<p><img decoding=\"async\" title=\"sec 2\" src=\"https:\/\/xtec.gencat.cat\/web\/.content\/projectes\/lectura\/gustperlalectura\/concurs\/propostes-de-lectura\/imatges\/llibres-sec-2.jpg\" alt=\"sec 2\" height=\"208\" \/><\/p>\n<p><strong>Eix: Llegim ci\u00e8ncia<\/strong><\/p>\n<p><strong>Educaci\u00f3 secund\u00e0ria obligat\u00f2ria (1r i 2n d&#8217;ESO)<\/strong><\/p>\n<ul>\n<li>JUVANY, Albert.\u00a0<em>El dia que vull oblidar<\/em>. Animallibres, 2021.<\/li>\n<\/ul>\n<p><strong>Educaci\u00f3 secund\u00e0ria obligat\u00f2ria (3r i 4t d\u2019ESO, )<\/strong><\/p>\n<p>DURAN, Xavier. MANUEL, Jordi de.\u00a0<em>Els crims de la taula peri\u00f2dica<\/em>. Jollibre, 2019.<\/p>\n<p><img decoding=\"async\" title=\"Sec 3\" src=\"https:\/\/xtec.gencat.cat\/web\/.content\/projectes\/lectura\/gustperlalectura\/concurs\/propostes-de-lectura\/imatges\/llibres-sec-3.jpg\" alt=\"Sec 3\" height=\"197\" \/><\/p>\n<p><strong>BATXILLERAT:<\/strong><\/p>\n<ul>\n<li>ARASA, Cinta.\u00a0<em>Paraules, flors i p\u00f3lvora<\/em>. Animallibres, 2020.<\/li>\n<\/ul>\n<p><img decoding=\"async\" title=\"Bat\" src=\"https:\/\/xtec.gencat.cat\/web\/.content\/projectes\/lectura\/gustperlalectura\/concurs\/propostes-de-lectura\/imatges\/llibres-bat.jpg\" alt=\"Bat\" height=\"164\" \/><\/p>\n","protected":false},"excerpt":{"rendered":"<p>Ja est\u00e0 obert el per\u00edode d\u2019inscripci\u00f3 als tallers El Gust per la Lectura. Aqu\u00ed teniu les lectures proposades per aquest curs. Estan\u00a0 organitzades per nivells educatius i per eixos tem\u00e0tics: EDUCACI\u00d3 PRIM\u00c0RIA: Eix Autora: Tina Vall\u00e8s Cicle inicial d&#8217;educaci\u00f3 prim\u00e0ria VALL\u00c8S, Tina. NEGRESCOLOR, Joan (il\u00b7lustraci\u00f3).\u00a0La Marieta sense taques. Bamb\u00fa, 2017 (Bamb\u00fa. Primers lectors) Cicle mitj\u00e0 [&hellip;]<\/p>\n","protected":false},"author":5,"featured_media":19793,"comment_status":"closed","ping_status":"closed","sticky":false,"template":"","format":"standard","meta":{"_bbp_topic_count":0,"_bbp_reply_count":0,"_bbp_total_topic_count":0,"_bbp_total_reply_count":0,"_bbp_voice_count":0,"_bbp_anonymous_reply_count":0,"_bbp_topic_count_hidden":0,"_bbp_reply_count_hidden":0,"_bbp_forum_subforum_count":0,"site-sidebar-layout":"default","site-content-layout":"","ast-site-content-layout":"","site-content-style":"default","site-sidebar-style":"default","ast-global-header-display":"","ast-banner-title-visibility":"","ast-main-header-display":"","ast-hfb-above-header-display":"","ast-hfb-below-header-display":"","ast-hfb-mobile-header-display":"","site-post-title":"","ast-breadcrumbs-content":"","ast-featured-img":"","footer-sml-layout":"","theme-transparent-header-meta":"","adv-header-id-meta":"","stick-header-meta":"","header-above-stick-meta":"","header-main-stick-meta":"","header-below-stick-meta":"","astra-migrate-meta-layouts":"default","ast-page-background-enabled":"default","ast-page-background-meta":{"desktop":{"background-color":"var(--ast-global-color-4)","background-image":"","background-repeat":"repeat","background-position":"center center","background-size":"auto","background-attachment":"scroll","background-type":"","background-media":"","overlay-type":"","overlay-color":"","overlay-opacity":"","overlay-gradient":""},"tablet":{"background-color":"","background-image":"","background-repeat":"repeat","background-position":"center center","background-size":"auto","background-attachment":"scroll","background-type":"","background-media":"","overlay-type":"","overlay-color":"","overlay-opacity":"","overlay-gradient":""},"mobile":{"background-color":"","background-image":"","background-repeat":"repeat","background-position":"center center","background-size":"auto","background-attachment":"scroll","background-type":"","background-media":"","overlay-type":"","overlay-color":"","overlay-opacity":"","overlay-gradient":""}},"ast-content-background-meta":{"desktop":{"background-color":"var(--ast-global-color-5)","background-image":"","background-repeat":"repeat","background-position":"center center","background-size":"auto","background-attachment":"scroll","background-type":"","background-media":"","overlay-type":"","overlay-color":"","overlay-opacity":"","overlay-gradient":""},"tablet":{"background-color":"var(--ast-global-color-5)","background-image":"","background-repeat":"repeat","background-position":"center center","background-size":"auto","background-attachment":"scroll","background-type":"","background-media":"","overlay-type":"","overlay-color":"","overlay-opacity":"","overlay-gradient":""},"mobile":{"background-color":"var(--ast-global-color-5)","background-image":"","background-repeat":"repeat","background-position":"center center","background-size":"auto","background-attachment":"scroll","background-type":"","background-media":"","overlay-type":"","overlay-color":"","overlay-opacity":"","overlay-gradient":""}},"footnotes":""},"categories":[1,29],"tags":[147],"class_list":["post-19792","post","type-post","status-publish","format-standard","has-post-thumbnail","hentry","category-general","category-portada","tag-el-gust-per-la-lectura"],"post_mailing_queue_ids":[],"_links":{"self":[{"href":"https:\/\/serveiseducatius.xtec.cat\/segria\/wp-json\/wp\/v2\/posts\/19792","targetHints":{"allow":["GET"]}}],"collection":[{"href":"https:\/\/serveiseducatius.xtec.cat\/segria\/wp-json\/wp\/v2\/posts"}],"about":[{"href":"https:\/\/serveiseducatius.xtec.cat\/segria\/wp-json\/wp\/v2\/types\/post"}],"author":[{"embeddable":true,"href":"https:\/\/serveiseducatius.xtec.cat\/segria\/wp-json\/wp\/v2\/users\/5"}],"replies":[{"embeddable":true,"href":"https:\/\/serveiseducatius.xtec.cat\/segria\/wp-json\/wp\/v2\/comments?post=19792"}],"version-history":[{"count":3,"href":"https:\/\/serveiseducatius.xtec.cat\/segria\/wp-json\/wp\/v2\/posts\/19792\/revisions"}],"predecessor-version":[{"id":20360,"href":"https:\/\/serveiseducatius.xtec.cat\/segria\/wp-json\/wp\/v2\/posts\/19792\/revisions\/20360"}],"wp:featuredmedia":[{"embeddable":true,"href":"https:\/\/serveiseducatius.xtec.cat\/segria\/wp-json\/wp\/v2\/media\/19793"}],"wp:attachment":[{"href":"https:\/\/serveiseducatius.xtec.cat\/segria\/wp-json\/wp\/v2\/media?parent=19792"}],"wp:term":[{"taxonomy":"category","embeddable":true,"href":"https:\/\/serveiseducatius.xtec.cat\/segria\/wp-json\/wp\/v2\/categories?post=19792"},{"taxonomy":"post_tag","embeddable":true,"href":"https:\/\/serveiseducatius.xtec.cat\/segria\/wp-json\/wp\/v2\/tags?post=19792"}],"curies":[{"name":"wp","href":"https:\/\/api.w.org\/{rel}","templated":true}]}}