{"id":19612,"date":"2023-05-15T13:00:42","date_gmt":"2023-05-15T11:00:42","guid":{"rendered":"https:\/\/serveiseducatius.xtec.cat\/segria\/?p=19612"},"modified":"2023-05-22T17:58:38","modified_gmt":"2023-05-22T15:58:38","slug":"deteccio-necessitats-de-formacio-en-centre-pfz-del-segria-curs-2023-24","status":"publish","type":"post","link":"https:\/\/serveiseducatius.xtec.cat\/segria\/general\/deteccio-necessitats-de-formacio-en-centre-pfz-del-segria-curs-2023-24\/","title":{"rendered":"Detecci\u00f3 necessitats de formaci\u00f3 en centre al Segri\u00e0: Curs 2023\/24"},"content":{"rendered":"<p><a href=\"https:\/\/serveiseducatius.xtec.cat\/segria\/wp-content\/uploads\/usu679\/2021\/09\/PFZ_gran_transparent-SE.png\"><img loading=\"lazy\" decoding=\"async\" class=\" wp-image-14617 alignleft\" src=\"https:\/\/serveiseducatius.xtec.cat\/segria\/wp-content\/uploads\/usu679\/2021\/09\/PFZ_gran_transparent-SE.png\" alt=\"\" width=\"335\" height=\"277\" srcset=\"https:\/\/serveiseducatius.xtec.cat\/segria\/wp-content\/uploads\/usu679\/2021\/09\/PFZ_gran_transparent-SE.png 400w, https:\/\/serveiseducatius.xtec.cat\/segria\/wp-content\/uploads\/usu679\/2021\/09\/PFZ_gran_transparent-SE-300x248.png 300w\" sizes=\"auto, (max-width: 335px) 100vw, 335px\" \/><\/a><\/p>\n<p>La <a href=\"https:\/\/drive.google.com\/file\/d\/1OwOad6oZBUabjd7R539VOgtn6IzvXYyT\/view?usp=sharing\" target=\"_blank\" rel=\"noopener\">Comissi\u00f3 del Pla de Formaci\u00f3 de Zona del Segri\u00e0<\/a> ha obert un per\u00edode de demanda d\u2019activitats de formaci\u00f3 en centre.<\/p>\n<p>Es podr\u00e0 tramitar la demanda d\u2019activitats de formaci\u00f3 en centre en dues fases:<\/p>\n<p><b>Fase 1- Del 24 d\u2019abril al 26 de maig<\/b><\/p>\n<p><b>Fase 2- Del 18 de setembre al 16 d\u2019octubre<\/b><\/p>\n<ul>\n<li>Modalitats:\u00a0 Assessorament, \u00a0Interna de Centre, Taller a Centre, Visita Formativa a Centre.\u00a0 <a href=\"https:\/\/serveiseducatius.xtec.cat\/segria\/wp-content\/uploads\/usu679\/2020\/12\/enllac.png\"><img loading=\"lazy\" decoding=\"async\" class=\"alignnone wp-image-10592\" src=\"https:\/\/serveiseducatius.xtec.cat\/segria\/wp-content\/uploads\/usu679\/2020\/12\/enllac.png\" alt=\"\" width=\"20\" height=\"20\" \/><\/a> \u00a0<a href=\"https:\/\/drive.google.com\/file\/d\/1Q9COeEuuB9FVfAzpw7jvt0gDuTwdCfUD\/view?usp=sharing\" target=\"_blank\" rel=\"noopener\"><strong>Document informatiu.<\/strong><\/a><\/li>\n<\/ul>\n<h4><strong>FASE 1<\/strong><\/h4>\n<ul>\n<li><strong>Detecci\u00f3 de necessitats formatives<\/strong>: s\u2019inicia el proc\u00e9s a partir del <strong>24 d\u2019abril<\/strong>, i es dur\u00e0 a terme\u00a0<strong>fins el 26 de maig.<\/strong><\/li>\n<\/ul>\n<ul>\n<li style=\"text-align: justify;\">El professional del CRP (referent de cada sector), es posar\u00e0 en contacte amb el vostre centre <strong>a partir del dia 24 d\u2019abril<\/strong>\u00a0per tal de saber quines necessitats formatives teniu. Caldr\u00e0 omplir, paral\u00b7lelament,\u00a0<a href=\"https:\/\/docs.google.com\/forms\/d\/e\/1FAIpQLSeOF1kRO47oPEzK5CQRYH1RcdISerWCWS1XIO8R02326RRL8g\/viewform\" target=\"_blank\" rel=\"noopener\"><strong>aquest formulari de detecci\u00f3 de necessitats<\/strong><\/a> (equip directiu). En cas de dubte, podeu contactar amb el Servei Educatiu.<\/li>\n<\/ul>\n<p>M\u00e9s informaci\u00f3:<\/p>\n<ul>\n<li><strong><a href=\"https:\/\/serveiseducatius.xtec.cat\/segria\/formacio\/gestio-2\/\" target=\"_blank\" rel=\"noopener\">Gesti\u00f3 de la formaci\u00f3 en centre<\/a><\/strong><\/li>\n<\/ul>\n<div style=\"position: relative; width: 100%; height: 0; padding-top: 250.0000%; padding-bottom: 0; box-shadow: 0 2px 8px 0 rgba(63,69,81,0.16); margin-top: 1.6em; margin-bottom: 0.9em; overflow: hidden; border-radius: 8px; will-change: transform;\">\n<p><iframe style=\"position: absolute; width: 100%; height: 100%; top: 0; left: 0; border: none; padding: 0; margin: 0;\" src=\"https:\/\/www.canva.com\/design\/DAEdmUOecoU\/view?embed\" allowfullscreen=\"allowfullscreen\"><\/iframe><\/p>\n<\/div>\n","protected":false},"excerpt":{"rendered":"<p>La Comissi\u00f3 del Pla de Formaci\u00f3 de Zona del Segri\u00e0 ha obert un per\u00edode de demanda d\u2019activitats de formaci\u00f3 en centre. Es podr\u00e0 tramitar la demanda d\u2019activitats de formaci\u00f3 en centre en dues fases: Fase 1- Del 24 d\u2019abril al 26 de maig Fase 2- Del 18 de setembre al 16 d\u2019octubre Modalitats:\u00a0 Assessorament, \u00a0Interna [&hellip;]<\/p>\n","protected":false},"author":16,"featured_media":19862,"comment_status":"closed","ping_status":"closed","sticky":false,"template":"","format":"standard","meta":{"_bbp_topic_count":0,"_bbp_reply_count":0,"_bbp_total_topic_count":0,"_bbp_total_reply_count":0,"_bbp_voice_count":0,"_bbp_anonymous_reply_count":0,"_bbp_topic_count_hidden":0,"_bbp_reply_count_hidden":0,"_bbp_forum_subforum_count":0,"site-sidebar-layout":"default","site-content-layout":"","ast-site-content-layout":"","site-content-style":"default","site-sidebar-style":"default","ast-global-header-display":"","ast-banner-title-visibility":"","ast-main-header-display":"","ast-hfb-above-header-display":"","ast-hfb-below-header-display":"","ast-hfb-mobile-header-display":"","site-post-title":"","ast-breadcrumbs-content":"","ast-featured-img":"","footer-sml-layout":"","theme-transparent-header-meta":"","adv-header-id-meta":"","stick-header-meta":"","header-above-stick-meta":"","header-main-stick-meta":"","header-below-stick-meta":"","astra-migrate-meta-layouts":"default","ast-page-background-enabled":"default","ast-page-background-meta":{"desktop":{"background-color":"var(--ast-global-color-4)","background-image":"","background-repeat":"repeat","background-position":"center center","background-size":"auto","background-attachment":"scroll","background-type":"","background-media":"","overlay-type":"","overlay-color":"","overlay-opacity":"","overlay-gradient":""},"tablet":{"background-color":"","background-image":"","background-repeat":"repeat","background-position":"center center","background-size":"auto","background-attachment":"scroll","background-type":"","background-media":"","overlay-type":"","overlay-color":"","overlay-opacity":"","overlay-gradient":""},"mobile":{"background-color":"","background-image":"","background-repeat":"repeat","background-position":"center center","background-size":"auto","background-attachment":"scroll","background-type":"","background-media":"","overlay-type":"","overlay-color":"","overlay-opacity":"","overlay-gradient":""}},"ast-content-background-meta":{"desktop":{"background-color":"var(--ast-global-color-5)","background-image":"","background-repeat":"repeat","background-position":"center center","background-size":"auto","background-attachment":"scroll","background-type":"","background-media":"","overlay-type":"","overlay-color":"","overlay-opacity":"","overlay-gradient":""},"tablet":{"background-color":"var(--ast-global-color-5)","background-image":"","background-repeat":"repeat","background-position":"center center","background-size":"auto","background-attachment":"scroll","background-type":"","background-media":"","overlay-type":"","overlay-color":"","overlay-opacity":"","overlay-gradient":""},"mobile":{"background-color":"var(--ast-global-color-5)","background-image":"","background-repeat":"repeat","background-position":"center center","background-size":"auto","background-attachment":"scroll","background-type":"","background-media":"","overlay-type":"","overlay-color":"","overlay-opacity":"","overlay-gradient":""}},"footnotes":""},"categories":[154,1,153,29],"tags":[807,523,398],"class_list":["post-19612","post","type-post","status-publish","format-standard","has-post-thumbnail","hentry","category-formacio","category-general","category-pfz-segria","category-portada","tag-curs-2023-2024","tag-deteccio-de-necessitats","tag-pla-de-formacio-de-zona"],"post_mailing_queue_ids":[],"_links":{"self":[{"href":"https:\/\/serveiseducatius.xtec.cat\/segria\/wp-json\/wp\/v2\/posts\/19612","targetHints":{"allow":["GET"]}}],"collection":[{"href":"https:\/\/serveiseducatius.xtec.cat\/segria\/wp-json\/wp\/v2\/posts"}],"about":[{"href":"https:\/\/serveiseducatius.xtec.cat\/segria\/wp-json\/wp\/v2\/types\/post"}],"author":[{"embeddable":true,"href":"https:\/\/serveiseducatius.xtec.cat\/segria\/wp-json\/wp\/v2\/users\/16"}],"replies":[{"embeddable":true,"href":"https:\/\/serveiseducatius.xtec.cat\/segria\/wp-json\/wp\/v2\/comments?post=19612"}],"version-history":[{"count":4,"href":"https:\/\/serveiseducatius.xtec.cat\/segria\/wp-json\/wp\/v2\/posts\/19612\/revisions"}],"predecessor-version":[{"id":19688,"href":"https:\/\/serveiseducatius.xtec.cat\/segria\/wp-json\/wp\/v2\/posts\/19612\/revisions\/19688"}],"wp:featuredmedia":[{"embeddable":true,"href":"https:\/\/serveiseducatius.xtec.cat\/segria\/wp-json\/wp\/v2\/media\/19862"}],"wp:attachment":[{"href":"https:\/\/serveiseducatius.xtec.cat\/segria\/wp-json\/wp\/v2\/media?parent=19612"}],"wp:term":[{"taxonomy":"category","embeddable":true,"href":"https:\/\/serveiseducatius.xtec.cat\/segria\/wp-json\/wp\/v2\/categories?post=19612"},{"taxonomy":"post_tag","embeddable":true,"href":"https:\/\/serveiseducatius.xtec.cat\/segria\/wp-json\/wp\/v2\/tags?post=19612"}],"curies":[{"name":"wp","href":"https:\/\/api.w.org\/{rel}","templated":true}]}}