{"id":19489,"date":"2023-03-27T09:18:41","date_gmt":"2023-03-27T07:18:41","guid":{"rendered":"https:\/\/serveiseducatius.xtec.cat\/segria\/?p=19489"},"modified":"2023-04-19T13:46:01","modified_gmt":"2023-04-19T11:46:01","slug":"paisatge-estepari-timoneda-dalfes-ruta-a-peu-dalfes-fins-a-aspa-ruta-de-les-peixeres-a-alfes-i-aspa","status":"publish","type":"post","link":"https:\/\/serveiseducatius.xtec.cat\/segria\/general\/paisatge-estepari-timoneda-dalfes-ruta-a-peu-dalfes-fins-a-aspa-ruta-de-les-peixeres-a-alfes-i-aspa\/","title":{"rendered":"Paisatge estepari: Timoneda d&#8217;Alf\u00e9s, ruta a peu d&#8217;Alf\u00e9s fins a Aspa (ruta de les peixeres)"},"content":{"rendered":"<h3>2a SORTIDA PEDAG\u00d2GICA DESCOBRIM EL SEGRI\u00c0 2023\u00a0 \u00a0 \u00a0 \u00a0 \u00a0 \u00a0 \u00a0 \u00a0 \u00a0 \u00a0 \u00a0 \u00a0<a href=\"https:\/\/www.descobrimelsegria.cat\/\" target=\"_blank\" rel=\"noopener\"><img loading=\"lazy\" decoding=\"async\" class=\"alignnone wp-image-19534\" src=\"https:\/\/serveiseducatius.xtec.cat\/segria\/wp-content\/uploads\/usu679\/2023\/03\/descobrim_segria_logo.png\" alt=\"\" width=\"166\" height=\"68\" srcset=\"https:\/\/serveiseducatius.xtec.cat\/segria\/wp-content\/uploads\/usu679\/2023\/03\/descobrim_segria_logo.png 302w, https:\/\/serveiseducatius.xtec.cat\/segria\/wp-content\/uploads\/usu679\/2023\/03\/descobrim_segria_logo-300x124.png 300w\" sizes=\"auto, (max-width: 166px) 100vw, 166px\" \/><\/a><\/h3>\n<p><a href=\"https:\/\/serveiseducatius.xtec.cat\/segria\/wp-content\/uploads\/usu679\/2023\/03\/Descobrim-el-Segria-Alfes.jpg\"><img loading=\"lazy\" decoding=\"async\" class=\"wp-image-19521 alignleft\" src=\"https:\/\/serveiseducatius.xtec.cat\/segria\/wp-content\/uploads\/usu679\/2023\/03\/Descobrim-el-Segria-Alfes-1024x724.jpg\" alt=\"\" width=\"650\" height=\"460\" srcset=\"https:\/\/serveiseducatius.xtec.cat\/segria\/wp-content\/uploads\/usu679\/2023\/03\/Descobrim-el-Segria-Alfes-1024x724.jpg 1024w, https:\/\/serveiseducatius.xtec.cat\/segria\/wp-content\/uploads\/usu679\/2023\/03\/Descobrim-el-Segria-Alfes-300x212.jpg 300w, https:\/\/serveiseducatius.xtec.cat\/segria\/wp-content\/uploads\/usu679\/2023\/03\/Descobrim-el-Segria-Alfes-768x543.jpg 768w, https:\/\/serveiseducatius.xtec.cat\/segria\/wp-content\/uploads\/usu679\/2023\/03\/Descobrim-el-Segria-Alfes-1536x1086.jpg 1536w, https:\/\/serveiseducatius.xtec.cat\/segria\/wp-content\/uploads\/usu679\/2023\/03\/Descobrim-el-Segria-Alfes.jpg 1600w\" sizes=\"auto, (max-width: 650px) 100vw, 650px\" \/><\/a><strong>Dissabte, 15 d&#8217;abril de 2023<\/strong><\/p>\n<p>De 9 a 14 h<\/p>\n<h5><a href=\"https:\/\/drive.google.com\/file\/d\/1c2Ja2DUj9HV4bZmCGU5XitJck1AWEq1k\/view?usp=sharing\" target=\"_blank\" rel=\"noopener\">Cartell<\/a><\/h5>\n<p><a href=\"https:\/\/drive.google.com\/file\/d\/19Qx0wP7qG9JyUoFCYt0pOMjqJ6QH65Qh\/view?usp=sharing\" target=\"_blank\" rel=\"noopener\">Dossier de la Sortida<\/a><\/p>\n<h5>Programa:<\/h5>\n<p><span style=\"font-weight: 400;\">PUNT DE TROBADA: Aer\u00f2drom Alf\u00e9s (a les 9:00 h)<\/span><\/p>\n<p><span style=\"font-weight: 400;\">09:15 h Visita Timoneda d\u2019Alf\u00e9s\u00a0<\/span><\/p>\n<p><span style=\"font-weight: 400;\">10:00 h Esgl\u00e9sia Rom\u00e0nica\/Casa de les doctores a Alf\u00e9s<\/span><\/p>\n<p><span style=\"font-weight: 400;\">10:30 h Pausa caf\u00e8\u00a0<\/span><\/p>\n<p><span style=\"font-weight: 400;\">11:30 h Peixeres del Riu Set (d\u2019Alf\u00e9s a Aspa)<\/span><\/p>\n<p><span style=\"font-weight: 400;\">14:00 h Fi de la jornada<\/span><\/p>\n<p><a href=\"https:\/\/docs.google.com\/forms\/d\/e\/1FAIpQLSeYUs3wfMAfS_YqR1K3AuF3_7Nj9fjUSvSDL0WcmDHeE97LVQ\/viewform\" target=\"_blank\" rel=\"noopener\">Inscripci\u00f3 nom\u00e9s per aquesta sortida<\/a><\/p>\n<p><a href=\"https:\/\/drive.google.com\/file\/d\/1BeqcvHOxvIWpKe4RdZlk0ykvUlvaHEqf\/view?usp=sharing\" target=\"_blank\" rel=\"noopener\">Activitat del Pla de Formaci\u00f3 de Zona del Segri\u00e0<\/a> per les persones que hi assisteixen al cicle de les tres sortides<\/p>\n","protected":false},"excerpt":{"rendered":"<p>Segona sortida del cicle Descobrim el Segri\u00e0 2023 a Alf\u00e9s es visitar\u00e0 la Timoneda, l&#8217;Esgl\u00e9sia Rom\u00e0nica, la Casa de les Doctores i les Peixeres del Riu Set (d&#8217;Alf\u00e9s a Aspa)<\/p>\n","protected":false},"author":16,"featured_media":19521,"comment_status":"closed","ping_status":"closed","sticky":false,"template":"","format":"standard","meta":{"_bbp_topic_count":0,"_bbp_reply_count":0,"_bbp_total_topic_count":0,"_bbp_total_reply_count":0,"_bbp_voice_count":0,"_bbp_anonymous_reply_count":0,"_bbp_topic_count_hidden":0,"_bbp_reply_count_hidden":0,"_bbp_forum_subforum_count":0,"site-sidebar-layout":"default","site-content-layout":"","ast-site-content-layout":"","site-content-style":"default","site-sidebar-style":"default","ast-global-header-display":"","ast-banner-title-visibility":"","ast-main-header-display":"","ast-hfb-above-header-display":"","ast-hfb-below-header-display":"","ast-hfb-mobile-header-display":"","site-post-title":"","ast-breadcrumbs-content":"","ast-featured-img":"","footer-sml-layout":"","theme-transparent-header-meta":"","adv-header-id-meta":"","stick-header-meta":"","header-above-stick-meta":"","header-main-stick-meta":"","header-below-stick-meta":"","astra-migrate-meta-layouts":"default","ast-page-background-enabled":"default","ast-page-background-meta":{"desktop":{"background-color":"var(--ast-global-color-4)","background-image":"","background-repeat":"repeat","background-position":"center center","background-size":"auto","background-attachment":"scroll","background-type":"","background-media":"","overlay-type":"","overlay-color":"","overlay-opacity":"","overlay-gradient":""},"tablet":{"background-color":"","background-image":"","background-repeat":"repeat","background-position":"center center","background-size":"auto","background-attachment":"scroll","background-type":"","background-media":"","overlay-type":"","overlay-color":"","overlay-opacity":"","overlay-gradient":""},"mobile":{"background-color":"","background-image":"","background-repeat":"repeat","background-position":"center center","background-size":"auto","background-attachment":"scroll","background-type":"","background-media":"","overlay-type":"","overlay-color":"","overlay-opacity":"","overlay-gradient":""}},"ast-content-background-meta":{"desktop":{"background-color":"var(--ast-global-color-5)","background-image":"","background-repeat":"repeat","background-position":"center center","background-size":"auto","background-attachment":"scroll","background-type":"","background-media":"","overlay-type":"","overlay-color":"","overlay-opacity":"","overlay-gradient":""},"tablet":{"background-color":"var(--ast-global-color-5)","background-image":"","background-repeat":"repeat","background-position":"center center","background-size":"auto","background-attachment":"scroll","background-type":"","background-media":"","overlay-type":"","overlay-color":"","overlay-opacity":"","overlay-gradient":""},"mobile":{"background-color":"var(--ast-global-color-5)","background-image":"","background-repeat":"repeat","background-position":"center center","background-size":"auto","background-attachment":"scroll","background-type":"","background-media":"","overlay-type":"","overlay-color":"","overlay-opacity":"","overlay-gradient":""}},"footnotes":""},"categories":[154,1,153,29],"tags":[805,750,398,806],"class_list":["post-19489","post","type-post","status-publish","format-standard","has-post-thumbnail","hentry","category-formacio","category-general","category-pfz-segria","category-portada","tag-alfes","tag-curs-2022-2023","tag-pla-de-formacio-de-zona","tag-sortida-pedagogica"],"post_mailing_queue_ids":[],"_links":{"self":[{"href":"https:\/\/serveiseducatius.xtec.cat\/segria\/wp-json\/wp\/v2\/posts\/19489","targetHints":{"allow":["GET"]}}],"collection":[{"href":"https:\/\/serveiseducatius.xtec.cat\/segria\/wp-json\/wp\/v2\/posts"}],"about":[{"href":"https:\/\/serveiseducatius.xtec.cat\/segria\/wp-json\/wp\/v2\/types\/post"}],"author":[{"embeddable":true,"href":"https:\/\/serveiseducatius.xtec.cat\/segria\/wp-json\/wp\/v2\/users\/16"}],"replies":[{"embeddable":true,"href":"https:\/\/serveiseducatius.xtec.cat\/segria\/wp-json\/wp\/v2\/comments?post=19489"}],"version-history":[{"count":3,"href":"https:\/\/serveiseducatius.xtec.cat\/segria\/wp-json\/wp\/v2\/posts\/19489\/revisions"}],"predecessor-version":[{"id":19545,"href":"https:\/\/serveiseducatius.xtec.cat\/segria\/wp-json\/wp\/v2\/posts\/19489\/revisions\/19545"}],"wp:featuredmedia":[{"embeddable":true,"href":"https:\/\/serveiseducatius.xtec.cat\/segria\/wp-json\/wp\/v2\/media\/19521"}],"wp:attachment":[{"href":"https:\/\/serveiseducatius.xtec.cat\/segria\/wp-json\/wp\/v2\/media?parent=19489"}],"wp:term":[{"taxonomy":"category","embeddable":true,"href":"https:\/\/serveiseducatius.xtec.cat\/segria\/wp-json\/wp\/v2\/categories?post=19489"},{"taxonomy":"post_tag","embeddable":true,"href":"https:\/\/serveiseducatius.xtec.cat\/segria\/wp-json\/wp\/v2\/tags?post=19489"}],"curies":[{"name":"wp","href":"https:\/\/api.w.org\/{rel}","templated":true}]}}