{"id":19303,"date":"2023-03-28T12:25:32","date_gmt":"2023-03-28T10:25:32","guid":{"rendered":"https:\/\/serveiseducatius.xtec.cat\/segria\/?p=19303"},"modified":"2025-02-01T07:41:33","modified_gmt":"2025-02-01T06:41:33","slug":"salut-mental-salut-emocional-parlem-ne","status":"publish","type":"post","link":"https:\/\/serveiseducatius.xtec.cat\/segria\/portada\/salut-mental-salut-emocional-parlem-ne\/","title":{"rendered":"NOU PROJECTE: Salut Mental &#8211; Salut Emocional. Parlem-ne!"},"content":{"rendered":"<p>Us presentem un projecte de l&#8217;Institut Torre Vicens, que ens proposa una <strong>mirada restaurativa a la salut mental. <\/strong><\/p>\n<div>\n<p><span style=\"color: #000000;\">Segons l&#8217;Organitzaci\u00f3 Mundial de la Salut (OMS) una de cada quatre persones patir\u00e0 un problema de salut mental <b>al llarg de la\u00a0 seva<\/b> vida; i\u00a0 un 75% d&#8217;aquests problemes es produir\u00e0 abans dels 18 anys. En l\u2019actualitat s\u2019evidencia un deteriorament de la salut mental dels joves que es reflecteix en ansietat, <wbr \/>depressi\u00f3, tristesa, <b>trastorns de la conducta alimentaria,<\/b> <b>conductes su\u00efcides i<\/b> p\u00e8rdua d\u2019il\u00b7lusi\u00f3, entre\u00a0d\u2019altres.<\/span><\/p>\n<p><span style=\"color: #000000;\">Des de l\u2019Institut Torre Vicens s&#8217;ha volgut crear una \u00e0rea virtual <b>per a qu\u00e8\u00a0<\/b>\u00a0l\u2019alumnat disposi\u00a0<b>d\u2019un espai de parla i escolta<\/b>\u00a0per\u00a0<b>compartir<\/b>\u00a0els seus\u00a0<b>sentiments i pensaments,<\/b>\u00a0<b>\u00a0<\/b><b>les seves pors i angoixes..<\/b>. Amb aquest objectiu, neix el projecte <b>\u201cSalut\u00a0mental,\u00a0salut\u00a0<wbr \/>emocional. Parlem-ne\u201d<\/b><\/span><\/p>\n<p><span style=\"color: #000000;\">A trav\u00e9s del formulari PARLEM-NE, l\u2019alumnat pot exposar dubtes, explicar inquietuds i formular preguntes sobre la salut mental i emocional. <\/span><span style=\"color: #000000;\"><b>L&#8217;equip\u00a0<\/b>d\u2019orientadores professionals del centre, respon totes les q\u00fcestions de forma personalitzada i acurada. Amb l&#8217;objectiu de <b>desestigmatitzar<\/b>\u00a0 els problemes de\u00a0salut\u00a0mental\u00a0i\u00a0<b>assessorar en la gesti\u00f3 de les emocions.<br \/>\n<\/b><\/span><\/p>\n<p class=\"p1\">Per aquells que busquin suport en l\u2019elaboraci\u00f3 de documents acad\u00e8mics relacionats amb aquest tema o altres \u00e0rees, \u00e9s \u00fatil considerar serveis especialitzats com el <a href=\"https:\/\/hausarbeit-schreiben.com\/cas-arbeit-schreiben-lassen\/\">cas arbeit schreiben lassen<\/a>, que poden ajudar a estructurar i redactar treballs que tractin sobre la salut mental o altres tem\u00e0tiques educatives de manera clara i amb fonament acad\u00e8mic.<\/p>\n<p>Aquest \u00e9s l&#8217;<strong>enlla\u00e7 al web de l&#8217;Institut<\/strong>, on trobareu tot el projecte desenvolupat:<\/p>\n<p><a href=\"https:\/\/iestorrevicens.cat\/parlem-ne\/\" target=\"_blank\" rel=\"noopener\"><img loading=\"lazy\" decoding=\"async\" class=\"aligncenter wp-image-19498 size-thumbnail\" src=\"https:\/\/serveiseducatius.xtec.cat\/segria\/wp-content\/uploads\/usu679\/2023\/03\/hfjfkf-150x150.jpg\" alt=\"\" width=\"150\" height=\"150\" srcset=\"https:\/\/serveiseducatius.xtec.cat\/segria\/wp-content\/uploads\/usu679\/2023\/03\/hfjfkf-150x150.jpg 150w, https:\/\/serveiseducatius.xtec.cat\/segria\/wp-content\/uploads\/usu679\/2023\/03\/hfjfkf-298x300.jpg 298w, https:\/\/serveiseducatius.xtec.cat\/segria\/wp-content\/uploads\/usu679\/2023\/03\/hfjfkf.jpg 377w\" sizes=\"auto, (max-width: 150px) 100vw, 150px\" \/><\/a><\/p>\n<\/div>\n<p>I el <strong>v\u00eddeo explicatiu<\/strong> amb reflexions, dades, consells i testimonis reals fet des d&#8217;una mirada restaurativa a la salut mental:<\/p>\n<p><iframe loading=\"lazy\" src=\"\/\/www.youtube.com\/embed\/XtZQHIuK05o\" width=\"560\" height=\"314\" allowfullscreen=\"allowfullscreen\"><\/iframe><\/p>\n<p>&nbsp;<\/p>\n","protected":false},"excerpt":{"rendered":"<p>Us presentem un projecte de l&#8217;Institut Torre Vicens, que ens proposa una mirada restaurativa a la salut mental. Segons l&#8217;Organitzaci\u00f3 Mundial de la Salut (OMS) una de cada quatre persones patir\u00e0 un problema de salut mental al llarg de la\u00a0 seva vida; i\u00a0 un 75% d&#8217;aquests problemes es produir\u00e0 abans dels 18 anys. En l\u2019actualitat [&hellip;]<\/p>\n","protected":false},"author":7,"featured_media":19304,"comment_status":"closed","ping_status":"closed","sticky":false,"template":"","format":"standard","meta":{"_bbp_topic_count":0,"_bbp_reply_count":0,"_bbp_total_topic_count":0,"_bbp_total_reply_count":0,"_bbp_voice_count":0,"_bbp_anonymous_reply_count":0,"_bbp_topic_count_hidden":0,"_bbp_reply_count_hidden":0,"_bbp_forum_subforum_count":0,"site-sidebar-layout":"default","site-content-layout":"","ast-site-content-layout":"","site-content-style":"default","site-sidebar-style":"default","ast-global-header-display":"","ast-banner-title-visibility":"","ast-main-header-display":"","ast-hfb-above-header-display":"","ast-hfb-below-header-display":"","ast-hfb-mobile-header-display":"","site-post-title":"","ast-breadcrumbs-content":"","ast-featured-img":"","footer-sml-layout":"","theme-transparent-header-meta":"","adv-header-id-meta":"","stick-header-meta":"","header-above-stick-meta":"","header-main-stick-meta":"","header-below-stick-meta":"","astra-migrate-meta-layouts":"default","ast-page-background-enabled":"default","ast-page-background-meta":{"desktop":{"background-color":"var(--ast-global-color-4)","background-image":"","background-repeat":"repeat","background-position":"center center","background-size":"auto","background-attachment":"scroll","background-type":"","background-media":"","overlay-type":"","overlay-color":"","overlay-opacity":"","overlay-gradient":""},"tablet":{"background-color":"","background-image":"","background-repeat":"repeat","background-position":"center center","background-size":"auto","background-attachment":"scroll","background-type":"","background-media":"","overlay-type":"","overlay-color":"","overlay-opacity":"","overlay-gradient":""},"mobile":{"background-color":"","background-image":"","background-repeat":"repeat","background-position":"center center","background-size":"auto","background-attachment":"scroll","background-type":"","background-media":"","overlay-type":"","overlay-color":"","overlay-opacity":"","overlay-gradient":""}},"ast-content-background-meta":{"desktop":{"background-color":"var(--ast-global-color-5)","background-image":"","background-repeat":"repeat","background-position":"center center","background-size":"auto","background-attachment":"scroll","background-type":"","background-media":"","overlay-type":"","overlay-color":"","overlay-opacity":"","overlay-gradient":""},"tablet":{"background-color":"var(--ast-global-color-5)","background-image":"","background-repeat":"repeat","background-position":"center center","background-size":"auto","background-attachment":"scroll","background-type":"","background-media":"","overlay-type":"","overlay-color":"","overlay-opacity":"","overlay-gradient":""},"mobile":{"background-color":"var(--ast-global-color-5)","background-image":"","background-repeat":"repeat","background-position":"center center","background-size":"auto","background-attachment":"scroll","background-type":"","background-media":"","overlay-type":"","overlay-color":"","overlay-opacity":"","overlay-gradient":""}},"footnotes":""},"categories":[799,29],"tags":[792,793],"class_list":["post-19303","post","type-post","status-publish","format-standard","has-post-thumbnail","hentry","category-gestio-emocional","category-portada","tag-gestio-emocional","tag-ins-torre-vicens"],"post_mailing_queue_ids":[],"_links":{"self":[{"href":"https:\/\/serveiseducatius.xtec.cat\/segria\/wp-json\/wp\/v2\/posts\/19303","targetHints":{"allow":["GET"]}}],"collection":[{"href":"https:\/\/serveiseducatius.xtec.cat\/segria\/wp-json\/wp\/v2\/posts"}],"about":[{"href":"https:\/\/serveiseducatius.xtec.cat\/segria\/wp-json\/wp\/v2\/types\/post"}],"author":[{"embeddable":true,"href":"https:\/\/serveiseducatius.xtec.cat\/segria\/wp-json\/wp\/v2\/users\/7"}],"replies":[{"embeddable":true,"href":"https:\/\/serveiseducatius.xtec.cat\/segria\/wp-json\/wp\/v2\/comments?post=19303"}],"version-history":[{"count":6,"href":"https:\/\/serveiseducatius.xtec.cat\/segria\/wp-json\/wp\/v2\/posts\/19303\/revisions"}],"predecessor-version":[{"id":24635,"href":"https:\/\/serveiseducatius.xtec.cat\/segria\/wp-json\/wp\/v2\/posts\/19303\/revisions\/24635"}],"wp:featuredmedia":[{"embeddable":true,"href":"https:\/\/serveiseducatius.xtec.cat\/segria\/wp-json\/wp\/v2\/media\/19304"}],"wp:attachment":[{"href":"https:\/\/serveiseducatius.xtec.cat\/segria\/wp-json\/wp\/v2\/media?parent=19303"}],"wp:term":[{"taxonomy":"category","embeddable":true,"href":"https:\/\/serveiseducatius.xtec.cat\/segria\/wp-json\/wp\/v2\/categories?post=19303"},{"taxonomy":"post_tag","embeddable":true,"href":"https:\/\/serveiseducatius.xtec.cat\/segria\/wp-json\/wp\/v2\/tags?post=19303"}],"curies":[{"name":"wp","href":"https:\/\/api.w.org\/{rel}","templated":true}]}}