{"id":19015,"date":"2023-01-02T08:40:14","date_gmt":"2023-01-02T07:40:14","guid":{"rendered":"https:\/\/serveiseducatius.xtec.cat\/segria\/?p=19015"},"modified":"2023-11-06T16:16:20","modified_gmt":"2023-11-06T15:16:20","slug":"down-lleida-xiii-jornada-tecnica-sobre-educacio-inclusiva","status":"publish","type":"post","link":"https:\/\/serveiseducatius.xtec.cat\/segria\/portada\/down-lleida-xiii-jornada-tecnica-sobre-educacio-inclusiva\/","title":{"rendered":"Down Lleida: XIII Jornada T\u00e8cnica sobre educaci\u00f3 inclusiva"},"content":{"rendered":"<p><span lang=\"CA\">Down Lleida organitza la <b>XIII Jornada T\u00e8cnica<\/b> sobre educaci\u00f3 inclusiva<b><i>, <\/i><\/b>el dissabte <b> \u00a011 de febrer de 2023,<\/b> a la Universitat de Lleida.<\/span> Aquest \u00e9s el programa:<\/p>\n<p><img loading=\"lazy\" decoding=\"async\" class=\"aligncenter size-full wp-image-19016\" src=\"https:\/\/serveiseducatius.xtec.cat\/segria\/wp-content\/uploads\/usu679\/2023\/02\/down-lleida.jpg\" alt=\"\" width=\"542\" height=\"727\" srcset=\"https:\/\/serveiseducatius.xtec.cat\/segria\/wp-content\/uploads\/usu679\/2023\/02\/down-lleida.jpg 542w, https:\/\/serveiseducatius.xtec.cat\/segria\/wp-content\/uploads\/usu679\/2023\/02\/down-lleida-224x300.jpg 224w\" sizes=\"auto, (max-width: 542px) 100vw, 542px\" \/><\/p>\n<p>Per inscriure-us podeu fer-ho a trav\u00e9s del link seg\u00fcent:<\/p>\n<p><a href=\"https:\/\/forms.office.com\/e\/xug3VVZFCt\" data-saferedirecturl=\"https:\/\/www.google.com\/url?q=https:\/\/forms.office.com\/e\/xug3VVZFCt&amp;source=gmail&amp;ust=1675409494150000&amp;usg=AOvVaw0rGXOJ3i7v9Fn9slcaFn9m\">https:\/\/forms.office.com\/e\/xug3VVZFCt<\/a><\/p>\n<p><strong><em>\u00a0<\/em><\/strong>Per qualsevol dubte podeu contactar amb l\u2019associaci\u00f3 Down Lleida al tel\u00e8fon 973 22 50 40 o al correu <a href=\"mailto:coordinaciopedagogica@downlleida.org\">coordinaciopedagogica@downlleida.org<\/a><\/p>\n<p>&nbsp;<\/p>\n","protected":false},"excerpt":{"rendered":"<p>Down Lleida organitza la XIII Jornada T\u00e8cnica sobre educaci\u00f3 inclusiva, el dissabte \u00a011 de febrer de 2023, a la Universitat de Lleida. Aquest \u00e9s el programa: Per inscriure-us podeu fer-ho a trav\u00e9s del link seg\u00fcent: https:\/\/forms.office.com\/e\/xug3VVZFCt \u00a0Per qualsevol dubte podeu contactar amb l\u2019associaci\u00f3 Down Lleida al tel\u00e8fon 973 22 50 40 o al correu coordinaciopedagogica@downlleida.org [&hellip;]<\/p>\n","protected":false},"author":7,"featured_media":19017,"comment_status":"closed","ping_status":"closed","sticky":false,"template":"","format":"standard","meta":{"_bbp_topic_count":0,"_bbp_reply_count":0,"_bbp_total_topic_count":0,"_bbp_total_reply_count":0,"_bbp_voice_count":0,"_bbp_anonymous_reply_count":0,"_bbp_topic_count_hidden":0,"_bbp_reply_count_hidden":0,"_bbp_forum_subforum_count":0,"site-sidebar-layout":"default","site-content-layout":"","ast-site-content-layout":"","site-content-style":"default","site-sidebar-style":"default","ast-global-header-display":"","ast-banner-title-visibility":"","ast-main-header-display":"","ast-hfb-above-header-display":"","ast-hfb-below-header-display":"","ast-hfb-mobile-header-display":"","site-post-title":"","ast-breadcrumbs-content":"","ast-featured-img":"","footer-sml-layout":"","theme-transparent-header-meta":"","adv-header-id-meta":"","stick-header-meta":"","header-above-stick-meta":"","header-main-stick-meta":"","header-below-stick-meta":"","astra-migrate-meta-layouts":"default","ast-page-background-enabled":"default","ast-page-background-meta":{"desktop":{"background-color":"var(--ast-global-color-4)","background-image":"","background-repeat":"repeat","background-position":"center center","background-size":"auto","background-attachment":"scroll","background-type":"","background-media":"","overlay-type":"","overlay-color":"","overlay-opacity":"","overlay-gradient":""},"tablet":{"background-color":"","background-image":"","background-repeat":"repeat","background-position":"center center","background-size":"auto","background-attachment":"scroll","background-type":"","background-media":"","overlay-type":"","overlay-color":"","overlay-opacity":"","overlay-gradient":""},"mobile":{"background-color":"","background-image":"","background-repeat":"repeat","background-position":"center center","background-size":"auto","background-attachment":"scroll","background-type":"","background-media":"","overlay-type":"","overlay-color":"","overlay-opacity":"","overlay-gradient":""}},"ast-content-background-meta":{"desktop":{"background-color":"var(--ast-global-color-5)","background-image":"","background-repeat":"repeat","background-position":"center center","background-size":"auto","background-attachment":"scroll","background-type":"","background-media":"","overlay-type":"","overlay-color":"","overlay-opacity":"","overlay-gradient":""},"tablet":{"background-color":"var(--ast-global-color-5)","background-image":"","background-repeat":"repeat","background-position":"center center","background-size":"auto","background-attachment":"scroll","background-type":"","background-media":"","overlay-type":"","overlay-color":"","overlay-opacity":"","overlay-gradient":""},"mobile":{"background-color":"var(--ast-global-color-5)","background-image":"","background-repeat":"repeat","background-position":"center center","background-size":"auto","background-attachment":"scroll","background-type":"","background-media":"","overlay-type":"","overlay-color":"","overlay-opacity":"","overlay-gradient":""}},"footnotes":""},"categories":[302,303,489,29],"tags":[],"class_list":["post-19015","post","type-post","status-publish","format-standard","has-post-thumbnail","hentry","category-diversitat","category-inclusio","category-jornada","category-portada"],"post_mailing_queue_ids":[],"_links":{"self":[{"href":"https:\/\/serveiseducatius.xtec.cat\/segria\/wp-json\/wp\/v2\/posts\/19015","targetHints":{"allow":["GET"]}}],"collection":[{"href":"https:\/\/serveiseducatius.xtec.cat\/segria\/wp-json\/wp\/v2\/posts"}],"about":[{"href":"https:\/\/serveiseducatius.xtec.cat\/segria\/wp-json\/wp\/v2\/types\/post"}],"author":[{"embeddable":true,"href":"https:\/\/serveiseducatius.xtec.cat\/segria\/wp-json\/wp\/v2\/users\/7"}],"replies":[{"embeddable":true,"href":"https:\/\/serveiseducatius.xtec.cat\/segria\/wp-json\/wp\/v2\/comments?post=19015"}],"version-history":[{"count":2,"href":"https:\/\/serveiseducatius.xtec.cat\/segria\/wp-json\/wp\/v2\/posts\/19015\/revisions"}],"predecessor-version":[{"id":19019,"href":"https:\/\/serveiseducatius.xtec.cat\/segria\/wp-json\/wp\/v2\/posts\/19015\/revisions\/19019"}],"wp:featuredmedia":[{"embeddable":true,"href":"https:\/\/serveiseducatius.xtec.cat\/segria\/wp-json\/wp\/v2\/media\/19017"}],"wp:attachment":[{"href":"https:\/\/serveiseducatius.xtec.cat\/segria\/wp-json\/wp\/v2\/media?parent=19015"}],"wp:term":[{"taxonomy":"category","embeddable":true,"href":"https:\/\/serveiseducatius.xtec.cat\/segria\/wp-json\/wp\/v2\/categories?post=19015"},{"taxonomy":"post_tag","embeddable":true,"href":"https:\/\/serveiseducatius.xtec.cat\/segria\/wp-json\/wp\/v2\/tags?post=19015"}],"curies":[{"name":"wp","href":"https:\/\/api.w.org\/{rel}","templated":true}]}}