{"id":18873,"date":"2022-11-13T12:35:29","date_gmt":"2022-11-13T11:35:29","guid":{"rendered":"https:\/\/serveiseducatius.xtec.cat\/segria\/?p=18873"},"modified":"2023-02-21T12:18:01","modified_gmt":"2023-02-21T11:18:01","slug":"proves-lliures-per-a-lobtencio-de-certificats-de-llengua-catalana-2023","status":"publish","type":"post","link":"https:\/\/serveiseducatius.xtec.cat\/segria\/general\/proves-lliures-per-a-lobtencio-de-certificats-de-llengua-catalana-2023\/","title":{"rendered":"Proves lliures per a l\u2019obtenci\u00f3 de certificats de llengua catalana 2023"},"content":{"rendered":"<p><a href=\"https:\/\/serveiseducatius.xtec.cat\/segria\/wp-content\/uploads\/usu679\/2023\/01\/Proves-certificats-2023-usos.png\"><img loading=\"lazy\" decoding=\"async\" class=\"size-full wp-image-18874 alignleft\" src=\"https:\/\/serveiseducatius.xtec.cat\/segria\/wp-content\/uploads\/usu679\/2023\/01\/Proves-certificats-2023-usos.png\" alt=\"\" width=\"450\" height=\"200\" srcset=\"https:\/\/serveiseducatius.xtec.cat\/segria\/wp-content\/uploads\/usu679\/2023\/01\/Proves-certificats-2023-usos.png 450w, https:\/\/serveiseducatius.xtec.cat\/segria\/wp-content\/uploads\/usu679\/2023\/01\/Proves-certificats-2023-usos-300x133.png 300w\" sizes=\"auto, (max-width: 450px) 100vw, 450px\" \/><\/a>La\u00a0<a href=\"https:\/\/llengua.gencat.cat\/ca\/direccio_general_politica_linguistica\/\">Secretaria de Pol\u00edtica Ling\u00fc\u00edstica<\/a>\u00a0ha\u00a0<a href=\"https:\/\/llengua.gencat.cat\/ca\/serveis\/acreditacio_coneixements\/certificats_de_catala\/convocatoria_de_proves\/\">convocat les proves del 2023<\/a>\u00a0per a l\u2019obtenci\u00f3 de certificats de llengua catalana. Poden inscriure-s\u2019hi totes les persones que vulguin obtenir qualsevol dels certificats que s\u2019ofereixen (A2, B1, B2, C1 i C2), al marge del sistema d\u2019aprenentatge que hagin seguit (cursos, autoaprenentatge\u2026). Per presentar-se a les proves cal tenir 16 anys o m\u00e9s i pagar unes taxes que varien en funci\u00f3 del certificat que es vulgui aconseguir. En aquest\u00a0<a href=\"https:\/\/llengua.gencat.cat\/ca\/serveis\/acreditacio_coneixements\/certificats_de_catala\/convocatoria_de_proves\/\">enlla\u00e7<\/a>\u00a0trobareu el per\u00edode de presentaci\u00f3 de sol\u00b7licituds per a la inscripci\u00f3 i la previsi\u00f3 de les dates de l\u2019examen escrit.<\/p>\n<p>Per saber m\u00e9s informaci\u00f3 sobre els certificats de la Secretaria de Pol\u00edtica Ling\u00fc\u00edstica, podeu consultar aquests enlla\u00e7os:<\/p>\n<ul>\n<li><a href=\"https:\/\/llengua.gencat.cat\/ca\/serveis\/acreditacio_coneixements\/certificats_de_catala\/certificats_estructura_i_descripcio_proves\/certificat_de_nivell_basic_de_catala_a_basic\/\">Certificat de nivell b\u00e0sic de catal\u00e0 (A2)<\/a><\/li>\n<li><a href=\"https:\/\/llengua.gencat.cat\/ca\/serveis\/acreditacio_coneixements\/certificats_de_catala\/certificats_estructura_i_descripcio_proves\/certificat_de_nivell_elemental_de_catala_a_elemental\/\">Certificat de nivell elemental de catal\u00e0 (B1)<\/a><\/li>\n<li><a href=\"https:\/\/llengua.gencat.cat\/ca\/serveis\/acreditacio_coneixements\/certificats_de_catala\/certificats_estructura_i_descripcio_proves\/certificat_de_nivell_intermedi_de_catala_b\/\">Certificat de nivell intermedi de catal\u00e0 (B2)<\/a><\/li>\n<li><a href=\"https:\/\/llengua.gencat.cat\/ca\/serveis\/acreditacio_coneixements\/certificats_de_catala\/certificats_estructura_i_descripcio_proves\/certificat_de_nivell_de_suficiencia_de_catala_c\/\">Certificat de nivell de sufici\u00e8ncia de catal\u00e0 (C1)<\/a><\/li>\n<li><a href=\"https:\/\/llengua.gencat.cat\/ca\/serveis\/acreditacio_coneixements\/certificats_de_catala\/certificats_estructura_i_descripcio_proves\/certificat_de_nivell_superior_de_catala_d\/\">Certificat de nivell superior de catal\u00e0 (C2)<\/a><\/li>\n<\/ul>\n","protected":false},"excerpt":{"rendered":"<p>La\u00a0Secretaria de Pol\u00edtica Ling\u00fc\u00edstica\u00a0ha\u00a0convocat les proves del 2023\u00a0per a l\u2019obtenci\u00f3 de certificats de llengua catalana. Poden inscriure-s\u2019hi totes les persones que vulguin obtenir qualsevol dels certificats que s\u2019ofereixen (A2, B1, B2, C1 i C2), al marge del sistema d\u2019aprenentatge que hagin seguit (cursos, autoaprenentatge\u2026). Per presentar-se a les proves cal tenir 16 anys o m\u00e9s [&hellip;]<\/p>\n","protected":false},"author":1,"featured_media":18874,"comment_status":"closed","ping_status":"closed","sticky":false,"template":"","format":"standard","meta":{"_bbp_topic_count":0,"_bbp_reply_count":0,"_bbp_total_topic_count":0,"_bbp_total_reply_count":0,"_bbp_voice_count":0,"_bbp_anonymous_reply_count":0,"_bbp_topic_count_hidden":0,"_bbp_reply_count_hidden":0,"_bbp_forum_subforum_count":0,"site-sidebar-layout":"default","site-content-layout":"","ast-site-content-layout":"","site-content-style":"default","site-sidebar-style":"default","ast-global-header-display":"","ast-banner-title-visibility":"","ast-main-header-display":"","ast-hfb-above-header-display":"","ast-hfb-below-header-display":"","ast-hfb-mobile-header-display":"","site-post-title":"","ast-breadcrumbs-content":"","ast-featured-img":"","footer-sml-layout":"","theme-transparent-header-meta":"","adv-header-id-meta":"","stick-header-meta":"","header-above-stick-meta":"","header-main-stick-meta":"","header-below-stick-meta":"","astra-migrate-meta-layouts":"default","ast-page-background-enabled":"default","ast-page-background-meta":{"desktop":{"background-color":"var(--ast-global-color-4)","background-image":"","background-repeat":"repeat","background-position":"center center","background-size":"auto","background-attachment":"scroll","background-type":"","background-media":"","overlay-type":"","overlay-color":"","overlay-opacity":"","overlay-gradient":""},"tablet":{"background-color":"","background-image":"","background-repeat":"repeat","background-position":"center center","background-size":"auto","background-attachment":"scroll","background-type":"","background-media":"","overlay-type":"","overlay-color":"","overlay-opacity":"","overlay-gradient":""},"mobile":{"background-color":"","background-image":"","background-repeat":"repeat","background-position":"center center","background-size":"auto","background-attachment":"scroll","background-type":"","background-media":"","overlay-type":"","overlay-color":"","overlay-opacity":"","overlay-gradient":""}},"ast-content-background-meta":{"desktop":{"background-color":"var(--ast-global-color-5)","background-image":"","background-repeat":"repeat","background-position":"center center","background-size":"auto","background-attachment":"scroll","background-type":"","background-media":"","overlay-type":"","overlay-color":"","overlay-opacity":"","overlay-gradient":""},"tablet":{"background-color":"var(--ast-global-color-5)","background-image":"","background-repeat":"repeat","background-position":"center center","background-size":"auto","background-attachment":"scroll","background-type":"","background-media":"","overlay-type":"","overlay-color":"","overlay-opacity":"","overlay-gradient":""},"mobile":{"background-color":"var(--ast-global-color-5)","background-image":"","background-repeat":"repeat","background-position":"center center","background-size":"auto","background-attachment":"scroll","background-type":"","background-media":"","overlay-type":"","overlay-color":"","overlay-opacity":"","overlay-gradient":""}},"footnotes":""},"categories":[68,154,1,29],"tags":[],"class_list":["post-18873","post","type-post","status-publish","format-standard","has-post-thumbnail","hentry","category-elic","category-formacio","category-general","category-portada"],"post_mailing_queue_ids":[],"_links":{"self":[{"href":"https:\/\/serveiseducatius.xtec.cat\/segria\/wp-json\/wp\/v2\/posts\/18873","targetHints":{"allow":["GET"]}}],"collection":[{"href":"https:\/\/serveiseducatius.xtec.cat\/segria\/wp-json\/wp\/v2\/posts"}],"about":[{"href":"https:\/\/serveiseducatius.xtec.cat\/segria\/wp-json\/wp\/v2\/types\/post"}],"author":[{"embeddable":true,"href":"https:\/\/serveiseducatius.xtec.cat\/segria\/wp-json\/wp\/v2\/users\/1"}],"replies":[{"embeddable":true,"href":"https:\/\/serveiseducatius.xtec.cat\/segria\/wp-json\/wp\/v2\/comments?post=18873"}],"version-history":[{"count":2,"href":"https:\/\/serveiseducatius.xtec.cat\/segria\/wp-json\/wp\/v2\/posts\/18873\/revisions"}],"predecessor-version":[{"id":18876,"href":"https:\/\/serveiseducatius.xtec.cat\/segria\/wp-json\/wp\/v2\/posts\/18873\/revisions\/18876"}],"wp:featuredmedia":[{"embeddable":true,"href":"https:\/\/serveiseducatius.xtec.cat\/segria\/wp-json\/wp\/v2\/media\/18874"}],"wp:attachment":[{"href":"https:\/\/serveiseducatius.xtec.cat\/segria\/wp-json\/wp\/v2\/media?parent=18873"}],"wp:term":[{"taxonomy":"category","embeddable":true,"href":"https:\/\/serveiseducatius.xtec.cat\/segria\/wp-json\/wp\/v2\/categories?post=18873"},{"taxonomy":"post_tag","embeddable":true,"href":"https:\/\/serveiseducatius.xtec.cat\/segria\/wp-json\/wp\/v2\/tags?post=18873"}],"curies":[{"name":"wp","href":"https:\/\/api.w.org\/{rel}","templated":true}]}}