{"id":18852,"date":"2023-01-12T14:08:13","date_gmt":"2023-01-12T13:08:13","guid":{"rendered":"https:\/\/serveiseducatius.xtec.cat\/segria\/?p=18852"},"modified":"2023-01-12T19:03:44","modified_gmt":"2023-01-12T18:03:44","slug":"nova-convocatoria-projectes-erasmus-biblioteques-escolars","status":"publish","type":"post","link":"https:\/\/serveiseducatius.xtec.cat\/segria\/general\/nova-convocatoria-projectes-erasmus-biblioteques-escolars\/","title":{"rendered":"NOVA CONVOCAT\u00d2RIA PROJECTES ERASMUS+ BIBLIOTEQUES ESCOLARS"},"content":{"rendered":"<p><a href=\"https:\/\/serveiseducatius.xtec.cat\/segria\/wp-content\/uploads\/usu679\/2023\/01\/CETE-300x257-1.png\"><img loading=\"lazy\" decoding=\"async\" class=\"size-full wp-image-18853 alignleft\" src=\"https:\/\/serveiseducatius.xtec.cat\/segria\/wp-content\/uploads\/usu679\/2023\/01\/CETE-300x257-1.png\" alt=\"\" width=\"300\" height=\"257\" \/><\/a>S\u2019ha obert una nova convocat\u00f2ria per participar en el projecte\u00a0 CETE+ (Consorci Europeu per a la Transformaci\u00f3 Educativa\u200b) , del qual en forma part el Programa de biblioteques escolars. Podeu trobar tota la informaci\u00f3 al <a href=\"https:\/\/espai.educacio.gencat.cat\/Centres\/Projectes-educatius\/Erasmus\/CETE-PLUS\/Pagines\/default.aspx\">Portal de centre.<\/a> L\u2019admissi\u00f3 de sol\u00b7licituds finalitza el 20 de gener.<\/p>\n<p dir=\"ltr\">Mitjan\u00e7ant aquest projecte es vol, priorit\u00e0riament:<\/p>\n<ol>\n<li>\n<p dir=\"ltr\" role=\"presentation\">Impulsar la internacionalitzaci\u00f3 de les institucions educatives que hi participin.<\/p>\n<\/li>\n<li>\n<p dir=\"ltr\" role=\"presentation\">Facilitar l\u2019adquisici\u00f3 d\u2019estrat\u00e8gies i compet\u00e8ncies d\u2019alt nivell que contribueixin a la millora qualitativa de programes o projectes d\u2019innovaci\u00f3 educativa liderats des de diferents unitats (serveis) del Departament d\u2019Educaci\u00f3.<\/p>\n<\/li>\n<\/ol>\n","protected":false},"excerpt":{"rendered":"<p>S\u2019ha obert una nova convocat\u00f2ria per participar en el projecte\u00a0 CETE+ (Consorci Europeu per a la Transformaci\u00f3 Educativa\u200b) , del qual en forma part el Programa de biblioteques escolars. Podeu trobar tota la informaci\u00f3 al Portal de centre. L\u2019admissi\u00f3 de sol\u00b7licituds finalitza el 20 de gener. Mitjan\u00e7ant aquest projecte es vol, priorit\u00e0riament: Impulsar la internacionalitzaci\u00f3 [&hellip;]<\/p>\n","protected":false},"author":1,"featured_media":18853,"comment_status":"closed","ping_status":"closed","sticky":false,"template":"","format":"standard","meta":{"_bbp_topic_count":0,"_bbp_reply_count":0,"_bbp_total_topic_count":0,"_bbp_total_reply_count":0,"_bbp_voice_count":0,"_bbp_anonymous_reply_count":0,"_bbp_topic_count_hidden":0,"_bbp_reply_count_hidden":0,"_bbp_forum_subforum_count":0,"site-sidebar-layout":"default","site-content-layout":"","ast-site-content-layout":"","site-content-style":"default","site-sidebar-style":"default","ast-global-header-display":"","ast-banner-title-visibility":"","ast-main-header-display":"","ast-hfb-above-header-display":"","ast-hfb-below-header-display":"","ast-hfb-mobile-header-display":"","site-post-title":"","ast-breadcrumbs-content":"","ast-featured-img":"","footer-sml-layout":"","theme-transparent-header-meta":"","adv-header-id-meta":"","stick-header-meta":"","header-above-stick-meta":"","header-main-stick-meta":"","header-below-stick-meta":"","astra-migrate-meta-layouts":"default","ast-page-background-enabled":"default","ast-page-background-meta":{"desktop":{"background-color":"var(--ast-global-color-4)","background-image":"","background-repeat":"repeat","background-position":"center center","background-size":"auto","background-attachment":"scroll","background-type":"","background-media":"","overlay-type":"","overlay-color":"","overlay-opacity":"","overlay-gradient":""},"tablet":{"background-color":"","background-image":"","background-repeat":"repeat","background-position":"center center","background-size":"auto","background-attachment":"scroll","background-type":"","background-media":"","overlay-type":"","overlay-color":"","overlay-opacity":"","overlay-gradient":""},"mobile":{"background-color":"","background-image":"","background-repeat":"repeat","background-position":"center center","background-size":"auto","background-attachment":"scroll","background-type":"","background-media":"","overlay-type":"","overlay-color":"","overlay-opacity":"","overlay-gradient":""}},"ast-content-background-meta":{"desktop":{"background-color":"var(--ast-global-color-5)","background-image":"","background-repeat":"repeat","background-position":"center center","background-size":"auto","background-attachment":"scroll","background-type":"","background-media":"","overlay-type":"","overlay-color":"","overlay-opacity":"","overlay-gradient":""},"tablet":{"background-color":"var(--ast-global-color-5)","background-image":"","background-repeat":"repeat","background-position":"center center","background-size":"auto","background-attachment":"scroll","background-type":"","background-media":"","overlay-type":"","overlay-color":"","overlay-opacity":"","overlay-gradient":""},"mobile":{"background-color":"var(--ast-global-color-5)","background-image":"","background-repeat":"repeat","background-position":"center center","background-size":"auto","background-attachment":"scroll","background-type":"","background-media":"","overlay-type":"","overlay-color":"","overlay-opacity":"","overlay-gradient":""}},"footnotes":""},"categories":[81,68,1],"tags":[],"class_list":["post-18852","post","type-post","status-publish","format-standard","has-post-thumbnail","hentry","category-biblioteca-escolar","category-elic","category-general"],"post_mailing_queue_ids":[],"_links":{"self":[{"href":"https:\/\/serveiseducatius.xtec.cat\/segria\/wp-json\/wp\/v2\/posts\/18852","targetHints":{"allow":["GET"]}}],"collection":[{"href":"https:\/\/serveiseducatius.xtec.cat\/segria\/wp-json\/wp\/v2\/posts"}],"about":[{"href":"https:\/\/serveiseducatius.xtec.cat\/segria\/wp-json\/wp\/v2\/types\/post"}],"author":[{"embeddable":true,"href":"https:\/\/serveiseducatius.xtec.cat\/segria\/wp-json\/wp\/v2\/users\/1"}],"replies":[{"embeddable":true,"href":"https:\/\/serveiseducatius.xtec.cat\/segria\/wp-json\/wp\/v2\/comments?post=18852"}],"version-history":[{"count":2,"href":"https:\/\/serveiseducatius.xtec.cat\/segria\/wp-json\/wp\/v2\/posts\/18852\/revisions"}],"predecessor-version":[{"id":18855,"href":"https:\/\/serveiseducatius.xtec.cat\/segria\/wp-json\/wp\/v2\/posts\/18852\/revisions\/18855"}],"wp:featuredmedia":[{"embeddable":true,"href":"https:\/\/serveiseducatius.xtec.cat\/segria\/wp-json\/wp\/v2\/media\/18853"}],"wp:attachment":[{"href":"https:\/\/serveiseducatius.xtec.cat\/segria\/wp-json\/wp\/v2\/media?parent=18852"}],"wp:term":[{"taxonomy":"category","embeddable":true,"href":"https:\/\/serveiseducatius.xtec.cat\/segria\/wp-json\/wp\/v2\/categories?post=18852"},{"taxonomy":"post_tag","embeddable":true,"href":"https:\/\/serveiseducatius.xtec.cat\/segria\/wp-json\/wp\/v2\/tags?post=18852"}],"curies":[{"name":"wp","href":"https:\/\/api.w.org\/{rel}","templated":true}]}}