{"id":18769,"date":"2023-01-09T11:00:32","date_gmt":"2023-01-09T10:00:32","guid":{"rendered":"https:\/\/serveiseducatius.xtec.cat\/segria\/?p=18769"},"modified":"2023-03-14T08:19:45","modified_gmt":"2023-03-14T07:19:45","slug":"aprofundim-i-afrontem-el-trastorn-de-lespectre-alcoholic-fetal","status":"publish","type":"post","link":"https:\/\/serveiseducatius.xtec.cat\/segria\/general\/aprofundim-i-afrontem-el-trastorn-de-lespectre-alcoholic-fetal\/","title":{"rendered":"Aprofundim i afrontem el Trastorn de l&#8217;Espectre Alcoh\u00f2lic Fetal"},"content":{"rendered":"<p><a href=\"https:\/\/serveiseducatius.xtec.cat\/segria\/wp-content\/uploads\/usu679\/2023\/01\/PHOTO-2023-01-10-17-09-40.jpg\"><img loading=\"lazy\" decoding=\"async\" class=\" wp-image-18826 alignleft\" src=\"https:\/\/serveiseducatius.xtec.cat\/segria\/wp-content\/uploads\/usu679\/2023\/01\/PHOTO-2023-01-10-17-09-40.jpg\" alt=\"\" width=\"278\" height=\"287\" srcset=\"https:\/\/serveiseducatius.xtec.cat\/segria\/wp-content\/uploads\/usu679\/2023\/01\/PHOTO-2023-01-10-17-09-40.jpg 672w, https:\/\/serveiseducatius.xtec.cat\/segria\/wp-content\/uploads\/usu679\/2023\/01\/PHOTO-2023-01-10-17-09-40-291x300.jpg 291w\" sizes=\"auto, (max-width: 278px) 100vw, 278px\" \/><\/a><\/p>\n<p><strong>Jornada<\/strong> adre\u00e7ada a professorat de totes les etapes educatives, professionals de serveis educatius, orientadores d&#8217;instituts, professionals d&#8217;atenci\u00f3 a la diversitat.<\/p>\n<p>Dates: Dilluns, 13 i Dimarts, 14 de febrer<\/p>\n<p>Horari: De 17.30 a 19.30 h<\/p>\n<p>Es realitzar\u00e0 en format virtual<\/p>\n<p><a href=\"https:\/\/www.youtube.com\/watch?v=Etapo_fMqF8\" target=\"_blank\" rel=\"noopener\"><img loading=\"lazy\" decoding=\"async\" class=\"\" src=\"https:\/\/serveiseducatius.xtec.cat\/segria\/wp-content\/uploads\/usu679\/2022\/01\/1f517-1.png\" width=\"20\" height=\"20\" \/>\u00a0 Acc\u00e9s a la sala de dilluns, 13 de febrer<\/a><\/p>\n<p><a href=\"https:\/\/www.youtube.com\/watch?v=FKTOAE3QRw8\" target=\"_blank\" rel=\"noopener\"><img loading=\"lazy\" decoding=\"async\" class=\"\" src=\"https:\/\/serveiseducatius.xtec.cat\/segria\/wp-content\/uploads\/usu679\/2022\/01\/1f517-1.png\" width=\"20\" height=\"20\" \/>\u00a0 Acc\u00e9s a la sala de dimarts, 14 de febrer<\/a><\/p>\n<p>Activitat del Pla de Formaci\u00f3 de Zona del Segri\u00e0 impulsada per\u00a0 <img loading=\"lazy\" decoding=\"async\" class=\"alignnone wp-image-15609\" src=\"https:\/\/serveiseducatius.xtec.cat\/segria\/wp-content\/uploads\/usu679\/2022\/01\/1f517-1.png\" alt=\"\" width=\"20\" height=\"20\" \/> <a href=\"https:\/\/visualteaf.com\/\" target=\"_blank\" rel=\"noopener\">l&#8217;Associaci\u00f3 Visual TEAF\u00a0 <\/a><img loading=\"lazy\" decoding=\"async\" class=\"\" src=\"https:\/\/serveiseducatius.xtec.cat\/segria\/wp-content\/uploads\/usu679\/2022\/01\/1f517-1.png\" width=\"20\" height=\"20\" \/> <a href=\"https:\/\/drive.google.com\/file\/d\/1u5m62RfoUBK08E5gDDmmVpaqWQsRWAgx\/view?usp=sharing\" target=\"_blank\" rel=\"noopener\">Materials TEAF i Educaci\u00f3<\/a><\/p>\n<h4>Motivaci\u00f3<\/h4>\n<p><span style=\"font-weight: 400;\">El cervell d&#8217;una persona que pateix TEAF \u00e9s com una BOMBETA de casa teva amb un curtcircuit. Ara va perfecta i fa llum tot el dia, ara fa pampallugues i il\u00b7lumina malament, altres dies la llum ni tan sols s&#8217;enc\u00e9n&#8230; Aquest \u00e9s un petit conte quotidi\u00e0, basat en fets reals, d&#8217;un trastorn, el TEAF, molt freq\u00fcent, poc i malament diagnosticat i que el nostre sistema educatiu ha de con\u00e8ixer m\u00e9s a prop. En aquesta Jornada intentarem fer visible el fins ara anomenat\u00a0 &#8220;trastorn invisible&#8221;&#8230; fem-lo visible d&#8217;una vegada, doncs\u2026<\/span><\/p>\n<h4>Programa<\/h4>\n<p><strong>Dilluns, 13 de febrer\u00a0 \u00a0 <a href=\"https:\/\/www.youtube.com\/watch?v=Etapo_fMqF8\" target=\"_blank\" rel=\"noopener\"><img loading=\"lazy\" decoding=\"async\" class=\"\" src=\"https:\/\/serveiseducatius.xtec.cat\/segria\/wp-content\/uploads\/usu679\/2022\/01\/1f517-1.png\" width=\"20\" height=\"20\" \/>\u00a0 Enregistrament de la sessi\u00f3<\/a><\/strong><\/p>\n<p>Modera: Xus Curc\u00f3 Murillo. Mestra de l&#8217;IE Magraners. Membre de l&#8217;Associaci\u00f3 Visual TEAF a Lleida.<\/p>\n<p><em><span style=\"font-weight: 400;\">&#8220;Aspectes cl\u00ednics del Trastorn de l\u2019Espectre Alcoh\u00f2lic Fetal (TEAF)&#8221;\u00a0 \u00a0<a href=\"https:\/\/www.youtube.com\/watch?v=Etapo_fMqF8\" target=\"_blank\" rel=\"noopener\"><img loading=\"lazy\" decoding=\"async\" class=\"\" src=\"https:\/\/serveiseducatius.xtec.cat\/segria\/wp-content\/uploads\/usu679\/2022\/01\/1f517-1.png\" width=\"20\" height=\"20\" \/> \u00a0<\/a><\/span><\/em><a href=\"https:\/\/drive.google.com\/file\/d\/1kONW411yQegBXHN7YAWZEP0y9_EXvTEH\/view?usp=sharing\" target=\"_blank\" rel=\"noopener\"><span style=\"font-weight: 400;\">Presentaci\u00f3\u00a0<\/span><\/a><\/p>\n<p>A c\u00e0rrec de: <span style=\"font-weight: 400;\">\u00d3scar Garc\u00eda-Algar. Cap de Servei de Neonatologia ICGON Hospital Cl\u00ednic Maternitat Barcelona. Investigador d\u2019DIBAPS Fundaci\u00f3 M\u00f3n Cl\u00ednic de Barcelona. Professor Titular Universitat de Barcelona. CSO de PsicoterapiaVR. Chair de European FASD Aliance (EUFASD)<\/span><\/p>\n<p><span style=\"font-weight: 400;\">Presentaci\u00f3 dels aspectes cl\u00ednics m\u00e9s rellevants del TEAF: prevalen\u00e7a del consum d\u2019alcohol durant l\u2019embar\u00e0s, prevalen\u00e7a del TEAF, causes del dany que produeix l\u2019alcohol. Presentaci\u00f3 cl\u00ednica, diagn\u00f2stic, tractament i aven\u00e7os cient\u00edfics.<\/span><\/p>\n<p><em><span style=\"font-weight: 400;\">&#8220;El TEAF a l\u2019aula&#8221;\u00a0 <a href=\"https:\/\/www.youtube.com\/watch?v=Etapo_fMqF8\" target=\"_blank\" rel=\"noopener\"><img loading=\"lazy\" decoding=\"async\" class=\"\" src=\"https:\/\/serveiseducatius.xtec.cat\/segria\/wp-content\/uploads\/usu679\/2022\/01\/1f517-1.png\" width=\"20\" height=\"20\" \/><\/a>\u00a0 <\/span><\/em><a href=\"https:\/\/drive.google.com\/file\/d\/1VwSUb2iHx8IPDW1TsHwUBtUERDLZbQGX\/view?usp=sharing\" target=\"_blank\" rel=\"noopener\"><span style=\"font-weight: 400;\">Presentaci\u00f3<\/span><\/a><\/p>\n<p>A c\u00e0rrec de: <span style=\"font-weight: 400;\">Marta Astals Vizcaino. \u00a0Llicenciada en Psicologia. M\u00e1ster en dificultats de l\u2019aprenentatge. Experta en TEAF. Psic\u00f2loga i investigadora del GRIE (Hospital Cl\u00ednic). Psic\u00f2loga Unitat del TEAF (Barnacl\u00ednic)<\/span><\/p>\n<p><span style=\"font-weight: 400;\">Perfil educatiu de l&#8217;alumnat amb TEAF a l\u2019aula i estrat\u00e8gies de gesti\u00f3 del trastorn per als educadors.<\/span><\/p>\n<p><strong>Dimarts, 14 de febrer\u00a0 \u00a0 <a href=\"https:\/\/www.youtube.com\/watch?v=FKTOAE3QRw8\" target=\"_blank\" rel=\"noopener\"><img loading=\"lazy\" decoding=\"async\" class=\"\" src=\"https:\/\/serveiseducatius.xtec.cat\/segria\/wp-content\/uploads\/usu679\/2022\/01\/1f517-1.png\" width=\"20\" height=\"20\" \/>\u00a0 Enregistrament de la sessi\u00f3<\/a><\/strong><\/p>\n<p>Modera: Xus Curc\u00f3 Murillo. Mestra de l&#8217;IE Magraners. Membre de l&#8217;Associaci\u00f3 Visual TEAF a Lleida.<\/p>\n<p><em><span style=\"font-weight: 400;\">&#8220;Cuando aprender es volver a empezar&#8221;\u00a0 \u00a0 <img loading=\"lazy\" decoding=\"async\" class=\"\" src=\"https:\/\/serveiseducatius.xtec.cat\/segria\/wp-content\/uploads\/usu679\/2022\/01\/1f517-1.png\" width=\"21\" height=\"21\" \/> <\/span><\/em><a href=\"https:\/\/drive.google.com\/file\/d\/1di6LdXHevIqKLVt2O6mOW6IOjRdGnvgq\/view?usp=sharing\" target=\"_blank\" rel=\"noopener\"><span style=\"font-weight: 400;\">Presentaci\u00f3<\/span><\/a>\u00a0 \u00a0 \u00a0 <strong><a href=\"https:\/\/www.youtube.com\/watch?v=FKTOAE3QRw8\" target=\"_blank\" rel=\"noopener\"><img loading=\"lazy\" decoding=\"async\" class=\"\" src=\"https:\/\/serveiseducatius.xtec.cat\/segria\/wp-content\/uploads\/usu679\/2022\/01\/1f517-1.png\" width=\"20\" height=\"20\" \/><\/a><\/strong>\u00a0 <a href=\"https:\/\/drive.google.com\/file\/d\/1klXfik0OdrcY4dD1gRnsvi_in6dGnQJ3\/view?usp=sharing\" target=\"_blank\" rel=\"noopener\">Materials<\/a><\/p>\n<p>A c\u00e0rrec de: Marga Mu\u00f1iz Aguilar. <span style=\"font-weight: 400;\">Orientadora Educativa y Profesional, Logopeda, Master en Asesoramiento en Materia de Adopci\u00f3n. Especialista con dilatada experiencia en el tratamiento de menores con Trastorno del Espectro Alcoh\u00f3lico Fetal, Trastorno de Apego, Adversidad en la Infancia Temprana, dificultades de aprendizaje y problemas de comportamiento. Conferenciante, Docente en cursos organizados por los Centros de Recursos de Profesorado en distintas Comunidades Aut\u00f3nomas, Directora cient\u00edfica y docente en diversos cursos de la Escuela de Familias Adoptivas, Acogedoras y Colaboradoras dependiente de la Escuela Andaluza de Salud P\u00fablica. Imparte Talleres y Jornadasformativas para familias y profesionales organizados por Entidades p\u00fablicas y privadas. Autora de numerosos art\u00edculos sobre infancia, adolescencia, adopci\u00f3n, familia y crecimiento personal. Es autora de varios libros: \u201c Cuando l@s ni\u00f1@s no vienen de Paris. \u201d, \u201cOtra forma de aprender es posible. Recursos de la vida cotidiana para mejorar el rendimiento escolar\u201d, \u201c101 Ejercicios para ense\u00f1ar a aprender\u201d, de la novela \u201cDetr\u00e1s de tu Mirada\u201d. y Co-autora del libro \u201cNeuropsicolog\u00eda del abandono y el maltrato infantil\u201d. Presidenta de la Asociaci\u00f3n Tolerancia Cero.<\/span><\/p>\n<p><span style=\"font-weight: 400;\">El alcohol provoca una de las secuelas m\u00e1s profundas y complejas en el desarrollo neur\u00f3logico del feto, la dismadurez, es decir, una falta de habilidad para actuar de forma madura. Por eso, sus procesos de aprendizaje, tanto cognitivos, como sociales o de cualquier otro tipo, con frecuencia consisten en volver a empezar.<\/span><\/p>\n<p><em>&#8220;Viatge al fons del TEAF d&#8217;un pare adoptiu&#8221; \u00a0\u00a0<span style=\"font-weight: 400;\"><img loading=\"lazy\" decoding=\"async\" class=\"\" src=\"https:\/\/serveiseducatius.xtec.cat\/segria\/wp-content\/uploads\/usu679\/2022\/01\/1f517-1.png\" width=\"20\" height=\"20\" \/> \u00a0<\/span><\/em><a href=\"https:\/\/drive.google.com\/file\/d\/1YEJGadh5miOi88BUhW8l_LY3n0SbACOw\/view?usp=sharing\" target=\"_blank\" rel=\"noopener\"><span style=\"font-weight: 400;\">Presentaci\u00f3<\/span><\/a><\/p>\n<p>A c\u00e0rrec de; Pep Valerio Rodr\u00edguez. Membre de l&#8217;Associaci\u00f3 Visual TEAF a Lleida. <span style=\"font-weight: 400;\">Pare d&#8217;una jove de 15 anys diagnosticada de TEAF als 13 anys &#8230;. mosso d&#8217;esquadra des de l&#8217;any 1995 en tasques de patruller, s&#8217;ha format\u00a0 i informat de manera autodidacta en TEAF, participant d&#8217;associacions tant d&#8217;abast local com nacionals, ajudant a fer diverses formacions sobre el trastorn.<\/span><\/p>\n<p>Principals estrat\u00e8gies dom\u00e8stiques dels familiars i persones que tenen cura dels joves diagnosticats de TEAF. Guia de &#8216;superviv\u00e8ncia&#8217; familiar.<\/p>\n","protected":false},"excerpt":{"rendered":"<p>Jornada adre\u00e7ada a professorat de totes les etapes educatives, professionals de serveis educatius, orientadores d&#8217;instituts, professionals d&#8217;atenci\u00f3 a la diversitat. Dates: Dilluns, 13 i Dimarts, 14 de febrer Horari: De 17.30 a 19.30 h Es realitzar\u00e0 en format virtual \u00a0 Acc\u00e9s a la sala de dilluns, 13 de febrer \u00a0 Acc\u00e9s a la sala de [&hellip;]<\/p>\n","protected":false},"author":16,"featured_media":18826,"comment_status":"closed","ping_status":"closed","sticky":false,"template":"","format":"standard","meta":{"_bbp_topic_count":0,"_bbp_reply_count":0,"_bbp_total_topic_count":0,"_bbp_total_reply_count":0,"_bbp_voice_count":0,"_bbp_anonymous_reply_count":0,"_bbp_topic_count_hidden":0,"_bbp_reply_count_hidden":0,"_bbp_forum_subforum_count":0,"site-sidebar-layout":"default","site-content-layout":"","ast-site-content-layout":"","site-content-style":"default","site-sidebar-style":"default","ast-global-header-display":"","ast-banner-title-visibility":"","ast-main-header-display":"","ast-hfb-above-header-display":"","ast-hfb-below-header-display":"","ast-hfb-mobile-header-display":"","site-post-title":"","ast-breadcrumbs-content":"","ast-featured-img":"","footer-sml-layout":"","theme-transparent-header-meta":"","adv-header-id-meta":"","stick-header-meta":"","header-above-stick-meta":"","header-main-stick-meta":"","header-below-stick-meta":"","astra-migrate-meta-layouts":"default","ast-page-background-enabled":"default","ast-page-background-meta":{"desktop":{"background-color":"var(--ast-global-color-4)","background-image":"","background-repeat":"repeat","background-position":"center center","background-size":"auto","background-attachment":"scroll","background-type":"","background-media":"","overlay-type":"","overlay-color":"","overlay-opacity":"","overlay-gradient":""},"tablet":{"background-color":"","background-image":"","background-repeat":"repeat","background-position":"center center","background-size":"auto","background-attachment":"scroll","background-type":"","background-media":"","overlay-type":"","overlay-color":"","overlay-opacity":"","overlay-gradient":""},"mobile":{"background-color":"","background-image":"","background-repeat":"repeat","background-position":"center center","background-size":"auto","background-attachment":"scroll","background-type":"","background-media":"","overlay-type":"","overlay-color":"","overlay-opacity":"","overlay-gradient":""}},"ast-content-background-meta":{"desktop":{"background-color":"var(--ast-global-color-5)","background-image":"","background-repeat":"repeat","background-position":"center center","background-size":"auto","background-attachment":"scroll","background-type":"","background-media":"","overlay-type":"","overlay-color":"","overlay-opacity":"","overlay-gradient":""},"tablet":{"background-color":"var(--ast-global-color-5)","background-image":"","background-repeat":"repeat","background-position":"center center","background-size":"auto","background-attachment":"scroll","background-type":"","background-media":"","overlay-type":"","overlay-color":"","overlay-opacity":"","overlay-gradient":""},"mobile":{"background-color":"var(--ast-global-color-5)","background-image":"","background-repeat":"repeat","background-position":"center center","background-size":"auto","background-attachment":"scroll","background-type":"","background-media":"","overlay-type":"","overlay-color":"","overlay-opacity":"","overlay-gradient":""}},"footnotes":""},"categories":[65,154,1,489,153],"tags":[778,750,463,398,777],"class_list":["post-18769","post","type-post","status-publish","format-standard","has-post-thumbnail","hentry","category-crp","category-formacio","category-general","category-jornada","category-pfz-segria","tag-associacio-visual-teaf","tag-curs-2022-2023","tag-jornada","tag-pla-de-formacio-de-zona","tag-teaf"],"post_mailing_queue_ids":[],"_links":{"self":[{"href":"https:\/\/serveiseducatius.xtec.cat\/segria\/wp-json\/wp\/v2\/posts\/18769","targetHints":{"allow":["GET"]}}],"collection":[{"href":"https:\/\/serveiseducatius.xtec.cat\/segria\/wp-json\/wp\/v2\/posts"}],"about":[{"href":"https:\/\/serveiseducatius.xtec.cat\/segria\/wp-json\/wp\/v2\/types\/post"}],"author":[{"embeddable":true,"href":"https:\/\/serveiseducatius.xtec.cat\/segria\/wp-json\/wp\/v2\/users\/16"}],"replies":[{"embeddable":true,"href":"https:\/\/serveiseducatius.xtec.cat\/segria\/wp-json\/wp\/v2\/comments?post=18769"}],"version-history":[{"count":4,"href":"https:\/\/serveiseducatius.xtec.cat\/segria\/wp-json\/wp\/v2\/posts\/18769\/revisions"}],"predecessor-version":[{"id":19309,"href":"https:\/\/serveiseducatius.xtec.cat\/segria\/wp-json\/wp\/v2\/posts\/18769\/revisions\/19309"}],"wp:featuredmedia":[{"embeddable":true,"href":"https:\/\/serveiseducatius.xtec.cat\/segria\/wp-json\/wp\/v2\/media\/18826"}],"wp:attachment":[{"href":"https:\/\/serveiseducatius.xtec.cat\/segria\/wp-json\/wp\/v2\/media?parent=18769"}],"wp:term":[{"taxonomy":"category","embeddable":true,"href":"https:\/\/serveiseducatius.xtec.cat\/segria\/wp-json\/wp\/v2\/categories?post=18769"},{"taxonomy":"post_tag","embeddable":true,"href":"https:\/\/serveiseducatius.xtec.cat\/segria\/wp-json\/wp\/v2\/tags?post=18769"}],"curies":[{"name":"wp","href":"https:\/\/api.w.org\/{rel}","templated":true}]}}