{"id":18068,"date":"2022-10-25T08:10:59","date_gmt":"2022-10-25T06:10:59","guid":{"rendered":"https:\/\/serveiseducatius.xtec.cat\/segria\/?p=18068"},"modified":"2022-11-02T17:24:16","modified_gmt":"2022-11-02T16:24:16","slug":"teixint-fils-democions-des-de-la-pau-i-lart","status":"publish","type":"post","link":"https:\/\/serveiseducatius.xtec.cat\/segria\/portada\/teixint-fils-democions-des-de-la-pau-i-lart\/","title":{"rendered":"Teixint fils d&#8217;emocions des de la Pau i l&#8217;Art"},"content":{"rendered":"<p>Us facilitem informaci\u00f3 sobre una <a href=\"https:\/\/drive.google.com\/file\/d\/1AN5il3HpGolsDKcfTxqVLg74bVK-9K3Z\/view?usp=sharing\" target=\"_blank\" rel=\"noopener\">formaci\u00f3 propera sobre educar per la pau des de l&#8217;art<\/a>, per si \u00e9s del vostre inter\u00e8s. \u00c9s una formaci\u00f3 virtual i gratu\u00efta, amb reconeixement de 45h de formaci\u00f3 pel Departament d&#8217;Educaci\u00f3.<\/p>\n<p><img loading=\"lazy\" decoding=\"async\" class=\"aligncenter wp-image-18069\" src=\"https:\/\/serveiseducatius.xtec.cat\/segria\/wp-content\/uploads\/usu679\/2022\/10\/pau.jpg\" alt=\"\" width=\"600\" height=\"595\" srcset=\"https:\/\/serveiseducatius.xtec.cat\/segria\/wp-content\/uploads\/usu679\/2022\/10\/pau.jpg 744w, https:\/\/serveiseducatius.xtec.cat\/segria\/wp-content\/uploads\/usu679\/2022\/10\/pau-300x298.jpg 300w, https:\/\/serveiseducatius.xtec.cat\/segria\/wp-content\/uploads\/usu679\/2022\/10\/pau-150x150.jpg 150w\" sizes=\"auto, (max-width: 600px) 100vw, 600px\" \/><\/p>\n<p>Aquesta \u00e9s una formaci\u00f3 profunda,\u00a0pr\u00e0ctica i\u00a0intercultural (docents catalanes i docents de Nicaragua i altres pa\u00efsos de LLA), on us apodereu de la metodologia\u00a0<a href=\"http:\/\/donespauseguretat.cat\/arpilleresescolapau\/?page_id=64\" target=\"_blank\" rel=\"noopener\">Teixint Fils d&#8217;Emocions<\/a>\u00a0com a estrat\u00e8gia per treballar l&#8217;educaci\u00f3 en el conflicte i la cultura de pau amb els vostres grups. Si la voleu con\u00e8ixer m\u00e9s a fons a la web del projecte:\u00a0<a href=\"http:\/\/donespauseguretat.cat\/arpilleresescolapau\/\" target=\"_blank\" rel=\"noopener\">Teixint fils d\u2019emocions i cohesi\u00f3 social: Arpilleres \u2013 Projectes de transformaci\u00f3 social des de la pau i l&#8217;art\u00a0<\/a>.<\/p>\n<p>Si hi esteu interessades podeu pre-inscirure-us a: <strong><a href=\"https:\/\/docs.google.com\/forms\/d\/e\/1FAIpQLSfQjw_8o1yRobWFI82Envt2CXnBrdVFmwKruqV2ExUDpHsv2w\/viewform\" target=\"_blank\" rel=\"noopener\">formulari de pre-inscripcions<\/a>.\u00a0<\/strong><\/p>\n<p>&nbsp;<\/p>\n","protected":false},"excerpt":{"rendered":"<p>Us facilitem informaci\u00f3 sobre una formaci\u00f3 propera sobre educar per la pau des de l&#8217;art, per si \u00e9s del vostre inter\u00e8s. \u00c9s una formaci\u00f3 virtual i gratu\u00efta, amb reconeixement de 45h de formaci\u00f3 pel Departament d&#8217;Educaci\u00f3. Aquesta \u00e9s una formaci\u00f3 profunda,\u00a0pr\u00e0ctica i\u00a0intercultural (docents catalanes i docents de Nicaragua i altres pa\u00efsos de LLA), on us [&hellip;]<\/p>\n","protected":false},"author":7,"featured_media":18070,"comment_status":"closed","ping_status":"closed","sticky":false,"template":"","format":"standard","meta":{"_bbp_topic_count":0,"_bbp_reply_count":0,"_bbp_total_topic_count":0,"_bbp_total_reply_count":0,"_bbp_voice_count":0,"_bbp_anonymous_reply_count":0,"_bbp_topic_count_hidden":0,"_bbp_reply_count_hidden":0,"_bbp_forum_subforum_count":0,"site-sidebar-layout":"default","site-content-layout":"","ast-site-content-layout":"","site-content-style":"default","site-sidebar-style":"default","ast-global-header-display":"","ast-banner-title-visibility":"","ast-main-header-display":"","ast-hfb-above-header-display":"","ast-hfb-below-header-display":"","ast-hfb-mobile-header-display":"","site-post-title":"","ast-breadcrumbs-content":"","ast-featured-img":"","footer-sml-layout":"","theme-transparent-header-meta":"","adv-header-id-meta":"","stick-header-meta":"","header-above-stick-meta":"","header-main-stick-meta":"","header-below-stick-meta":"","astra-migrate-meta-layouts":"default","ast-page-background-enabled":"default","ast-page-background-meta":{"desktop":{"background-color":"var(--ast-global-color-4)","background-image":"","background-repeat":"repeat","background-position":"center center","background-size":"auto","background-attachment":"scroll","background-type":"","background-media":"","overlay-type":"","overlay-color":"","overlay-opacity":"","overlay-gradient":""},"tablet":{"background-color":"","background-image":"","background-repeat":"repeat","background-position":"center center","background-size":"auto","background-attachment":"scroll","background-type":"","background-media":"","overlay-type":"","overlay-color":"","overlay-opacity":"","overlay-gradient":""},"mobile":{"background-color":"","background-image":"","background-repeat":"repeat","background-position":"center center","background-size":"auto","background-attachment":"scroll","background-type":"","background-media":"","overlay-type":"","overlay-color":"","overlay-opacity":"","overlay-gradient":""}},"ast-content-background-meta":{"desktop":{"background-color":"var(--ast-global-color-5)","background-image":"","background-repeat":"repeat","background-position":"center center","background-size":"auto","background-attachment":"scroll","background-type":"","background-media":"","overlay-type":"","overlay-color":"","overlay-opacity":"","overlay-gradient":""},"tablet":{"background-color":"var(--ast-global-color-5)","background-image":"","background-repeat":"repeat","background-position":"center center","background-size":"auto","background-attachment":"scroll","background-type":"","background-media":"","overlay-type":"","overlay-color":"","overlay-opacity":"","overlay-gradient":""},"mobile":{"background-color":"var(--ast-global-color-5)","background-image":"","background-repeat":"repeat","background-position":"center center","background-size":"auto","background-attachment":"scroll","background-type":"","background-media":"","overlay-type":"","overlay-color":"","overlay-opacity":"","overlay-gradient":""}},"footnotes":""},"categories":[29],"tags":[765],"class_list":["post-18068","post","type-post","status-publish","format-standard","has-post-thumbnail","hentry","category-portada","tag-educacio-per-la-pau"],"post_mailing_queue_ids":[],"_links":{"self":[{"href":"https:\/\/serveiseducatius.xtec.cat\/segria\/wp-json\/wp\/v2\/posts\/18068","targetHints":{"allow":["GET"]}}],"collection":[{"href":"https:\/\/serveiseducatius.xtec.cat\/segria\/wp-json\/wp\/v2\/posts"}],"about":[{"href":"https:\/\/serveiseducatius.xtec.cat\/segria\/wp-json\/wp\/v2\/types\/post"}],"author":[{"embeddable":true,"href":"https:\/\/serveiseducatius.xtec.cat\/segria\/wp-json\/wp\/v2\/users\/7"}],"replies":[{"embeddable":true,"href":"https:\/\/serveiseducatius.xtec.cat\/segria\/wp-json\/wp\/v2\/comments?post=18068"}],"version-history":[{"count":2,"href":"https:\/\/serveiseducatius.xtec.cat\/segria\/wp-json\/wp\/v2\/posts\/18068\/revisions"}],"predecessor-version":[{"id":18072,"href":"https:\/\/serveiseducatius.xtec.cat\/segria\/wp-json\/wp\/v2\/posts\/18068\/revisions\/18072"}],"wp:featuredmedia":[{"embeddable":true,"href":"https:\/\/serveiseducatius.xtec.cat\/segria\/wp-json\/wp\/v2\/media\/18070"}],"wp:attachment":[{"href":"https:\/\/serveiseducatius.xtec.cat\/segria\/wp-json\/wp\/v2\/media?parent=18068"}],"wp:term":[{"taxonomy":"category","embeddable":true,"href":"https:\/\/serveiseducatius.xtec.cat\/segria\/wp-json\/wp\/v2\/categories?post=18068"},{"taxonomy":"post_tag","embeddable":true,"href":"https:\/\/serveiseducatius.xtec.cat\/segria\/wp-json\/wp\/v2\/tags?post=18068"}],"curies":[{"name":"wp","href":"https:\/\/api.w.org\/{rel}","templated":true}]}}