{"id":18012,"date":"2022-11-15T10:30:18","date_gmt":"2022-11-15T09:30:18","guid":{"rendered":"https:\/\/serveiseducatius.xtec.cat\/segria\/?p=18012"},"modified":"2023-01-09T11:49:56","modified_gmt":"2023-01-09T10:49:56","slug":"concurs-cucalocum-2022-23","status":"publish","type":"post","link":"https:\/\/serveiseducatius.xtec.cat\/segria\/portada\/concurs-cucalocum-2022-23\/","title":{"rendered":"Concurs CUCAL\u00d2CUM 2022-23"},"content":{"rendered":"<p>Ja tenim els treballs seleccionats i la guanyadora del concurs!<\/p>\n<p><strong>L&#8217;<b>acte de lliurament dels premis ha tingut lloc d<\/b><b style=\"font-family: inherit; font-size: 1em;\">imarts, 29 de novembre de 2022, a les <\/b><b style=\"font-family: inherit; font-size: 1em;\">11h, a la Sala de Premsa de la Llotja.<\/b><\/strong><\/p>\n<p>&nbsp;<\/p>\n<table style=\"border-collapse: collapse; width: 100%;\">\n<tbody>\n<tr>\n<td style=\"width: 33.3333%; border-style: hidden; text-align: center;\"><a href=\"https:\/\/serveiseducatius.xtec.cat\/segria\/wp-content\/uploads\/usu679\/2022\/11\/IMG_2999.jpg\"><img loading=\"lazy\" decoding=\"async\" class=\"alignnone size-full wp-image-18348\" src=\"https:\/\/serveiseducatius.xtec.cat\/segria\/wp-content\/uploads\/usu679\/2022\/11\/IMG_2999.jpg\" alt=\"\" width=\"640\" height=\"640\" srcset=\"https:\/\/serveiseducatius.xtec.cat\/segria\/wp-content\/uploads\/usu679\/2022\/11\/IMG_2999.jpg 640w, https:\/\/serveiseducatius.xtec.cat\/segria\/wp-content\/uploads\/usu679\/2022\/11\/IMG_2999-300x300.jpg 300w, https:\/\/serveiseducatius.xtec.cat\/segria\/wp-content\/uploads\/usu679\/2022\/11\/IMG_2999-150x150.jpg 150w\" sizes=\"auto, (max-width: 640px) 100vw, 640px\" \/><\/a><\/td>\n<td style=\"width: 33.3333%; border-style: hidden; text-align: center;\"><a href=\"https:\/\/serveiseducatius.xtec.cat\/segria\/wp-content\/uploads\/usu679\/2022\/11\/IMG_2996.jpg\"><img loading=\"lazy\" decoding=\"async\" class=\"alignnone size-full wp-image-18346\" src=\"https:\/\/serveiseducatius.xtec.cat\/segria\/wp-content\/uploads\/usu679\/2022\/11\/IMG_2996.jpg\" alt=\"\" width=\"640\" height=\"640\" srcset=\"https:\/\/serveiseducatius.xtec.cat\/segria\/wp-content\/uploads\/usu679\/2022\/11\/IMG_2996.jpg 640w, https:\/\/serveiseducatius.xtec.cat\/segria\/wp-content\/uploads\/usu679\/2022\/11\/IMG_2996-300x300.jpg 300w, https:\/\/serveiseducatius.xtec.cat\/segria\/wp-content\/uploads\/usu679\/2022\/11\/IMG_2996-150x150.jpg 150w\" sizes=\"auto, (max-width: 640px) 100vw, 640px\" \/><\/a><\/td>\n<td style=\"width: 33.3333%; border-style: hidden; text-align: center;\"><a href=\"https:\/\/serveiseducatius.xtec.cat\/segria\/wp-content\/uploads\/usu679\/2022\/11\/IMG_2994.jpg\"><img loading=\"lazy\" decoding=\"async\" class=\"alignnone size-full wp-image-18345\" src=\"https:\/\/serveiseducatius.xtec.cat\/segria\/wp-content\/uploads\/usu679\/2022\/11\/IMG_2994.jpg\" alt=\"\" width=\"640\" height=\"640\" srcset=\"https:\/\/serveiseducatius.xtec.cat\/segria\/wp-content\/uploads\/usu679\/2022\/11\/IMG_2994.jpg 640w, https:\/\/serveiseducatius.xtec.cat\/segria\/wp-content\/uploads\/usu679\/2022\/11\/IMG_2994-300x300.jpg 300w, https:\/\/serveiseducatius.xtec.cat\/segria\/wp-content\/uploads\/usu679\/2022\/11\/IMG_2994-150x150.jpg 150w\" sizes=\"auto, (max-width: 640px) 100vw, 640px\" \/><\/a><\/td>\n<\/tr>\n<\/tbody>\n<\/table>\n<p><strong style=\"font-family: inherit; font-size: 1em;\">Enhorabona a les guardonades i al guardonat!! Us en donem detall:<\/strong><\/p>\n<table style=\"border-collapse: collapse; width: 100%;\">\n<tbody>\n<tr>\n<td style=\"width: 33.3333%; border-style: hidden; text-align: center;\"><img loading=\"lazy\" decoding=\"async\" class=\"alignleft wp-image-18279\" style=\"border: none; color: #2795b6; font-size: 16px;\" src=\"https:\/\/serveiseducatius.xtec.cat\/segria\/wp-content\/uploads\/usu679\/2022\/11\/IMG_2973.jpg\" alt=\"\" width=\"222\" height=\"329\" srcset=\"https:\/\/serveiseducatius.xtec.cat\/segria\/wp-content\/uploads\/usu679\/2022\/11\/IMG_2973.jpg 432w, https:\/\/serveiseducatius.xtec.cat\/segria\/wp-content\/uploads\/usu679\/2022\/11\/IMG_2973-203x300.jpg 203w\" sizes=\"auto, (max-width: 222px) 100vw, 222px\" \/><\/td>\n<td style=\"width: 33.3333%; border-style: hidden; text-align: center;\"><span style=\"color: #2795b6;\"><span style=\"font-size: 16px;\"><a style=\"color: #2795b6; font-size: 16px;\" href=\"https:\/\/serveiseducatius.xtec.cat\/segria\/wp-content\/uploads\/usu679\/2022\/11\/IMG_2975.jpg\"><img loading=\"lazy\" decoding=\"async\" class=\"alignleft wp-image-18280\" src=\"https:\/\/serveiseducatius.xtec.cat\/segria\/wp-content\/uploads\/usu679\/2022\/11\/IMG_2975.jpg\" alt=\"\" width=\"228\" height=\"329\" \/><\/a><\/span><\/span><\/p>\n<p>&nbsp;<\/td>\n<td style=\"width: 33.3333%; border-style: hidden; text-align: center;\"><a href=\"https:\/\/serveiseducatius.xtec.cat\/segria\/wp-content\/uploads\/usu679\/2022\/11\/IMG_2977.jpg\"><img loading=\"lazy\" decoding=\"async\" class=\"alignleft wp-image-18278\" src=\"https:\/\/serveiseducatius.xtec.cat\/segria\/wp-content\/uploads\/usu679\/2022\/11\/IMG_2977.jpg\" alt=\"\" width=\"236\" height=\"329\" srcset=\"https:\/\/serveiseducatius.xtec.cat\/segria\/wp-content\/uploads\/usu679\/2022\/11\/IMG_2977.jpg 460w, https:\/\/serveiseducatius.xtec.cat\/segria\/wp-content\/uploads\/usu679\/2022\/11\/IMG_2977-216x300.jpg 216w\" sizes=\"auto, (max-width: 236px) 100vw, 236px\" \/><\/a><\/td>\n<\/tr>\n<tr>\n<td style=\"width: 33.3333%; text-align: left; border-style: hidden;\">\n<p style=\"text-align: center;\">1r PREMI<\/p>\n<p><strong>&#8220;El Pitxo i el medi ambient&#8221;<\/strong>, de la <strong>Laura Arum\u00ed Alarc\u00f3n<\/strong> (10 anys) de\u00a05\u00e8 d&#8217;educaci\u00f3 prim\u00e0ria de l&#8217;<strong>Escola Riu Segre<\/strong>, de Lleida.<\/td>\n<td style=\"width: 33.3333%; border-style: hidden;\">\n<p style=\"text-align: center;\">2n PREMI<\/p>\n<p><strong style=\"font-family: inherit; font-size: 1em;\">&#8220;El Pitxo plantador&#8221;<\/strong><span style=\"font-family: inherit; font-size: 1em;\"> de la\u00a0<\/span><strong style=\"font-family: inherit; font-size: 1em;\">Laura Celma Reyes<\/strong><span style=\"font-family: inherit; font-size: 1em;\"> (11 anys) de\u00a06\u00e8 d&#8217;educaci\u00f3 prim\u00e0ria del <\/span><strong style=\"font-family: inherit; font-size: 1em;\">Col\u00b7legi Lestonnac-L&#8217;Ensenyan\u00e7a<\/strong><span style=\"font-family: inherit; font-size: 1em;\">, de Lleida.<\/span><\/td>\n<td style=\"width: 33.3333%; border-style: hidden;\">\n<p style=\"text-align: center;\">3r PREMI<\/p>\n<p><strong>&#8220;Cuca ecol\u00f2gic&#8221; <\/strong>del\u00a0<strong>Denis Illa Farran<\/strong> (11 anys) de 6\u00e8 d&#8217;educaci\u00f3 prim\u00e0ria de l&#8217;<strong>Escola Francesc Feliu<\/strong>, d&#8217;Aitona.<\/td>\n<\/tr>\n<\/tbody>\n<\/table>\n<p><a style=\"font-family: inherit; font-size: 1em;\" href=\"https:\/\/drive.google.com\/file\/d\/19Z4nDJ01GTtnANAg6vQIexDORbl88yfg\/view?usp=sharing\" target=\"_blank\" rel=\"noopener\">Les bases del Concurs<\/a><span style=\"font-family: inherit; font-size: 1em;\">.<\/span><\/p>\n<p>Agra\u00efm la gran participaci\u00f3 dels centres i la qualitat dels treballs presentats dels nens i nenes de cicle mitj\u00e0 i de cicle superior.<\/p>\n<p><a href=\"https:\/\/serveiseducatius.xtec.cat\/segria\/wp-content\/uploads\/usu679\/2022\/10\/Concurs-cucalocum-6.png\"><img loading=\"lazy\" decoding=\"async\" class=\"size-large wp-image-18130 aligncenter\" src=\"https:\/\/serveiseducatius.xtec.cat\/segria\/wp-content\/uploads\/usu679\/2022\/10\/Concurs-cucalocum-6-724x1024.png\" alt=\"\" width=\"724\" height=\"1024\" srcset=\"https:\/\/serveiseducatius.xtec.cat\/segria\/wp-content\/uploads\/usu679\/2022\/10\/Concurs-cucalocum-6-724x1024.png 724w, https:\/\/serveiseducatius.xtec.cat\/segria\/wp-content\/uploads\/usu679\/2022\/10\/Concurs-cucalocum-6-212x300.png 212w, https:\/\/serveiseducatius.xtec.cat\/segria\/wp-content\/uploads\/usu679\/2022\/10\/Concurs-cucalocum-6-768x1086.png 768w, https:\/\/serveiseducatius.xtec.cat\/segria\/wp-content\/uploads\/usu679\/2022\/10\/Concurs-cucalocum-6-1086x1536.png 1086w, https:\/\/serveiseducatius.xtec.cat\/segria\/wp-content\/uploads\/usu679\/2022\/10\/Concurs-cucalocum-6-1448x2048.png 1448w, https:\/\/serveiseducatius.xtec.cat\/segria\/wp-content\/uploads\/usu679\/2022\/10\/Concurs-cucalocum-6.png 1587w\" sizes=\"auto, (max-width: 724px) 100vw, 724px\" \/><\/a><\/p>\n","protected":false},"excerpt":{"rendered":"<p>Ja tenim els treballs seleccionats i la guanyadora del concurs! L&#8217;acte de lliurament dels premis ha tingut lloc dimarts, 29 de novembre de 2022, a les 11h, a la Sala de Premsa de la Llotja. &nbsp; Enhorabona a les guardonades i al guardonat!! Us en donem detall: &nbsp; 1r PREMI &#8220;El Pitxo i el medi [&hellip;]<\/p>\n","protected":false},"author":14,"featured_media":18348,"comment_status":"closed","ping_status":"closed","sticky":false,"template":"","format":"standard","meta":{"_bbp_topic_count":0,"_bbp_reply_count":0,"_bbp_total_topic_count":0,"_bbp_total_reply_count":0,"_bbp_voice_count":0,"_bbp_anonymous_reply_count":0,"_bbp_topic_count_hidden":0,"_bbp_reply_count_hidden":0,"_bbp_forum_subforum_count":0,"site-sidebar-layout":"default","site-content-layout":"","ast-site-content-layout":"","site-content-style":"default","site-sidebar-style":"default","ast-global-header-display":"","ast-banner-title-visibility":"","ast-main-header-display":"","ast-hfb-above-header-display":"","ast-hfb-below-header-display":"","ast-hfb-mobile-header-display":"","site-post-title":"","ast-breadcrumbs-content":"","ast-featured-img":"","footer-sml-layout":"","theme-transparent-header-meta":"","adv-header-id-meta":"","stick-header-meta":"","header-above-stick-meta":"","header-main-stick-meta":"","header-below-stick-meta":"","astra-migrate-meta-layouts":"default","ast-page-background-enabled":"default","ast-page-background-meta":{"desktop":{"background-color":"var(--ast-global-color-4)","background-image":"","background-repeat":"repeat","background-position":"center center","background-size":"auto","background-attachment":"scroll","background-type":"","background-media":"","overlay-type":"","overlay-color":"","overlay-opacity":"","overlay-gradient":""},"tablet":{"background-color":"","background-image":"","background-repeat":"repeat","background-position":"center center","background-size":"auto","background-attachment":"scroll","background-type":"","background-media":"","overlay-type":"","overlay-color":"","overlay-opacity":"","overlay-gradient":""},"mobile":{"background-color":"","background-image":"","background-repeat":"repeat","background-position":"center center","background-size":"auto","background-attachment":"scroll","background-type":"","background-media":"","overlay-type":"","overlay-color":"","overlay-opacity":"","overlay-gradient":""}},"ast-content-background-meta":{"desktop":{"background-color":"var(--ast-global-color-5)","background-image":"","background-repeat":"repeat","background-position":"center center","background-size":"auto","background-attachment":"scroll","background-type":"","background-media":"","overlay-type":"","overlay-color":"","overlay-opacity":"","overlay-gradient":""},"tablet":{"background-color":"var(--ast-global-color-5)","background-image":"","background-repeat":"repeat","background-position":"center center","background-size":"auto","background-attachment":"scroll","background-type":"","background-media":"","overlay-type":"","overlay-color":"","overlay-opacity":"","overlay-gradient":""},"mobile":{"background-color":"var(--ast-global-color-5)","background-image":"","background-repeat":"repeat","background-position":"center center","background-size":"auto","background-attachment":"scroll","background-type":"","background-media":"","overlay-type":"","overlay-color":"","overlay-opacity":"","overlay-gradient":""}},"footnotes":""},"categories":[29],"tags":[321],"class_list":["post-18012","post","type-post","status-publish","format-standard","has-post-thumbnail","hentry","category-portada","tag-concurs"],"post_mailing_queue_ids":[],"_links":{"self":[{"href":"https:\/\/serveiseducatius.xtec.cat\/segria\/wp-json\/wp\/v2\/posts\/18012","targetHints":{"allow":["GET"]}}],"collection":[{"href":"https:\/\/serveiseducatius.xtec.cat\/segria\/wp-json\/wp\/v2\/posts"}],"about":[{"href":"https:\/\/serveiseducatius.xtec.cat\/segria\/wp-json\/wp\/v2\/types\/post"}],"author":[{"embeddable":true,"href":"https:\/\/serveiseducatius.xtec.cat\/segria\/wp-json\/wp\/v2\/users\/14"}],"replies":[{"embeddable":true,"href":"https:\/\/serveiseducatius.xtec.cat\/segria\/wp-json\/wp\/v2\/comments?post=18012"}],"version-history":[{"count":3,"href":"https:\/\/serveiseducatius.xtec.cat\/segria\/wp-json\/wp\/v2\/posts\/18012\/revisions"}],"predecessor-version":[{"id":18355,"href":"https:\/\/serveiseducatius.xtec.cat\/segria\/wp-json\/wp\/v2\/posts\/18012\/revisions\/18355"}],"wp:featuredmedia":[{"embeddable":true,"href":"https:\/\/serveiseducatius.xtec.cat\/segria\/wp-json\/wp\/v2\/media\/18348"}],"wp:attachment":[{"href":"https:\/\/serveiseducatius.xtec.cat\/segria\/wp-json\/wp\/v2\/media?parent=18012"}],"wp:term":[{"taxonomy":"category","embeddable":true,"href":"https:\/\/serveiseducatius.xtec.cat\/segria\/wp-json\/wp\/v2\/categories?post=18012"},{"taxonomy":"post_tag","embeddable":true,"href":"https:\/\/serveiseducatius.xtec.cat\/segria\/wp-json\/wp\/v2\/tags?post=18012"}],"curies":[{"name":"wp","href":"https:\/\/api.w.org\/{rel}","templated":true}]}}