{"id":17678,"date":"2022-09-30T09:50:47","date_gmt":"2022-09-30T07:50:47","guid":{"rendered":"https:\/\/serveiseducatius.xtec.cat\/segria\/?p=17678"},"modified":"2022-10-03T11:55:12","modified_gmt":"2022-10-03T09:55:12","slug":"27a-edicio-de-la-setmana-de-la-ciencia","status":"publish","type":"post","link":"https:\/\/serveiseducatius.xtec.cat\/segria\/portada\/27a-edicio-de-la-setmana-de-la-ciencia\/","title":{"rendered":"La Ci\u00e8ncia en primera persona"},"content":{"rendered":"<p><a href=\"https:\/\/serveiseducatius.xtec.cat\/segria\/wp-content\/uploads\/usu679\/2022\/09\/Imagen10.png\"><img loading=\"lazy\" decoding=\"async\" class=\"alignleft size-full wp-image-17796\" src=\"https:\/\/serveiseducatius.xtec.cat\/segria\/wp-content\/uploads\/usu679\/2022\/09\/Imagen10.png\" alt=\"\" width=\"241\" height=\"177\" \/><\/a><\/p>\n<p dir=\"ltr\">L\u2019activitat \u201cLa ci\u00e8ncia en primera persona\u201d, que es celebrar\u00e0 el dia <strong>16 de novembre<\/strong> al mat\u00ed, s\u2019emmarca en la <strong>Setmana de la Ci\u00e8ncia<\/strong>,\u00a0 amb la finalitat del foment de les vocacions cient\u00edfiques i tecnol\u00f2giques entre l\u2019alumnat del nostre pa\u00eds, pretenent apropar els i les cient\u00edfiques als instituts.<\/p>\n<p dir=\"ltr\">Seguint la bona acollida de l\u2019edici\u00f3 passada, enguany es mant\u00e9 la modalitat virtual i poden participar tots els centres de secund\u00e0ria.<\/p>\n<p dir=\"ltr\"><strong>L\u2019 activitat es fonamenta en tres parts:<\/strong><\/p>\n<p dir=\"ltr\"><strong>1<\/strong>. Edici\u00f3 d\u2019un v\u00eddeo, d\u2019una durada d\u2019uns 5-10 minuts on es llen\u00e7a tamb\u00e9 una proposta o un repte.<\/p>\n<p dir=\"ltr\"><strong>2.<\/strong> Aquest v\u00eddeo el visualitzar\u00e0 l\u2019alumnat en hores lectives juntament amb els seus professors\/es. L\u2019alumnat ens faran arribar imatge del repte aconseguit (5 fotografies m\u00e0xim per grup) aix\u00ed com les preguntes que volen formular als\/a les cient\u00edfics\/ques (3 preguntes m\u00e0xim per grup).<\/p>\n<p dir=\"ltr\"><strong>3.<\/strong> El dia 16 de novembre al mat\u00ed, retransmissi\u00f3 en directe pel canal youtube de cadascun dels cient\u00edfics\/ques.<\/p>\n<p dir=\"ltr\">L\u2019activitat adre\u00e7ada a l\u2019alumnat de 3r i 4t d\u2019ESO va a c\u00e0rrec de cient\u00edfics\/ques que es dediquen a la investigaci\u00f3 i que expliquen la seva tasca, tant des del vessant cient\u00edfic com del vessant hum\u00e0.<\/p>\n<p dir=\"ltr\">Es proposen 4 grans temes per a tractar amb els seg\u00fcents ponents:<\/p>\n<p dir=\"ltr\">Biologia Marina: Ariadna Martinez (ICM \u2013 CSIC)<\/p>\n<p dir=\"ltr\">Qu\u00edmica: Jos\u00e9 Ram\u00f3n Gal\u00e1n-Mascar\u00f3s (ICIQ)<\/p>\n<p dir=\"ltr\">Matem\u00e0tiques: Mari\u00e0 Cano f\u00edsic i professor de matem\u00e0tiques d\u2019ensenyament de secund\u00e0ria<\/p>\n<p dir=\"ltr\">Energia: Lucile Bernadet, Radostin Stefanov, Kosova Kreka i Juan Carlos Gonz\u00e1lez, \u00a0 grup de recerca de Nanoi\u00f2nica i Piles de combustible de l\u2019Institut de Recerca en Energia de Catalunya (IREC)<\/p>\n<p dir=\"ltr\">En el document adjunt hi trobareu els enlla\u00e7os als 4 v\u00eddeos, els 4 reptes i els horaris de les connexions en directe de les pon\u00e8ncies que es transmetran en directe des del <a href=\"https:\/\/www.youtube.com\/user\/fcrivideo\" target=\"_blank\" rel=\"noopener\" data-saferedirecturl=\"https:\/\/www.google.com\/url?q=https:\/\/www.youtube.com\/user\/fcrivideo&amp;source=gmail&amp;ust=1664014683893000&amp;usg=AOvVaw0aR_6sCNT3v25vStQgiFCv\">canal de Youtube de la FCRI<\/a> el mat\u00ed del dia 16 de novembre.<\/p>\n<p dir=\"ltr\">Aprofitem per falicitar-vos l\u2019enlla\u00e7 que han d\u2019omplir els centres educatius interessats a participar en l\u2019activitat, abans del 7 d\u2019octubre.<\/p>\n<p dir=\"ltr\"><a href=\"https:\/\/docs.google.com\/forms\/d\/e\/1FAIpQLSeDssxfBp4IDz0gsa2d_eFhmumXv-jtx7qEiITKgYdQG0bfzg\/viewform?usp=sf_link\" target=\"_blank\" rel=\"noopener\" data-saferedirecturl=\"https:\/\/www.google.com\/url?q=https:\/\/docs.google.com\/forms\/d\/e\/1FAIpQLSeDssxfBp4IDz0gsa2d_eFhmumXv-jtx7qEiITKgYdQG0bfzg\/viewform?usp%3Dsf_link&amp;source=gmail&amp;ust=1664014683893000&amp;usg=AOvVaw11kOtRbMQg5E_dkQrjBzio\">Formulari d\u2019inscripci\u00f3 dels centres\u00a0<\/a><\/p>\n<p dir=\"ltr\">Els centres que ho desitgin podran participar en directe el mateix dia 16 de novembre, podran enviar els reptes i les preguntes als cient\u00edfics per a qu\u00e8 les comentin en directe:<\/p>\n<p dir=\"ltr\">Data l\u00edmit per enviar els reptes i les preguntes: 3 de novembre<\/p>\n<p dir=\"ltr\"><a href=\"https:\/\/docs.google.com\/forms\/d\/e\/1FAIpQLScYfnM3iR5VPoo-YiIh5Wzp7feY3tU1fqd6ornj6RwZWm-URw\/viewform?usp=sf_link\" target=\"_blank\" rel=\"noopener\" data-saferedirecturl=\"https:\/\/www.google.com\/url?q=https:\/\/docs.google.com\/forms\/d\/e\/1FAIpQLScYfnM3iR5VPoo-YiIh5Wzp7feY3tU1fqd6ornj6RwZWm-URw\/viewform?usp%3Dsf_link&amp;source=gmail&amp;ust=1664014683893000&amp;usg=AOvVaw3pP16ScIml9hf7_SJmjVL7\">Formulari d\u2019enviament dels reptes i preguntes als cient\u00edfics<\/a><\/p>\n<p dir=\"ltr\">Podeu\u00a0 trobar m\u00e9s informaci\u00f3 en el pdf adjunt. M\u00e9s informaci\u00f3 detallada a<a href=\"http:\/\/www.setmanaciencia.cat\/\" target=\"_blank\" rel=\"noopener\" data-saferedirecturl=\"https:\/\/www.google.com\/url?q=http:\/\/www.setmanaciencia.cat\/&amp;source=gmail&amp;ust=1664014683893000&amp;usg=AOvVaw0YEcYhRJvDfAgN-FgWwo5J\"> www.setmanaciencia.cat<\/a><\/p>\n<p dir=\"ltr\"><a href=\"https:\/\/serveiseducatius.xtec.cat\/selva2\/wp-content\/uploads\/usu1165\/2022\/09\/CE45FF90-7DF9-448B-956A-9F5F8612C553.png\"><img loading=\"lazy\" decoding=\"async\" class=\"alignright size-large wp-image-13113\" src=\"https:\/\/serveiseducatius.xtec.cat\/selva2\/wp-content\/uploads\/usu1165\/2022\/09\/CE45FF90-7DF9-448B-956A-9F5F8612C553-1024x738.png\" sizes=\"auto, (max-width: 1024px) 100vw, 1024px\" srcset=\"https:\/\/serveiseducatius.xtec.cat\/selva2\/wp-content\/uploads\/usu1165\/2022\/09\/CE45FF90-7DF9-448B-956A-9F5F8612C553-1024x738.png 1024w, https:\/\/serveiseducatius.xtec.cat\/selva2\/wp-content\/uploads\/usu1165\/2022\/09\/CE45FF90-7DF9-448B-956A-9F5F8612C553-300x216.png 300w, https:\/\/serveiseducatius.xtec.cat\/selva2\/wp-content\/uploads\/usu1165\/2022\/09\/CE45FF90-7DF9-448B-956A-9F5F8612C553-768x553.png 768w, https:\/\/serveiseducatius.xtec.cat\/selva2\/wp-content\/uploads\/usu1165\/2022\/09\/CE45FF90-7DF9-448B-956A-9F5F8612C553-1536x1107.png 1536w, https:\/\/serveiseducatius.xtec.cat\/selva2\/wp-content\/uploads\/usu1165\/2022\/09\/CE45FF90-7DF9-448B-956A-9F5F8612C553.png 1574w\" alt=\"\" width=\"1024\" height=\"738\" \/><\/a><\/p>\n<p dir=\"ltr\"><a href=\"https:\/\/serveiseducatius.xtec.cat\/selva2\/wp-content\/uploads\/usu1165\/2022\/09\/C57F4AC3-1FB5-4A7F-94EF-C454CFF89B5C.png\"><img loading=\"lazy\" decoding=\"async\" class=\"alignright size-large wp-image-13114\" src=\"https:\/\/serveiseducatius.xtec.cat\/selva2\/wp-content\/uploads\/usu1165\/2022\/09\/C57F4AC3-1FB5-4A7F-94EF-C454CFF89B5C-1024x740.png\" sizes=\"auto, (max-width: 1024px) 100vw, 1024px\" srcset=\"https:\/\/serveiseducatius.xtec.cat\/selva2\/wp-content\/uploads\/usu1165\/2022\/09\/C57F4AC3-1FB5-4A7F-94EF-C454CFF89B5C-1024x740.png 1024w, https:\/\/serveiseducatius.xtec.cat\/selva2\/wp-content\/uploads\/usu1165\/2022\/09\/C57F4AC3-1FB5-4A7F-94EF-C454CFF89B5C-300x217.png 300w, https:\/\/serveiseducatius.xtec.cat\/selva2\/wp-content\/uploads\/usu1165\/2022\/09\/C57F4AC3-1FB5-4A7F-94EF-C454CFF89B5C-768x555.png 768w, https:\/\/serveiseducatius.xtec.cat\/selva2\/wp-content\/uploads\/usu1165\/2022\/09\/C57F4AC3-1FB5-4A7F-94EF-C454CFF89B5C-1536x1111.png 1536w, https:\/\/serveiseducatius.xtec.cat\/selva2\/wp-content\/uploads\/usu1165\/2022\/09\/C57F4AC3-1FB5-4A7F-94EF-C454CFF89B5C.png 1582w\" alt=\"\" width=\"1024\" height=\"740\" \/><\/a><\/p>\n<div class=\"addtoany_share_save_container addtoany_content addtoany_content_bottom\">\n<div class=\"a2a_kit a2a_kit_size_25 addtoany_list\" data-a2a-url=\"https:\/\/serveiseducatius.xtec.cat\/selva2\/general\/27a-edicio-de-la-setmana-de-la-ciencia\/\" data-a2a-title=\"27a edici\u00f3 de la Setmana de la Ci\u00e8ncia\"><\/div>\n<\/div>\n<p><a class=\"a2a_button_facebook\" title=\"Facebook\" href=\"https:\/\/serveiseducatius.xtec.cat\/#facebook\" target=\"_blank\" rel=\"nofollow noopener\"><span class=\"a2a_label\">Facebook<\/span><\/a><a class=\"a2a_button_twitter\" title=\"Twitter\" href=\"https:\/\/serveiseducatius.xtec.cat\/#twitter\" target=\"_blank\" rel=\"nofollow noopener\"><span class=\"a2a_label\">Twitter<\/span><\/a><a class=\"a2a_button_whatsapp\" title=\"WhatsApp\" href=\"https:\/\/serveiseducatius.xtec.cat\/#whatsapp\" target=\"_blank\" rel=\"nofollow noopener\"><span class=\"a2a_label\">WhatsApp<\/span><\/a><\/p>\n<p>Us adjuntem un\u00a0<a href=\"https:\/\/fundaciorecerca.us14.list-manage.com\/track\/click?u=8fb8b3cd79187d3ca4dc95ac0&amp;id=9ce5f4a21e&amp;e=57b406ae55\" target=\"_blank\" rel=\"noopener\" data-saferedirecturl=\"https:\/\/www.google.com\/url?q=https:\/\/fundaciorecerca.us14.list-manage.com\/track\/click?u%3D8fb8b3cd79187d3ca4dc95ac0%26id%3D9ce5f4a21e%26e%3D57b406ae55&amp;source=gmail&amp;ust=1663407792371000&amp;usg=AOvVaw1bxamR-KYaj0ddkGjtfoZ5\">dossier informatiu<\/a>\u00a0de la Setmana de la Ci\u00e8ncia 2022 amb informaci\u00f3 m\u00e9s detallada.<\/p>\n","protected":false},"excerpt":{"rendered":"<p>L\u2019activitat \u201cLa ci\u00e8ncia en primera persona\u201d, que es celebrar\u00e0 el dia 16 de novembre al mat\u00ed, s\u2019emmarca en la Setmana de la Ci\u00e8ncia,\u00a0 amb la finalitat del foment de les vocacions cient\u00edfiques i tecnol\u00f2giques entre l\u2019alumnat del nostre pa\u00eds, pretenent apropar els i les cient\u00edfiques als instituts. Seguint la bona acollida de l\u2019edici\u00f3 passada, enguany [&hellip;]<\/p>\n","protected":false},"author":5,"featured_media":17679,"comment_status":"closed","ping_status":"closed","sticky":false,"template":"","format":"standard","meta":{"_bbp_topic_count":0,"_bbp_reply_count":0,"_bbp_total_topic_count":0,"_bbp_total_reply_count":0,"_bbp_voice_count":0,"_bbp_anonymous_reply_count":0,"_bbp_topic_count_hidden":0,"_bbp_reply_count_hidden":0,"_bbp_forum_subforum_count":0,"site-sidebar-layout":"default","site-content-layout":"","ast-site-content-layout":"","site-content-style":"default","site-sidebar-style":"default","ast-global-header-display":"","ast-banner-title-visibility":"","ast-main-header-display":"","ast-hfb-above-header-display":"","ast-hfb-below-header-display":"","ast-hfb-mobile-header-display":"","site-post-title":"","ast-breadcrumbs-content":"","ast-featured-img":"","footer-sml-layout":"","theme-transparent-header-meta":"","adv-header-id-meta":"","stick-header-meta":"","header-above-stick-meta":"","header-main-stick-meta":"","header-below-stick-meta":"","astra-migrate-meta-layouts":"default","ast-page-background-enabled":"default","ast-page-background-meta":{"desktop":{"background-color":"var(--ast-global-color-4)","background-image":"","background-repeat":"repeat","background-position":"center center","background-size":"auto","background-attachment":"scroll","background-type":"","background-media":"","overlay-type":"","overlay-color":"","overlay-opacity":"","overlay-gradient":""},"tablet":{"background-color":"","background-image":"","background-repeat":"repeat","background-position":"center center","background-size":"auto","background-attachment":"scroll","background-type":"","background-media":"","overlay-type":"","overlay-color":"","overlay-opacity":"","overlay-gradient":""},"mobile":{"background-color":"","background-image":"","background-repeat":"repeat","background-position":"center center","background-size":"auto","background-attachment":"scroll","background-type":"","background-media":"","overlay-type":"","overlay-color":"","overlay-opacity":"","overlay-gradient":""}},"ast-content-background-meta":{"desktop":{"background-color":"var(--ast-global-color-5)","background-image":"","background-repeat":"repeat","background-position":"center center","background-size":"auto","background-attachment":"scroll","background-type":"","background-media":"","overlay-type":"","overlay-color":"","overlay-opacity":"","overlay-gradient":""},"tablet":{"background-color":"var(--ast-global-color-5)","background-image":"","background-repeat":"repeat","background-position":"center center","background-size":"auto","background-attachment":"scroll","background-type":"","background-media":"","overlay-type":"","overlay-color":"","overlay-opacity":"","overlay-gradient":""},"mobile":{"background-color":"var(--ast-global-color-5)","background-image":"","background-repeat":"repeat","background-position":"center center","background-size":"auto","background-attachment":"scroll","background-type":"","background-media":"","overlay-type":"","overlay-color":"","overlay-opacity":"","overlay-gradient":""}},"footnotes":""},"categories":[29],"tags":[250],"class_list":["post-17678","post","type-post","status-publish","format-standard","has-post-thumbnail","hentry","category-portada","tag-ciencia"],"post_mailing_queue_ids":[],"_links":{"self":[{"href":"https:\/\/serveiseducatius.xtec.cat\/segria\/wp-json\/wp\/v2\/posts\/17678","targetHints":{"allow":["GET"]}}],"collection":[{"href":"https:\/\/serveiseducatius.xtec.cat\/segria\/wp-json\/wp\/v2\/posts"}],"about":[{"href":"https:\/\/serveiseducatius.xtec.cat\/segria\/wp-json\/wp\/v2\/types\/post"}],"author":[{"embeddable":true,"href":"https:\/\/serveiseducatius.xtec.cat\/segria\/wp-json\/wp\/v2\/users\/5"}],"replies":[{"embeddable":true,"href":"https:\/\/serveiseducatius.xtec.cat\/segria\/wp-json\/wp\/v2\/comments?post=17678"}],"version-history":[{"count":3,"href":"https:\/\/serveiseducatius.xtec.cat\/segria\/wp-json\/wp\/v2\/posts\/17678\/revisions"}],"predecessor-version":[{"id":17798,"href":"https:\/\/serveiseducatius.xtec.cat\/segria\/wp-json\/wp\/v2\/posts\/17678\/revisions\/17798"}],"wp:featuredmedia":[{"embeddable":true,"href":"https:\/\/serveiseducatius.xtec.cat\/segria\/wp-json\/wp\/v2\/media\/17679"}],"wp:attachment":[{"href":"https:\/\/serveiseducatius.xtec.cat\/segria\/wp-json\/wp\/v2\/media?parent=17678"}],"wp:term":[{"taxonomy":"category","embeddable":true,"href":"https:\/\/serveiseducatius.xtec.cat\/segria\/wp-json\/wp\/v2\/categories?post=17678"},{"taxonomy":"post_tag","embeddable":true,"href":"https:\/\/serveiseducatius.xtec.cat\/segria\/wp-json\/wp\/v2\/tags?post=17678"}],"curies":[{"name":"wp","href":"https:\/\/api.w.org\/{rel}","templated":true}]}}