{"id":17239,"date":"2022-06-22T09:31:13","date_gmt":"2022-06-22T07:31:13","guid":{"rendered":"https:\/\/serveiseducatius.xtec.cat\/segria\/?p=17239"},"modified":"2022-06-22T09:31:30","modified_gmt":"2022-06-22T07:31:30","slug":"xtcd-29-06-2022-sessio-de-tancament-de-les-3-subxarxes-cdc-edc-cdd","status":"publish","type":"post","link":"https:\/\/serveiseducatius.xtec.cat\/segria\/tac\/cultura-digital\/xtcd-29-06-2022-sessio-de-tancament-de-les-3-subxarxes-cdc-edc-cdd\/","title":{"rendered":"XTCD 29-06-2022 Sessi\u00f3 de tancament de les 3 subxarxes: CDC, EDC, CDD"},"content":{"rendered":"<p><a href=\"https:\/\/serveiseducatius.xtec.cat\/segria\/wp-content\/uploads\/usu679\/2022\/06\/2022-06-21-12_43_55-Xarxa-territorial-de-Cultura-digital-\u2013-XTCD.jpg\"><img loading=\"lazy\" decoding=\"async\" class=\"alignleft size-full wp-image-17240\" src=\"https:\/\/serveiseducatius.xtec.cat\/segria\/wp-content\/uploads\/usu679\/2022\/06\/2022-06-21-12_43_55-Xarxa-territorial-de-Cultura-digital-\u2013-XTCD.jpg\" alt=\"\" width=\"354\" height=\"121\" srcset=\"https:\/\/serveiseducatius.xtec.cat\/segria\/wp-content\/uploads\/usu679\/2022\/06\/2022-06-21-12_43_55-Xarxa-territorial-de-Cultura-digital-\u2013-XTCD.jpg 354w, https:\/\/serveiseducatius.xtec.cat\/segria\/wp-content\/uploads\/usu679\/2022\/06\/2022-06-21-12_43_55-Xarxa-territorial-de-Cultura-digital-\u2013-XTCD-300x103.jpg 300w\" sizes=\"auto, (max-width: 354px) 100vw, 354px\" \/><\/a>En el moment de planificar les dates de les <a href=\"https:\/\/projectes.xtec.cat\/xtcd\/sessions-2021-22\/\">sessions de la Xarxa territorial de Cultura digital<\/a> no es tenia const\u00e0ncia de la modificaci\u00f3 del calendari escolar. Per aquest motiu, i per evitar interferir en les din\u00e0miques del centre previstes per aquest final de curs, s\u2019ha avan\u00e7at la data de la darrera sessi\u00f3 tancament de la XTCD al <strong>dimecres 29 de juny en l\u2019horari habitual de les 17.30 h<\/strong>.<\/p>\n<p>Com \u00e9s usual, el seminari s\u2019emetr\u00e0 en <em>streaming<\/em> i, un cop finalitzat, es penjar\u00e0 en el<a href=\"https:\/\/projectes.xtec.cat\/xtcd\/\"> nodes de la Xarxa<\/a> per tal de poder-lo visionar en diferit.<\/p>\n<p><a href=\"https:\/\/serveiseducatius.xtec.cat\/selva2\/wp-content\/uploads\/usu1165\/2022\/03\/logo_Fons_europeus.png\"><img loading=\"lazy\" decoding=\"async\" class=\" wp-image-12574 alignleft\" src=\"https:\/\/serveiseducatius.xtec.cat\/selva2\/wp-content\/uploads\/usu1165\/2022\/03\/logo_Fons_europeus-1024x92.png\" sizes=\"auto, (max-width: 590px) 100vw, 590px\" srcset=\"https:\/\/serveiseducatius.xtec.cat\/selva2\/wp-content\/uploads\/usu1165\/2022\/03\/logo_Fons_europeus-1024x92.png 1024w, https:\/\/serveiseducatius.xtec.cat\/selva2\/wp-content\/uploads\/usu1165\/2022\/03\/logo_Fons_europeus-300x27.png 300w, https:\/\/serveiseducatius.xtec.cat\/selva2\/wp-content\/uploads\/usu1165\/2022\/03\/logo_Fons_europeus-768x69.png 768w, https:\/\/serveiseducatius.xtec.cat\/selva2\/wp-content\/uploads\/usu1165\/2022\/03\/logo_Fons_europeus-1536x138.png 1536w, https:\/\/serveiseducatius.xtec.cat\/selva2\/wp-content\/uploads\/usu1165\/2022\/03\/logo_Fons_europeus-2048x184.png 2048w\" alt=\"\" width=\"590\" height=\"53\" \/><\/a><\/p>\n<p>&nbsp;<\/p>\n","protected":false},"excerpt":{"rendered":"<p>En el moment de planificar les dates de les sessions de la Xarxa territorial de Cultura digital no es tenia const\u00e0ncia de la modificaci\u00f3 del calendari escolar. Per aquest motiu, i per evitar interferir en les din\u00e0miques del centre previstes per aquest final de curs, s\u2019ha avan\u00e7at la data de la darrera sessi\u00f3 tancament de [&hellip;]<\/p>\n","protected":false},"author":5,"featured_media":17240,"comment_status":"closed","ping_status":"closed","sticky":false,"template":"","format":"standard","meta":{"_bbp_topic_count":0,"_bbp_reply_count":0,"_bbp_total_topic_count":0,"_bbp_total_reply_count":0,"_bbp_voice_count":0,"_bbp_anonymous_reply_count":0,"_bbp_topic_count_hidden":0,"_bbp_reply_count_hidden":0,"_bbp_forum_subforum_count":0,"site-sidebar-layout":"default","site-content-layout":"","ast-site-content-layout":"","site-content-style":"default","site-sidebar-style":"default","ast-global-header-display":"","ast-banner-title-visibility":"","ast-main-header-display":"","ast-hfb-above-header-display":"","ast-hfb-below-header-display":"","ast-hfb-mobile-header-display":"","site-post-title":"","ast-breadcrumbs-content":"","ast-featured-img":"","footer-sml-layout":"","theme-transparent-header-meta":"","adv-header-id-meta":"","stick-header-meta":"","header-above-stick-meta":"","header-main-stick-meta":"","header-below-stick-meta":"","astra-migrate-meta-layouts":"default","ast-page-background-enabled":"default","ast-page-background-meta":{"desktop":{"background-color":"var(--ast-global-color-4)","background-image":"","background-repeat":"repeat","background-position":"center center","background-size":"auto","background-attachment":"scroll","background-type":"","background-media":"","overlay-type":"","overlay-color":"","overlay-opacity":"","overlay-gradient":""},"tablet":{"background-color":"","background-image":"","background-repeat":"repeat","background-position":"center center","background-size":"auto","background-attachment":"scroll","background-type":"","background-media":"","overlay-type":"","overlay-color":"","overlay-opacity":"","overlay-gradient":""},"mobile":{"background-color":"","background-image":"","background-repeat":"repeat","background-position":"center center","background-size":"auto","background-attachment":"scroll","background-type":"","background-media":"","overlay-type":"","overlay-color":"","overlay-opacity":"","overlay-gradient":""}},"ast-content-background-meta":{"desktop":{"background-color":"var(--ast-global-color-5)","background-image":"","background-repeat":"repeat","background-position":"center center","background-size":"auto","background-attachment":"scroll","background-type":"","background-media":"","overlay-type":"","overlay-color":"","overlay-opacity":"","overlay-gradient":""},"tablet":{"background-color":"var(--ast-global-color-5)","background-image":"","background-repeat":"repeat","background-position":"center center","background-size":"auto","background-attachment":"scroll","background-type":"","background-media":"","overlay-type":"","overlay-color":"","overlay-opacity":"","overlay-gradient":""},"mobile":{"background-color":"var(--ast-global-color-5)","background-image":"","background-repeat":"repeat","background-position":"center center","background-size":"auto","background-attachment":"scroll","background-type":"","background-media":"","overlay-type":"","overlay-color":"","overlay-opacity":"","overlay-gradient":""}},"footnotes":""},"categories":[304],"tags":[],"class_list":["post-17239","post","type-post","status-publish","format-standard","has-post-thumbnail","hentry","category-cultura-digital"],"post_mailing_queue_ids":[],"_links":{"self":[{"href":"https:\/\/serveiseducatius.xtec.cat\/segria\/wp-json\/wp\/v2\/posts\/17239","targetHints":{"allow":["GET"]}}],"collection":[{"href":"https:\/\/serveiseducatius.xtec.cat\/segria\/wp-json\/wp\/v2\/posts"}],"about":[{"href":"https:\/\/serveiseducatius.xtec.cat\/segria\/wp-json\/wp\/v2\/types\/post"}],"author":[{"embeddable":true,"href":"https:\/\/serveiseducatius.xtec.cat\/segria\/wp-json\/wp\/v2\/users\/5"}],"replies":[{"embeddable":true,"href":"https:\/\/serveiseducatius.xtec.cat\/segria\/wp-json\/wp\/v2\/comments?post=17239"}],"version-history":[{"count":1,"href":"https:\/\/serveiseducatius.xtec.cat\/segria\/wp-json\/wp\/v2\/posts\/17239\/revisions"}],"predecessor-version":[{"id":17241,"href":"https:\/\/serveiseducatius.xtec.cat\/segria\/wp-json\/wp\/v2\/posts\/17239\/revisions\/17241"}],"wp:featuredmedia":[{"embeddable":true,"href":"https:\/\/serveiseducatius.xtec.cat\/segria\/wp-json\/wp\/v2\/media\/17240"}],"wp:attachment":[{"href":"https:\/\/serveiseducatius.xtec.cat\/segria\/wp-json\/wp\/v2\/media?parent=17239"}],"wp:term":[{"taxonomy":"category","embeddable":true,"href":"https:\/\/serveiseducatius.xtec.cat\/segria\/wp-json\/wp\/v2\/categories?post=17239"},{"taxonomy":"post_tag","embeddable":true,"href":"https:\/\/serveiseducatius.xtec.cat\/segria\/wp-json\/wp\/v2\/tags?post=17239"}],"curies":[{"name":"wp","href":"https:\/\/api.w.org\/{rel}","templated":true}]}}