{"id":16627,"date":"2022-04-07T08:46:14","date_gmt":"2022-04-07T06:46:14","guid":{"rendered":"https:\/\/serveiseducatius.xtec.cat\/segria\/?p=16627"},"modified":"2022-05-30T09:02:26","modified_gmt":"2022-05-30T07:02:26","slug":"deteccio-necessitats-de-formacio-en-centre-pfz-del-segria-curs-2022-23","status":"publish","type":"post","link":"https:\/\/serveiseducatius.xtec.cat\/segria\/general\/deteccio-necessitats-de-formacio-en-centre-pfz-del-segria-curs-2022-23\/","title":{"rendered":"Detecci\u00f3 necessitats de formaci\u00f3 en centre PFZ del Segri\u00e0: Curs 2022\/23"},"content":{"rendered":"<p><img loading=\"lazy\" decoding=\"async\" class=\"alignleft size-medium wp-image-16638\" src=\"https:\/\/serveiseducatius.xtec.cat\/segria\/wp-content\/uploads\/usu679\/2022\/04\/PFZ_gran_transparent-SE-300x248.png\" alt=\"\" width=\"300\" height=\"248\" srcset=\"https:\/\/serveiseducatius.xtec.cat\/segria\/wp-content\/uploads\/usu679\/2022\/04\/PFZ_gran_transparent-SE-300x248.png 300w, https:\/\/serveiseducatius.xtec.cat\/segria\/wp-content\/uploads\/usu679\/2022\/04\/PFZ_gran_transparent-SE.png 400w\" sizes=\"auto, (max-width: 300px) 100vw, 300px\" \/>La Comissi\u00f3 del Pla de Formaci\u00f3 de Zona del Segri\u00e0 ha obert un per\u00edode de demanda d\u2019activitats de formaci\u00f3 en centre.<\/p>\n<p>Es podr\u00e0 tramitar la demanda d\u2019activitats de formaci\u00f3 en centre en dues fases:<\/p>\n<p><b>Fase 1- Del 20 d\u2019abril al 23 de maig<\/b><\/p>\n<p><b>Fase 2- Del 19 de setembre al 17 d\u2019octubre<\/b><\/p>\n<ul>\n<li>Modalitats:\u00a0\u00a0<a href=\"https:\/\/serveiseducatius.xtec.cat\/segria\/wp-content\/uploads\/usu679\/2020\/12\/enllac.png\"><img loading=\"lazy\" decoding=\"async\" class=\"alignnone wp-image-10592\" src=\"https:\/\/serveiseducatius.xtec.cat\/segria\/wp-content\/uploads\/usu679\/2020\/12\/enllac.png\" alt=\"\" width=\"20\" height=\"20\" \/><\/a>Assessorament, <a href=\"https:\/\/serveiseducatius.xtec.cat\/segria\/wp-content\/uploads\/usu679\/2020\/12\/enllac.png\"><img loading=\"lazy\" decoding=\"async\" class=\"alignnone wp-image-10592\" src=\"https:\/\/serveiseducatius.xtec.cat\/segria\/wp-content\/uploads\/usu679\/2020\/12\/enllac.png\" alt=\"\" width=\"20\" height=\"20\" \/><\/a>\u00a0Interna de Centre,\u00a0<a href=\"https:\/\/serveiseducatius.xtec.cat\/segria\/wp-content\/uploads\/usu679\/2020\/12\/enllac.png\"><img loading=\"lazy\" decoding=\"async\" class=\"alignnone wp-image-10592\" src=\"https:\/\/serveiseducatius.xtec.cat\/segria\/wp-content\/uploads\/usu679\/2020\/12\/enllac.png\" alt=\"\" width=\"20\" height=\"20\" \/><\/a>Taller a Centre,\u00a0<a href=\"https:\/\/serveiseducatius.xtec.cat\/segria\/wp-content\/uploads\/usu679\/2020\/12\/enllac.png\"><img loading=\"lazy\" decoding=\"async\" class=\"alignnone wp-image-10592\" src=\"https:\/\/serveiseducatius.xtec.cat\/segria\/wp-content\/uploads\/usu679\/2020\/12\/enllac.png\" alt=\"\" width=\"20\" height=\"20\" \/><\/a>Visita Formativa a Centre. <a href=\"https:\/\/serveiseducatius.xtec.cat\/segria\/wp-content\/uploads\/usu679\/2022\/04\/Criteris-Instruccions-i-Orientacions-2021-2022-41-56.pdf\" target=\"_blank\" rel=\"noopener\"><strong>Document informatiu.<\/strong><\/a><\/li>\n<\/ul>\n<h4><strong>FASE 1<\/strong><\/h4>\n<ul>\n<li><strong>Detecci\u00f3 de necessitats formatives<\/strong>: s\u2019inicia el proc\u00e9s a partir del <strong>20 d\u2019abril<\/strong>, i es dur\u00e0 a terme\u00a0<strong>fins el 23 de maig.<\/strong><\/li>\n<\/ul>\n<ul>\n<li>El professional del CRP (referent de cada sector), trucar\u00e0 al vostre centre\u00a0<strong>a partir del dia 19 d\u2019abril<\/strong>\u00a0per tal de saber quines necessitats formatives teniu. Caldr\u00e0 omplir, paral\u00b7lelament,\u00a0<a href=\"https:\/\/docs.google.com\/forms\/d\/e\/1FAIpQLSeOF1kRO47oPEzK5CQRYH1RcdISerWCWS1XIO8R02326RRL8g\/viewform\" target=\"_blank\" rel=\"noopener\"><strong>aquest formulari de detecci\u00f3 de necessitats<\/strong><\/a>\u00a0(equip directiu). En cas de dubte, podeu contactar-nos al Servei Educatiu.<\/li>\n<\/ul>\n<p>M\u00e9s informaci\u00f3:<\/p>\n<ul>\n<li><strong><a href=\"https:\/\/serveiseducatius.xtec.cat\/segria\/formacio\/gestio-2\/\" target=\"_blank\" rel=\"noopener\">Gesti\u00f3 de la formaci\u00f3 en centre<\/a><\/strong><\/li>\n<\/ul>\n<p><img loading=\"lazy\" decoding=\"async\" class=\"aligncenter size-full wp-image-16781\" src=\"https:\/\/serveiseducatius.xtec.cat\/segria\/wp-content\/uploads\/usu679\/2022\/04\/PFZ1.jpg\" alt=\"\" width=\"682\" height=\"832\" srcset=\"https:\/\/serveiseducatius.xtec.cat\/segria\/wp-content\/uploads\/usu679\/2022\/04\/PFZ1.jpg 682w, https:\/\/serveiseducatius.xtec.cat\/segria\/wp-content\/uploads\/usu679\/2022\/04\/PFZ1-246x300.jpg 246w\" sizes=\"auto, (max-width: 682px) 100vw, 682px\" \/><img loading=\"lazy\" decoding=\"async\" class=\"aligncenter size-full wp-image-16783\" src=\"https:\/\/serveiseducatius.xtec.cat\/segria\/wp-content\/uploads\/usu679\/2022\/04\/PFZ3.jpg\" alt=\"\" width=\"685\" height=\"874\" srcset=\"https:\/\/serveiseducatius.xtec.cat\/segria\/wp-content\/uploads\/usu679\/2022\/04\/PFZ3.jpg 685w, https:\/\/serveiseducatius.xtec.cat\/segria\/wp-content\/uploads\/usu679\/2022\/04\/PFZ3-235x300.jpg 235w\" sizes=\"auto, (max-width: 685px) 100vw, 685px\" \/><\/p>\n<p>&nbsp;<\/p>\n","protected":false},"excerpt":{"rendered":"<p>La Comissi\u00f3 del Pla de Formaci\u00f3 de Zona del Segri\u00e0 ha obert un per\u00edode de demanda d\u2019activitats de formaci\u00f3 en centre. Es podr\u00e0 tramitar la demanda d\u2019activitats de formaci\u00f3 en centre en dues fases: Fase 1- Del 20 d\u2019abril al 23 de maig Fase 2- Del 19 de setembre al 17 d\u2019octubre Modalitats:\u00a0\u00a0Assessorament, \u00a0Interna de [&hellip;]<\/p>\n","protected":false},"author":5,"featured_media":16638,"comment_status":"closed","ping_status":"closed","sticky":false,"template":"","format":"standard","meta":{"_bbp_topic_count":0,"_bbp_reply_count":0,"_bbp_total_topic_count":0,"_bbp_total_reply_count":0,"_bbp_voice_count":0,"_bbp_anonymous_reply_count":0,"_bbp_topic_count_hidden":0,"_bbp_reply_count_hidden":0,"_bbp_forum_subforum_count":0,"site-sidebar-layout":"default","site-content-layout":"","ast-site-content-layout":"","site-content-style":"default","site-sidebar-style":"default","ast-global-header-display":"","ast-banner-title-visibility":"","ast-main-header-display":"","ast-hfb-above-header-display":"","ast-hfb-below-header-display":"","ast-hfb-mobile-header-display":"","site-post-title":"","ast-breadcrumbs-content":"","ast-featured-img":"","footer-sml-layout":"","theme-transparent-header-meta":"","adv-header-id-meta":"","stick-header-meta":"","header-above-stick-meta":"","header-main-stick-meta":"","header-below-stick-meta":"","astra-migrate-meta-layouts":"default","ast-page-background-enabled":"default","ast-page-background-meta":{"desktop":{"background-color":"var(--ast-global-color-4)","background-image":"","background-repeat":"repeat","background-position":"center center","background-size":"auto","background-attachment":"scroll","background-type":"","background-media":"","overlay-type":"","overlay-color":"","overlay-opacity":"","overlay-gradient":""},"tablet":{"background-color":"","background-image":"","background-repeat":"repeat","background-position":"center center","background-size":"auto","background-attachment":"scroll","background-type":"","background-media":"","overlay-type":"","overlay-color":"","overlay-opacity":"","overlay-gradient":""},"mobile":{"background-color":"","background-image":"","background-repeat":"repeat","background-position":"center center","background-size":"auto","background-attachment":"scroll","background-type":"","background-media":"","overlay-type":"","overlay-color":"","overlay-opacity":"","overlay-gradient":""}},"ast-content-background-meta":{"desktop":{"background-color":"var(--ast-global-color-5)","background-image":"","background-repeat":"repeat","background-position":"center center","background-size":"auto","background-attachment":"scroll","background-type":"","background-media":"","overlay-type":"","overlay-color":"","overlay-opacity":"","overlay-gradient":""},"tablet":{"background-color":"var(--ast-global-color-5)","background-image":"","background-repeat":"repeat","background-position":"center center","background-size":"auto","background-attachment":"scroll","background-type":"","background-media":"","overlay-type":"","overlay-color":"","overlay-opacity":"","overlay-gradient":""},"mobile":{"background-color":"var(--ast-global-color-5)","background-image":"","background-repeat":"repeat","background-position":"center center","background-size":"auto","background-attachment":"scroll","background-type":"","background-media":"","overlay-type":"","overlay-color":"","overlay-opacity":"","overlay-gradient":""}},"footnotes":""},"categories":[154,1,29],"tags":[728],"class_list":["post-16627","post","type-post","status-publish","format-standard","has-post-thumbnail","hentry","category-formacio","category-general","category-portada","tag-for"],"post_mailing_queue_ids":[],"_links":{"self":[{"href":"https:\/\/serveiseducatius.xtec.cat\/segria\/wp-json\/wp\/v2\/posts\/16627","targetHints":{"allow":["GET"]}}],"collection":[{"href":"https:\/\/serveiseducatius.xtec.cat\/segria\/wp-json\/wp\/v2\/posts"}],"about":[{"href":"https:\/\/serveiseducatius.xtec.cat\/segria\/wp-json\/wp\/v2\/types\/post"}],"author":[{"embeddable":true,"href":"https:\/\/serveiseducatius.xtec.cat\/segria\/wp-json\/wp\/v2\/users\/5"}],"replies":[{"embeddable":true,"href":"https:\/\/serveiseducatius.xtec.cat\/segria\/wp-json\/wp\/v2\/comments?post=16627"}],"version-history":[{"count":5,"href":"https:\/\/serveiseducatius.xtec.cat\/segria\/wp-json\/wp\/v2\/posts\/16627\/revisions"}],"predecessor-version":[{"id":16784,"href":"https:\/\/serveiseducatius.xtec.cat\/segria\/wp-json\/wp\/v2\/posts\/16627\/revisions\/16784"}],"wp:featuredmedia":[{"embeddable":true,"href":"https:\/\/serveiseducatius.xtec.cat\/segria\/wp-json\/wp\/v2\/media\/16638"}],"wp:attachment":[{"href":"https:\/\/serveiseducatius.xtec.cat\/segria\/wp-json\/wp\/v2\/media?parent=16627"}],"wp:term":[{"taxonomy":"category","embeddable":true,"href":"https:\/\/serveiseducatius.xtec.cat\/segria\/wp-json\/wp\/v2\/categories?post=16627"},{"taxonomy":"post_tag","embeddable":true,"href":"https:\/\/serveiseducatius.xtec.cat\/segria\/wp-json\/wp\/v2\/tags?post=16627"}],"curies":[{"name":"wp","href":"https:\/\/api.w.org\/{rel}","templated":true}]}}