{"id":16324,"date":"2022-03-14T12:47:34","date_gmt":"2022-03-14T11:47:34","guid":{"rendered":"https:\/\/serveiseducatius.xtec.cat\/segria\/?p=16324"},"modified":"2022-03-14T12:57:46","modified_gmt":"2022-03-14T11:57:46","slug":"ins-joan-sola-apadrina-lalzinar-de-torrefarrera","status":"publish","type":"post","link":"https:\/\/serveiseducatius.xtec.cat\/segria\/dinamitzacio\/apadriem-el-nostre-patrimoni\/ins-joan-sola-apadrina-lalzinar-de-torrefarrera\/","title":{"rendered":"Ins Joan Sol\u00e0 apadrina l&#8217;Alzinar de Torrefarrera"},"content":{"rendered":"<p><a href=\"https:\/\/serveiseducatius.xtec.cat\/segria\/wp-content\/uploads\/usu679\/2022\/03\/WhatsApp-Image-2022-03-14-at-12.52.02.jpeg\"><img loading=\"lazy\" decoding=\"async\" class=\"alignleft wp-image-16333\" src=\"https:\/\/serveiseducatius.xtec.cat\/segria\/wp-content\/uploads\/usu679\/2022\/03\/WhatsApp-Image-2022-03-14-at-12.52.02.jpeg\" alt=\"\" width=\"225\" height=\"231\" srcset=\"https:\/\/serveiseducatius.xtec.cat\/segria\/wp-content\/uploads\/usu679\/2022\/03\/WhatsApp-Image-2022-03-14-at-12.52.02.jpeg 999w, https:\/\/serveiseducatius.xtec.cat\/segria\/wp-content\/uploads\/usu679\/2022\/03\/WhatsApp-Image-2022-03-14-at-12.52.02-293x300.jpeg 293w, https:\/\/serveiseducatius.xtec.cat\/segria\/wp-content\/uploads\/usu679\/2022\/03\/WhatsApp-Image-2022-03-14-at-12.52.02-768x787.jpeg 768w\" sizes=\"auto, (max-width: 225px) 100vw, 225px\" \/><\/a><\/p>\n<p style=\"text-align: justify;\">L&#8217;institut Joan Sol\u00e0 desenvolupa el projecte d\u2019innovaci\u00f3 pedag\u00f2gica \u201c<strong>Apadrinem l\u2019Alzina<\/strong>r\u201d emmarcat dins el programa \u201cApadrinem el nostre patrimoni\u201d.<\/p>\n<p style=\"text-align: justify;\">L&#8217;alumnat participa en diferents activitats i din\u00e0miques per tal d&#8217;implicar-se en la conservaci\u00f3, la cura i el manteniment del territori apadrinat per tal de potenciar l&#8217;educaci\u00f3 en valors i el comprom\u00eds c\u00edvic.<\/p>\n<p style=\"text-align: justify;\">Una altra activitat que es va dur a terme per tal d&#8217;aprofundir en el seu coneixement i donar valor al territori apadrinat va ser la xerrada realitzada per una especialista en forestals. A partir d&#8217;aquesta van poder descobrir els aspectes m\u00e9s rellevants d&#8217;aquests arbres, i la peculiaritat de ser un arbre propi del Mediterrani, augmentant aix\u00ed el valor al sentiment de pertinen\u00e7a.<\/p>\n<p>&nbsp;<\/p>\n","protected":false},"excerpt":{"rendered":"<p>L&#8217;institut Joan Sol\u00e0 desenvolupa el projecte d\u2019innovaci\u00f3 pedag\u00f2gica \u201cApadrinem l\u2019Alzinar\u201d emmarcat dins el programa \u201cApadrinem el nostre patrimoni\u201d. L&#8217;alumnat participa en diferents activitats i din\u00e0miques per tal d&#8217;implicar-se en la conservaci\u00f3, la cura i el manteniment del territori apadrinat per tal de potenciar l&#8217;educaci\u00f3 en valors i el comprom\u00eds c\u00edvic. Una altra activitat que es [&hellip;]<\/p>\n","protected":false},"author":15,"featured_media":16333,"comment_status":"closed","ping_status":"closed","sticky":false,"template":"","format":"standard","meta":{"_bbp_topic_count":0,"_bbp_reply_count":0,"_bbp_total_topic_count":0,"_bbp_total_reply_count":0,"_bbp_voice_count":0,"_bbp_anonymous_reply_count":0,"_bbp_topic_count_hidden":0,"_bbp_reply_count_hidden":0,"_bbp_forum_subforum_count":0,"site-sidebar-layout":"default","site-content-layout":"","ast-site-content-layout":"","site-content-style":"default","site-sidebar-style":"default","ast-global-header-display":"","ast-banner-title-visibility":"","ast-main-header-display":"","ast-hfb-above-header-display":"","ast-hfb-below-header-display":"","ast-hfb-mobile-header-display":"","site-post-title":"","ast-breadcrumbs-content":"","ast-featured-img":"","footer-sml-layout":"","theme-transparent-header-meta":"","adv-header-id-meta":"","stick-header-meta":"","header-above-stick-meta":"","header-main-stick-meta":"","header-below-stick-meta":"","astra-migrate-meta-layouts":"default","ast-page-background-enabled":"default","ast-page-background-meta":{"desktop":{"background-color":"var(--ast-global-color-4)","background-image":"","background-repeat":"repeat","background-position":"center center","background-size":"auto","background-attachment":"scroll","background-type":"","background-media":"","overlay-type":"","overlay-color":"","overlay-opacity":"","overlay-gradient":""},"tablet":{"background-color":"","background-image":"","background-repeat":"repeat","background-position":"center center","background-size":"auto","background-attachment":"scroll","background-type":"","background-media":"","overlay-type":"","overlay-color":"","overlay-opacity":"","overlay-gradient":""},"mobile":{"background-color":"","background-image":"","background-repeat":"repeat","background-position":"center center","background-size":"auto","background-attachment":"scroll","background-type":"","background-media":"","overlay-type":"","overlay-color":"","overlay-opacity":"","overlay-gradient":""}},"ast-content-background-meta":{"desktop":{"background-color":"var(--ast-global-color-5)","background-image":"","background-repeat":"repeat","background-position":"center center","background-size":"auto","background-attachment":"scroll","background-type":"","background-media":"","overlay-type":"","overlay-color":"","overlay-opacity":"","overlay-gradient":""},"tablet":{"background-color":"var(--ast-global-color-5)","background-image":"","background-repeat":"repeat","background-position":"center center","background-size":"auto","background-attachment":"scroll","background-type":"","background-media":"","overlay-type":"","overlay-color":"","overlay-opacity":"","overlay-gradient":""},"mobile":{"background-color":"var(--ast-global-color-5)","background-image":"","background-repeat":"repeat","background-position":"center center","background-size":"auto","background-attachment":"scroll","background-type":"","background-media":"","overlay-type":"","overlay-color":"","overlay-opacity":"","overlay-gradient":""}},"footnotes":""},"categories":[79],"tags":[715,717,719,718,716],"class_list":["post-16324","post","type-post","status-publish","format-standard","has-post-thumbnail","hentry","category-apadriem-el-nostre-patrimoni","tag-apadrinem-el-nostre-patrimoni","tag-patrimoni","tag-programes-departament-deducacio","tag-projecte-dinnovacio-pedagogica","tag-territori"],"post_mailing_queue_ids":[],"_links":{"self":[{"href":"https:\/\/serveiseducatius.xtec.cat\/segria\/wp-json\/wp\/v2\/posts\/16324","targetHints":{"allow":["GET"]}}],"collection":[{"href":"https:\/\/serveiseducatius.xtec.cat\/segria\/wp-json\/wp\/v2\/posts"}],"about":[{"href":"https:\/\/serveiseducatius.xtec.cat\/segria\/wp-json\/wp\/v2\/types\/post"}],"author":[{"embeddable":true,"href":"https:\/\/serveiseducatius.xtec.cat\/segria\/wp-json\/wp\/v2\/users\/15"}],"replies":[{"embeddable":true,"href":"https:\/\/serveiseducatius.xtec.cat\/segria\/wp-json\/wp\/v2\/comments?post=16324"}],"version-history":[{"count":3,"href":"https:\/\/serveiseducatius.xtec.cat\/segria\/wp-json\/wp\/v2\/posts\/16324\/revisions"}],"predecessor-version":[{"id":16334,"href":"https:\/\/serveiseducatius.xtec.cat\/segria\/wp-json\/wp\/v2\/posts\/16324\/revisions\/16334"}],"wp:featuredmedia":[{"embeddable":true,"href":"https:\/\/serveiseducatius.xtec.cat\/segria\/wp-json\/wp\/v2\/media\/16333"}],"wp:attachment":[{"href":"https:\/\/serveiseducatius.xtec.cat\/segria\/wp-json\/wp\/v2\/media?parent=16324"}],"wp:term":[{"taxonomy":"category","embeddable":true,"href":"https:\/\/serveiseducatius.xtec.cat\/segria\/wp-json\/wp\/v2\/categories?post=16324"},{"taxonomy":"post_tag","embeddable":true,"href":"https:\/\/serveiseducatius.xtec.cat\/segria\/wp-json\/wp\/v2\/tags?post=16324"}],"curies":[{"name":"wp","href":"https:\/\/api.w.org\/{rel}","templated":true}]}}