{"id":16302,"date":"2022-03-01T09:00:32","date_gmt":"2022-03-01T08:00:32","guid":{"rendered":"https:\/\/serveiseducatius.xtec.cat\/segria\/?p=16302"},"modified":"2022-06-07T09:37:55","modified_gmt":"2022-06-07T07:37:55","slug":"lunivers-femeni-en-lobra-de-montse-sanjuan-conferencia-dins-el-projecte-ambddedona-coeducat","status":"publish","type":"post","link":"https:\/\/serveiseducatius.xtec.cat\/segria\/portada\/lunivers-femeni-en-lobra-de-montse-sanjuan-conferencia-dins-el-projecte-ambddedona-coeducat\/","title":{"rendered":"L\u2019univers femen\u00ed en l\u2019obra de Montse Sanjuan. Confer\u00e8ncia ajornada"},"content":{"rendered":"<p><a href=\"https:\/\/serveiseducatius.xtec.cat\/segria\/wp-content\/uploads\/usu679\/2022\/03\/MontseSanjuan-Ajornat.jpg\"><img loading=\"lazy\" decoding=\"async\" class=\"wp-image-16344 aligncenter\" src=\"https:\/\/serveiseducatius.xtec.cat\/segria\/wp-content\/uploads\/usu679\/2022\/03\/MontseSanjuan-Ajornat-1024x724.jpg\" alt=\"\" width=\"900\" height=\"636\" srcset=\"https:\/\/serveiseducatius.xtec.cat\/segria\/wp-content\/uploads\/usu679\/2022\/03\/MontseSanjuan-Ajornat-1024x724.jpg 1024w, https:\/\/serveiseducatius.xtec.cat\/segria\/wp-content\/uploads\/usu679\/2022\/03\/MontseSanjuan-Ajornat-300x212.jpg 300w, https:\/\/serveiseducatius.xtec.cat\/segria\/wp-content\/uploads\/usu679\/2022\/03\/MontseSanjuan-Ajornat-768x543.jpg 768w, https:\/\/serveiseducatius.xtec.cat\/segria\/wp-content\/uploads\/usu679\/2022\/03\/MontseSanjuan-Ajornat-1536x1086.jpg 1536w, https:\/\/serveiseducatius.xtec.cat\/segria\/wp-content\/uploads\/usu679\/2022\/03\/MontseSanjuan-Ajornat-2048x1448.jpg 2048w\" sizes=\"auto, (max-width: 900px) 100vw, 900px\" \/><\/a><\/p>\n<p><strong>El dimecres 20 d&#8217;abril<\/strong> va tenir lloc la xerrada presencial amb l&#8217;escriptora lleidatana Montse Sanjuan entorn a les protagonistes de la seva obra. Aquesta activitat \u00e9s organitzada en el marc del Seminari Ens endinsem en el <a href=\"https:\/\/serveiseducatius.xtec.cat\/segria\/coeducacio-projecte-amb-d-de-dona\/\">Projecte de lectura ambDdeDona-coeDuca\u2019t<\/a> del CRP del Segri\u00e0.<\/p>\n<p>Us recordem que disposem del les <a href=\"https:\/\/serveiseducatius.xtec.cat\/segria\/quin-tipus-de-material-necessites\/formulari-prestec-aparells-electronics\/\">maletes de lectura<\/a> del Projecte que poden ser una eina molt potent per tractar a l&#8217;aula d&#8217;infantil, prim\u00e0ria i secund\u00e0ria els estereotips de g\u00e8nere, la diversitat familiar o les relacions malenteses en el marc de la coeducaci\u00f3.<\/p>\n<p>Encara sou a temps d&#8217;inscriure-us-hi des del mateix codi de l&#8217;activitat:<\/p>\n<table border=\"0\" cellspacing=\"0\" cellpadding=\"0\">\n<tbody>\n<tr>\n<td valign=\"TOP\"><a href=\"https:\/\/aplicacions.gestioeducativa.gencat.cat\/pls\/soloas\/pk_for_mod_ins.p_for_detall_activitat?p_codi=6094571609&amp;p_curs=2021-2022&amp;p_es_inscr=S\"><span style=\"font-family: arial, helvetica, geneva; font-size: small;\"><strong>6094571609<\/strong>\u00a0<\/span><\/a><\/td>\n<td><span style=\"font-family: arial, helvetica, geneva; font-size: small;\"><b>L\u2019univers femen\u00ed en l\u2019obra de Montse Sanjuan<\/b><\/span><\/td>\n<\/tr>\n<tr>\n<td valign=\"TOP\"><\/td>\n<td><span style=\"font-family: arial, helvetica, geneva; font-size: small;\">Confer\u00e8ncia. Prim\u00e0ria-Secund\u00e0ria<\/span><\/td>\n<\/tr>\n<tr>\n<td><\/td>\n<td><span style=\"font-family: arial, helvetica, geneva; font-size: small;\">Del 20\/4\/2022 al 20\/4\/2022 ( 2 hores &#8211; 1 sessions ) de 17:30h a 19:30h<\/span><\/td>\n<\/tr>\n<tr>\n<td><\/td>\n<td><strong><span style=\"font-family: arial, helvetica, geneva; font-size: small;\">Diputaci\u00f3 de Lleida (C. del Carme, 26 &#8211; Lleida)<\/span><\/strong><\/td>\n<\/tr>\n<\/tbody>\n<\/table>\n<p>Us hi esperem!<\/p>\n","protected":false},"excerpt":{"rendered":"<p>El dimecres 20 d&#8217;abril va tenir lloc la xerrada presencial amb l&#8217;escriptora lleidatana Montse Sanjuan entorn a les protagonistes de la seva obra. Aquesta activitat \u00e9s organitzada en el marc del Seminari Ens endinsem en el Projecte de lectura ambDdeDona-coeDuca\u2019t del CRP del Segri\u00e0. Us recordem que disposem del les maletes de lectura del Projecte [&hellip;]<\/p>\n","protected":false},"author":14,"featured_media":16344,"comment_status":"closed","ping_status":"closed","sticky":false,"template":"","format":"standard","meta":{"_bbp_topic_count":0,"_bbp_reply_count":0,"_bbp_total_topic_count":0,"_bbp_total_reply_count":0,"_bbp_voice_count":0,"_bbp_anonymous_reply_count":0,"_bbp_topic_count_hidden":0,"_bbp_reply_count_hidden":0,"_bbp_forum_subforum_count":0,"site-sidebar-layout":"default","site-content-layout":"","ast-site-content-layout":"","site-content-style":"default","site-sidebar-style":"default","ast-global-header-display":"","ast-banner-title-visibility":"","ast-main-header-display":"","ast-hfb-above-header-display":"","ast-hfb-below-header-display":"","ast-hfb-mobile-header-display":"","site-post-title":"","ast-breadcrumbs-content":"","ast-featured-img":"","footer-sml-layout":"","theme-transparent-header-meta":"","adv-header-id-meta":"","stick-header-meta":"","header-above-stick-meta":"","header-main-stick-meta":"","header-below-stick-meta":"","astra-migrate-meta-layouts":"default","ast-page-background-enabled":"default","ast-page-background-meta":{"desktop":{"background-color":"var(--ast-global-color-4)","background-image":"","background-repeat":"repeat","background-position":"center center","background-size":"auto","background-attachment":"scroll","background-type":"","background-media":"","overlay-type":"","overlay-color":"","overlay-opacity":"","overlay-gradient":""},"tablet":{"background-color":"","background-image":"","background-repeat":"repeat","background-position":"center center","background-size":"auto","background-attachment":"scroll","background-type":"","background-media":"","overlay-type":"","overlay-color":"","overlay-opacity":"","overlay-gradient":""},"mobile":{"background-color":"","background-image":"","background-repeat":"repeat","background-position":"center center","background-size":"auto","background-attachment":"scroll","background-type":"","background-media":"","overlay-type":"","overlay-color":"","overlay-opacity":"","overlay-gradient":""}},"ast-content-background-meta":{"desktop":{"background-color":"var(--ast-global-color-5)","background-image":"","background-repeat":"repeat","background-position":"center center","background-size":"auto","background-attachment":"scroll","background-type":"","background-media":"","overlay-type":"","overlay-color":"","overlay-opacity":"","overlay-gradient":""},"tablet":{"background-color":"var(--ast-global-color-5)","background-image":"","background-repeat":"repeat","background-position":"center center","background-size":"auto","background-attachment":"scroll","background-type":"","background-media":"","overlay-type":"","overlay-color":"","overlay-opacity":"","overlay-gradient":""},"mobile":{"background-color":"var(--ast-global-color-5)","background-image":"","background-repeat":"repeat","background-position":"center center","background-size":"auto","background-attachment":"scroll","background-type":"","background-media":"","overlay-type":"","overlay-color":"","overlay-opacity":"","overlay-gradient":""}},"footnotes":""},"categories":[81,559,154,489,29],"tags":[339,100,386,714],"class_list":["post-16302","post","type-post","status-publish","format-standard","has-post-thumbnail","hentry","category-biblioteca-escolar","category-coeducacio-dinamitzacio","category-formacio","category-jornada","category-portada","tag-ambddedona","tag-lectura","tag-llegirpergust","tag-montse-sanjuan"],"post_mailing_queue_ids":[],"_links":{"self":[{"href":"https:\/\/serveiseducatius.xtec.cat\/segria\/wp-json\/wp\/v2\/posts\/16302","targetHints":{"allow":["GET"]}}],"collection":[{"href":"https:\/\/serveiseducatius.xtec.cat\/segria\/wp-json\/wp\/v2\/posts"}],"about":[{"href":"https:\/\/serveiseducatius.xtec.cat\/segria\/wp-json\/wp\/v2\/types\/post"}],"author":[{"embeddable":true,"href":"https:\/\/serveiseducatius.xtec.cat\/segria\/wp-json\/wp\/v2\/users\/14"}],"replies":[{"embeddable":true,"href":"https:\/\/serveiseducatius.xtec.cat\/segria\/wp-json\/wp\/v2\/comments?post=16302"}],"version-history":[{"count":4,"href":"https:\/\/serveiseducatius.xtec.cat\/segria\/wp-json\/wp\/v2\/posts\/16302\/revisions"}],"predecessor-version":[{"id":17135,"href":"https:\/\/serveiseducatius.xtec.cat\/segria\/wp-json\/wp\/v2\/posts\/16302\/revisions\/17135"}],"wp:featuredmedia":[{"embeddable":true,"href":"https:\/\/serveiseducatius.xtec.cat\/segria\/wp-json\/wp\/v2\/media\/16344"}],"wp:attachment":[{"href":"https:\/\/serveiseducatius.xtec.cat\/segria\/wp-json\/wp\/v2\/media?parent=16302"}],"wp:term":[{"taxonomy":"category","embeddable":true,"href":"https:\/\/serveiseducatius.xtec.cat\/segria\/wp-json\/wp\/v2\/categories?post=16302"},{"taxonomy":"post_tag","embeddable":true,"href":"https:\/\/serveiseducatius.xtec.cat\/segria\/wp-json\/wp\/v2\/tags?post=16302"}],"curies":[{"name":"wp","href":"https:\/\/api.w.org\/{rel}","templated":true}]}}