{"id":15334,"date":"2021-11-22T15:29:12","date_gmt":"2021-11-22T14:29:12","guid":{"rendered":"https:\/\/serveiseducatius.xtec.cat\/segria\/?p=15334"},"modified":"2021-11-30T08:37:19","modified_gmt":"2021-11-30T07:37:19","slug":"dia-internacional-per-leliminacio-de-la-violencia-envers-les-dones","status":"publish","type":"post","link":"https:\/\/serveiseducatius.xtec.cat\/segria\/portada\/dia-internacional-per-leliminacio-de-la-violencia-envers-les-dones\/","title":{"rendered":"Dia internacional per a l\u2019eliminaci\u00f3 de la viol\u00e8ncia envers les dones"},"content":{"rendered":"<p>Des del CRP del Segri\u00e0, a prop\u00f2sit del <a href=\"https:\/\/dones.gencat.cat\/ca\/inici\/\" target=\"_blank\" rel=\"noopener\">Dia internacional per a l\u2019eliminaci\u00f3 de la viol\u00e8ncia envers les dones<\/a>, ens sumem a la\u00a0<a href=\"https:\/\/www.unwomen.org\/en\/what-we-do\/ending-violence-against-women\/take-action\" target=\"_blank\" rel=\"noopener\">Campanya UNEIX-TE d\u2019aqu\u00ed al 2030 per posar fi a la viol\u00e8ncia contra les dones<\/a>,\u00a0d\u2019ONU Dones, a fi de mostrar el rebuig vers la viol\u00e8ncia que colpeja nenes i dones i manifestar la necessitat de donar una resposta a la viol\u00e8ncia estructural que \u00e9s la viol\u00e8ncia masclista.<\/p>\n<p>Per a l\u2019abordatge de la viol\u00e8ncia masclista des de la comunitat educativa, ens cal educar i reeducar lliures d\u2019estereotips sexistes, en relacions sexoafectives sanes, ens cal recon\u00e8ixer una viol\u00e8ncia que sovint s\u2019ha tendit a invisibilitzar i donar-hi resposta.<\/p>\n<h4 style=\"text-align: center;\"><img loading=\"lazy\" decoding=\"async\" class=\"aligncenter wp-image-15335\" src=\"https:\/\/serveiseducatius.xtec.cat\/segria\/wp-content\/uploads\/usu679\/2021\/11\/dones-1024x360.jpg\" alt=\"\" width=\"700\" height=\"246\" srcset=\"https:\/\/serveiseducatius.xtec.cat\/segria\/wp-content\/uploads\/usu679\/2021\/11\/dones-1024x360.jpg 1024w, https:\/\/serveiseducatius.xtec.cat\/segria\/wp-content\/uploads\/usu679\/2021\/11\/dones-300x105.jpg 300w, https:\/\/serveiseducatius.xtec.cat\/segria\/wp-content\/uploads\/usu679\/2021\/11\/dones-768x270.jpg 768w, https:\/\/serveiseducatius.xtec.cat\/segria\/wp-content\/uploads\/usu679\/2021\/11\/dones.jpg 1056w\" sizes=\"auto, (max-width: 700px) 100vw, 700px\" \/><br \/>\n<a href=\"http:\/\/xtec.gencat.cat\/ca\/centres\/celebracions\/2021\/eliminacio-violencia-dones\/\" target=\"_blank\" rel=\"noopener\">Recursos XTEC<\/a>\u00a0 \u00a0\u00a0<a href=\"https:\/\/violenciagenero.igualdad.gob.es\/home.htm\" target=\"_blank\" rel=\"noopener\">Ministeri d\u2019igualtat<\/a>\u00a0\u00a0\u00a0 \u00a0\u00a0<a href=\"https:\/\/www.un.org\/es\/observances\/ending-violence-against-women-day\" target=\"_blank\" rel=\"noopener\">ONU<\/a><\/h4>\n","protected":false},"excerpt":{"rendered":"<p>Des del CRP del Segri\u00e0, a prop\u00f2sit del Dia internacional per a l\u2019eliminaci\u00f3 de la viol\u00e8ncia envers les dones, ens sumem a la\u00a0Campanya UNEIX-TE d\u2019aqu\u00ed al 2030 per posar fi a la viol\u00e8ncia contra les dones,\u00a0d\u2019ONU Dones, a fi de mostrar el rebuig vers la viol\u00e8ncia que colpeja nenes i dones i manifestar la necessitat [&hellip;]<\/p>\n","protected":false},"author":7,"featured_media":15338,"comment_status":"closed","ping_status":"closed","sticky":false,"template":"","format":"standard","meta":{"_bbp_topic_count":0,"_bbp_reply_count":0,"_bbp_total_topic_count":0,"_bbp_total_reply_count":0,"_bbp_voice_count":0,"_bbp_anonymous_reply_count":0,"_bbp_topic_count_hidden":0,"_bbp_reply_count_hidden":0,"_bbp_forum_subforum_count":0,"site-sidebar-layout":"default","site-content-layout":"","ast-site-content-layout":"","site-content-style":"default","site-sidebar-style":"default","ast-global-header-display":"","ast-banner-title-visibility":"","ast-main-header-display":"","ast-hfb-above-header-display":"","ast-hfb-below-header-display":"","ast-hfb-mobile-header-display":"","site-post-title":"","ast-breadcrumbs-content":"","ast-featured-img":"","footer-sml-layout":"","theme-transparent-header-meta":"","adv-header-id-meta":"","stick-header-meta":"","header-above-stick-meta":"","header-main-stick-meta":"","header-below-stick-meta":"","astra-migrate-meta-layouts":"default","ast-page-background-enabled":"default","ast-page-background-meta":{"desktop":{"background-color":"var(--ast-global-color-4)","background-image":"","background-repeat":"repeat","background-position":"center center","background-size":"auto","background-attachment":"scroll","background-type":"","background-media":"","overlay-type":"","overlay-color":"","overlay-opacity":"","overlay-gradient":""},"tablet":{"background-color":"","background-image":"","background-repeat":"repeat","background-position":"center center","background-size":"auto","background-attachment":"scroll","background-type":"","background-media":"","overlay-type":"","overlay-color":"","overlay-opacity":"","overlay-gradient":""},"mobile":{"background-color":"","background-image":"","background-repeat":"repeat","background-position":"center center","background-size":"auto","background-attachment":"scroll","background-type":"","background-media":"","overlay-type":"","overlay-color":"","overlay-opacity":"","overlay-gradient":""}},"ast-content-background-meta":{"desktop":{"background-color":"var(--ast-global-color-5)","background-image":"","background-repeat":"repeat","background-position":"center center","background-size":"auto","background-attachment":"scroll","background-type":"","background-media":"","overlay-type":"","overlay-color":"","overlay-opacity":"","overlay-gradient":""},"tablet":{"background-color":"var(--ast-global-color-5)","background-image":"","background-repeat":"repeat","background-position":"center center","background-size":"auto","background-attachment":"scroll","background-type":"","background-media":"","overlay-type":"","overlay-color":"","overlay-opacity":"","overlay-gradient":""},"mobile":{"background-color":"var(--ast-global-color-5)","background-image":"","background-repeat":"repeat","background-position":"center center","background-size":"auto","background-attachment":"scroll","background-type":"","background-media":"","overlay-type":"","overlay-color":"","overlay-opacity":"","overlay-gradient":""}},"footnotes":""},"categories":[301,29,76],"tags":[652],"class_list":["post-15334","post","type-post","status-publish","format-standard","has-post-thumbnail","hentry","category-coeducacio","category-portada","category-recursos","tag-dones"],"post_mailing_queue_ids":[],"_links":{"self":[{"href":"https:\/\/serveiseducatius.xtec.cat\/segria\/wp-json\/wp\/v2\/posts\/15334","targetHints":{"allow":["GET"]}}],"collection":[{"href":"https:\/\/serveiseducatius.xtec.cat\/segria\/wp-json\/wp\/v2\/posts"}],"about":[{"href":"https:\/\/serveiseducatius.xtec.cat\/segria\/wp-json\/wp\/v2\/types\/post"}],"author":[{"embeddable":true,"href":"https:\/\/serveiseducatius.xtec.cat\/segria\/wp-json\/wp\/v2\/users\/7"}],"replies":[{"embeddable":true,"href":"https:\/\/serveiseducatius.xtec.cat\/segria\/wp-json\/wp\/v2\/comments?post=15334"}],"version-history":[{"count":3,"href":"https:\/\/serveiseducatius.xtec.cat\/segria\/wp-json\/wp\/v2\/posts\/15334\/revisions"}],"predecessor-version":[{"id":15340,"href":"https:\/\/serveiseducatius.xtec.cat\/segria\/wp-json\/wp\/v2\/posts\/15334\/revisions\/15340"}],"wp:featuredmedia":[{"embeddable":true,"href":"https:\/\/serveiseducatius.xtec.cat\/segria\/wp-json\/wp\/v2\/media\/15338"}],"wp:attachment":[{"href":"https:\/\/serveiseducatius.xtec.cat\/segria\/wp-json\/wp\/v2\/media?parent=15334"}],"wp:term":[{"taxonomy":"category","embeddable":true,"href":"https:\/\/serveiseducatius.xtec.cat\/segria\/wp-json\/wp\/v2\/categories?post=15334"},{"taxonomy":"post_tag","embeddable":true,"href":"https:\/\/serveiseducatius.xtec.cat\/segria\/wp-json\/wp\/v2\/tags?post=15334"}],"curies":[{"name":"wp","href":"https:\/\/api.w.org\/{rel}","templated":true}]}}