{"id":15221,"date":"2024-01-16T13:10:10","date_gmt":"2024-01-16T12:10:10","guid":{"rendered":"https:\/\/serveiseducatius.xtec.cat\/segria\/?p=15221"},"modified":"2025-03-20T08:50:00","modified_gmt":"2025-03-20T07:50:00","slug":"proves-4t-deso-2021-22","status":"publish","type":"post","link":"https:\/\/serveiseducatius.xtec.cat\/segria\/general\/proves-4t-deso-2021-22\/","title":{"rendered":"Proves 4t d&#8217;ESO 2024-25"},"content":{"rendered":"<div class=\"FW_sDetallGeneral\">\n<div class=\"\">\n<div class=\"FW_bContingutArticle \">\n<div class=\"FW_sArticleFoto\">\n<div class=\"FW_sEditPro\">\n<h3 id=\":1hx\" class=\"hP\" tabindex=\"-1\" data-thread-perm-id=\"thread-f:1757175949720682934\" data-legacy-thread-id=\"1862be3762f601b6\"><a href=\"https:\/\/serveiseducatius.xtec.cat\/segria\/wp-content\/uploads\/usu679\/2024\/01\/ESO.jpg\"><img loading=\"lazy\" decoding=\"async\" class=\"size-full wp-image-24487 alignleft\" src=\"https:\/\/serveiseducatius.xtec.cat\/segria\/wp-content\/uploads\/usu679\/2024\/01\/ESO.jpg\" alt=\"\" width=\"400\" height=\"110\" srcset=\"https:\/\/serveiseducatius.xtec.cat\/segria\/wp-content\/uploads\/usu679\/2024\/01\/ESO.jpg 400w, https:\/\/serveiseducatius.xtec.cat\/segria\/wp-content\/uploads\/usu679\/2024\/01\/ESO-300x83.jpg 300w\" sizes=\"auto, (max-width: 400px) 100vw, 400px\" \/><\/a><\/h3>\n<h3 class=\"hP\" tabindex=\"-1\" data-thread-perm-id=\"thread-f:1757175949720682934\" data-legacy-thread-id=\"1862be3762f601b6\">Prova Avaluaci\u00f3 quart curs de l\u2019educaci\u00f3 secund\u00e0ria obligat\u00f2ria<\/h3>\n<div class=\"aau\" data-tooltip-align=\"b,c\" data-tooltip-contained=\"true\">\n<h3>\u26a0\ufe0f Les proves s\u2019aplicaran els dies <strong>10 i 11 d\u2019abril<\/strong> de 2025 \u26a0\ufe0f<\/h3>\n<p><span class=\"C9DxTc \">Podreu accedir a <strong>l&#8217;aplicaci\u00f3 inform\u00e0tica<\/strong> des del\u00a0<\/span><strong><a class=\"XqQF9c\" href=\"https:\/\/aplicacions.gestioeducativa.gencat.cat\/siteminderagent\/forms\/gicar2021\/loginCorpCmo2021v17.fcc?TYPE=33554433&amp;REALMOID=06-0008efb0-d968-1192-92c3-802b0a340000&amp;GUID=&amp;SMAUTHREASON=0&amp;METHOD=GET&amp;SMAGENTNAME=-SM-JQBOjQHFW32qhaFzfRxvjZBRwb35kvzx9Hh2XI9ZV%2bvTKy0PMQ2oZJVwbVTWDc9d&amp;TARGET=-SM-HTTPS%3a%2f%2faplicacions%2eensenyament%2egencat%2ecat%2fpls%2fapex%2fapex_authentication%2ecallback%3fp_session_id%3d112534224894682%26p_app_id%3d2011002%26p_ajax_identifier%3dtfk_R0Ev661W1_UXVJyRKyjLjzzR8qmFE621fawLvwI%26p_page_id%3d1\" target=\"_blank\" rel=\"noopener\"><span class=\"C9DxTc \">Portal de Centre<\/span><\/a><span class=\"C9DxTc \">.<br \/>\n<\/span><\/strong><\/p>\n<\/div>\n<\/div>\n<\/div>\n<\/div>\n<\/div>\n<\/div>\n<div>\n<section id=\"h.67c9dcd1e51c223c_5\" class=\"yaqOZd\">\n<div class=\"mYVXT\">\n<div class=\"LS81yb VICjCf\" tabindex=\"-1\">\n<div class=\"hJDwNd-AhqUyc-uQSCkd purZT-AhqUyc-II5mzb pSzOP-AhqUyc-qWD73c JNdkSc\">\n<div class=\"JNdkSc-SmKAyb\">\n<div class=\"\">\n<div class=\"oKdM2c Kzv0Me\">\n<div id=\"h.67c9dcd1e51c223c_8\" class=\"hJDwNd-AhqUyc-uQSCkd jXK9ad D2fZ2 OjCsFc wHaque GNzUNc\">\n<div class=\"jXK9ad-SmKAyb\">\n<div class=\"tyJCtd mGzaTb baZpAe\">\n<p><a href=\"http:\/\/csda.gencat.cat\/ca\/arees-actuacio\/avaluacions-consell\/\">Enlla\u00e7<\/a>\u00a0al\u00a0Consell Superior d\u2019Avaluaci\u00f3 del Sistema Educatiu<\/p>\n<\/div>\n<p><strong>Comissions dels Segri\u00e0:<br \/>\n<\/strong><\/p>\n<div class=\"tyJCtd mGzaTb baZpAe\">\n<table style=\"border-collapse: collapse; width: 100%; height: 208px;\">\n<tbody>\n<tr style=\"height: 32px;\">\n<td style=\"width: 12.401%; text-align: center;\"><strong>Comissi\u00f3 LLE04<\/strong><\/td>\n<td style=\"width: 14.2139%; height: 32px; text-align: center;\"><strong>Comissi\u00f3 LLE05<\/strong><\/td>\n<td style=\"width: 13.4189%; height: 32px; text-align: center;\"><strong>Comissi\u00f3 LLE06<\/strong><\/td>\n<\/tr>\n<tr style=\"height: 32px;\">\n<td style=\"width: 12.401%;\">Presidenta: Alba Bosch<\/td>\n<td style=\"width: 14.2139%; height: 32px;\">President: Joan Solsona<\/td>\n<td style=\"width: 13.4189%; height: 32px;\">Presidenta: Yolanda Montero<\/td>\n<\/tr>\n<tr style=\"height: 48px;\">\n<td style=\"width: 12.401%;\">Secret\u00e0ria: S\u00edlvia Guiu sguiu@gencat.cat<\/td>\n<td style=\"width: 14.2139%; height: 48px;\">Secret\u00e0ria: Anna Jim\u00e9nez ajimene1@xtec.cat<\/td>\n<td style=\"width: 13.4189%; height: 48px;\">Secret\u00e0ria: Laura Gabernet lgaberne@xtec.cat<\/td>\n<\/tr>\n<tr style=\"height: 32px;\">\n<td style=\"width: 40.0338%; text-align: center;\" colspan=\"3\"><strong>Seu:<\/strong> CRP del Segri\u00e0 &#8211; Av. Pius XII , n\u00fam 4 (Lleida)\u00a0 &#8211; Telf. 973 264021<\/td>\n<\/tr>\n<\/tbody>\n<\/table>\n<ul>\n<li class=\"zfr3Q CDt4Ke \" dir=\"ltr\"><span class=\"C9DxTc \"><strong>Incid\u00e8ncies<\/strong>:<\/span>\n<ul>\n<li class=\"zfr3Q CDt4Ke \" dir=\"ltr\"><strong><span class=\"C9DxTc \">T<\/span><\/strong><span class=\"C9DxTc \"><strong>\u00e8cniques<\/strong>: <\/span><span class=\"C9DxTc \">900 82 82 82 ext.4 \u00a0 \u00a0\u00a0<\/span><span class=\"C9DxTc \">sau.tic@pautic.gencat.cat<\/span><\/li>\n<li class=\"zfr3Q CDt4Ke \" dir=\"ltr\"><strong><span class=\"C9DxTc \">Al<\/span><span class=\"C9DxTc \">tres<\/span><\/strong><strong style=\"font-family: inherit; font-size: 1em;\"><span class=\"C9DxTc \">:<\/span><\/strong><span class=\"C9DxTc \" style=\"font-family: inherit; font-size: 1em;\"> prova_quarteso_csa.educacio@gencat.cat<\/span><\/li>\n<\/ul>\n<\/li>\n<\/ul>\n<\/div>\n<ul>\n<li class=\"zfr3Q CDt4Ke \" dir=\"ltr\"><strong><span class=\"jgG6ef C9DxTc \">Reuni\u00f3 informativa d&#8217;aplicaci\u00f3 de les proves A4S<\/span><\/strong><\/li>\n<\/ul>\n<p class=\"zfr3Q CDt4Ke \" dir=\"ltr\"><span class=\"C9DxTc \">Adre\u00e7ada a persones aplicadores de les proves i a les direccions dels centres educatius.<\/span><\/p>\n<p class=\"zfr3Q CDt4Ke \" dir=\"ltr\">Dia: <strong>dijous, 27 de mar\u00e7 de 2025.<\/strong><br \/>\nHora: <strong>13:30h<\/strong> (previsi\u00f3 de durada d&#8217;una hora).<br \/>\nLloc: <strong>EOI de Lleida.<\/strong><\/p>\n<div class=\"tyJCtd mGzaTb baZpAe\">\n<hr \/>\n<h4><strong>DOCUMENTACI\u00d3<br \/>\n<\/strong><\/h4>\n<ul>\n<li><a href=\"http:\/\/csda.gencat.cat\/ca\/arees-actuacio\/avaluacions-consell\/avaluacio-quart-eso\/2024\/\"><span class=\"C9DxTc aw5Odc \">Plataforma de proves<\/span><\/a><\/li>\n<li><a href=\"https:\/\/drive.google.com\/file\/d\/124DKPLM5I-thegW58_UyQTx693ylsZ_Q\/view?usp=sharing\" target=\"_blank\" rel=\"noopener\">Guia d&#8217;aplicaci\u00f3 de les proves de A4S<\/a><\/li>\n<li><a href=\"http:\/\/consaval.cat\/aplicadors\/\" target=\"_blank\" rel=\"noopener\">Instruccions per a l&#8217;aplicaci\u00f3 de les proves<\/a><\/li>\n<li><a href=\"https:\/\/drive.google.com\/file\/d\/1sWiUKMtQKvHLHW1-olbanHwmmFBuN196\/view\" target=\"_blank\" rel=\"noopener\">Manual d\u2019usuari de l\u2019aplicaci\u00f3 inform\u00e0tica I [Centres]<\/a><\/li>\n<\/ul>\n<\/div>\n<\/div>\n<\/div>\n<\/div>\n<\/div>\n<\/div>\n<\/div>\n<\/div>\n<\/div>\n<\/section>\n<hr \/>\n<h4>ALTRES INFORMACIONS<\/h4>\n<p>Calendari d&#8217;avaluacions de secund\u00e0ria per al curs 2024-25:<\/p>\n<p><a href=\"https:\/\/serveiseducatius.xtec.cat\/segria\/wp-content\/uploads\/usu679\/2024\/01\/Captura-de-pantalla-2025-01-22-122635.png\"><img loading=\"lazy\" decoding=\"async\" class=\"alignnone size-full wp-image-24490\" src=\"https:\/\/serveiseducatius.xtec.cat\/segria\/wp-content\/uploads\/usu679\/2024\/01\/Captura-de-pantalla-2025-01-22-122635.png\" alt=\"\" width=\"763\" height=\"139\" srcset=\"https:\/\/serveiseducatius.xtec.cat\/segria\/wp-content\/uploads\/usu679\/2024\/01\/Captura-de-pantalla-2025-01-22-122635.png 763w, https:\/\/serveiseducatius.xtec.cat\/segria\/wp-content\/uploads\/usu679\/2024\/01\/Captura-de-pantalla-2025-01-22-122635-300x55.png 300w\" sizes=\"auto, (max-width: 763px) 100vw, 763px\" \/><\/a><\/p>\n<\/div>\n","protected":false},"excerpt":{"rendered":"<p>Prova Avaluaci\u00f3 quart curs de l\u2019educaci\u00f3 secund\u00e0ria obligat\u00f2ria \u26a0\ufe0f Les proves s\u2019aplicaran els dies 10 i 11 d\u2019abril de 2025 \u26a0\ufe0f Podreu accedir a l&#8217;aplicaci\u00f3 inform\u00e0tica des del\u00a0Portal de Centre. Enlla\u00e7\u00a0al\u00a0Consell Superior d\u2019Avaluaci\u00f3 del Sistema Educatiu Comissions dels Segri\u00e0: Comissi\u00f3 LLE04 Comissi\u00f3 LLE05 Comissi\u00f3 LLE06 Presidenta: Alba Bosch President: Joan Solsona Presidenta: Yolanda Montero Secret\u00e0ria: [&hellip;]<\/p>\n","protected":false},"author":5,"featured_media":0,"comment_status":"closed","ping_status":"closed","sticky":false,"template":"","format":"standard","meta":{"_bbp_topic_count":0,"_bbp_reply_count":0,"_bbp_total_topic_count":0,"_bbp_total_reply_count":0,"_bbp_voice_count":0,"_bbp_anonymous_reply_count":0,"_bbp_topic_count_hidden":0,"_bbp_reply_count_hidden":0,"_bbp_forum_subforum_count":0,"site-sidebar-layout":"default","site-content-layout":"","ast-site-content-layout":"","site-content-style":"default","site-sidebar-style":"default","ast-global-header-display":"","ast-banner-title-visibility":"","ast-main-header-display":"","ast-hfb-above-header-display":"","ast-hfb-below-header-display":"","ast-hfb-mobile-header-display":"","site-post-title":"","ast-breadcrumbs-content":"","ast-featured-img":"","footer-sml-layout":"","theme-transparent-header-meta":"","adv-header-id-meta":"","stick-header-meta":"","header-above-stick-meta":"","header-main-stick-meta":"","header-below-stick-meta":"","astra-migrate-meta-layouts":"default","ast-page-background-enabled":"default","ast-page-background-meta":{"desktop":{"background-color":"var(--ast-global-color-4)","background-image":"","background-repeat":"repeat","background-position":"center center","background-size":"auto","background-attachment":"scroll","background-type":"","background-media":"","overlay-type":"","overlay-color":"","overlay-opacity":"","overlay-gradient":""},"tablet":{"background-color":"","background-image":"","background-repeat":"repeat","background-position":"center center","background-size":"auto","background-attachment":"scroll","background-type":"","background-media":"","overlay-type":"","overlay-color":"","overlay-opacity":"","overlay-gradient":""},"mobile":{"background-color":"","background-image":"","background-repeat":"repeat","background-position":"center center","background-size":"auto","background-attachment":"scroll","background-type":"","background-media":"","overlay-type":"","overlay-color":"","overlay-opacity":"","overlay-gradient":""}},"ast-content-background-meta":{"desktop":{"background-color":"var(--ast-global-color-5)","background-image":"","background-repeat":"repeat","background-position":"center center","background-size":"auto","background-attachment":"scroll","background-type":"","background-media":"","overlay-type":"","overlay-color":"","overlay-opacity":"","overlay-gradient":""},"tablet":{"background-color":"var(--ast-global-color-5)","background-image":"","background-repeat":"repeat","background-position":"center center","background-size":"auto","background-attachment":"scroll","background-type":"","background-media":"","overlay-type":"","overlay-color":"","overlay-opacity":"","overlay-gradient":""},"mobile":{"background-color":"var(--ast-global-color-5)","background-image":"","background-repeat":"repeat","background-position":"center center","background-size":"auto","background-attachment":"scroll","background-type":"","background-media":"","overlay-type":"","overlay-color":"","overlay-opacity":"","overlay-gradient":""}},"footnotes":""},"categories":[1],"tags":[649],"class_list":["post-15221","post","type-post","status-publish","format-standard","hentry","category-general","tag-proves4t"],"post_mailing_queue_ids":[],"_links":{"self":[{"href":"https:\/\/serveiseducatius.xtec.cat\/segria\/wp-json\/wp\/v2\/posts\/15221","targetHints":{"allow":["GET"]}}],"collection":[{"href":"https:\/\/serveiseducatius.xtec.cat\/segria\/wp-json\/wp\/v2\/posts"}],"about":[{"href":"https:\/\/serveiseducatius.xtec.cat\/segria\/wp-json\/wp\/v2\/types\/post"}],"author":[{"embeddable":true,"href":"https:\/\/serveiseducatius.xtec.cat\/segria\/wp-json\/wp\/v2\/users\/5"}],"replies":[{"embeddable":true,"href":"https:\/\/serveiseducatius.xtec.cat\/segria\/wp-json\/wp\/v2\/comments?post=15221"}],"version-history":[{"count":6,"href":"https:\/\/serveiseducatius.xtec.cat\/segria\/wp-json\/wp\/v2\/posts\/15221\/revisions"}],"predecessor-version":[{"id":25069,"href":"https:\/\/serveiseducatius.xtec.cat\/segria\/wp-json\/wp\/v2\/posts\/15221\/revisions\/25069"}],"wp:attachment":[{"href":"https:\/\/serveiseducatius.xtec.cat\/segria\/wp-json\/wp\/v2\/media?parent=15221"}],"wp:term":[{"taxonomy":"category","embeddable":true,"href":"https:\/\/serveiseducatius.xtec.cat\/segria\/wp-json\/wp\/v2\/categories?post=15221"},{"taxonomy":"post_tag","embeddable":true,"href":"https:\/\/serveiseducatius.xtec.cat\/segria\/wp-json\/wp\/v2\/tags?post=15221"}],"curies":[{"name":"wp","href":"https:\/\/api.w.org\/{rel}","templated":true}]}}