{"id":14513,"date":"2021-09-20T09:00:06","date_gmt":"2021-09-20T07:00:06","guid":{"rendered":"https:\/\/serveiseducatius.xtec.cat\/segria\/?p=14513"},"modified":"2021-09-20T13:46:58","modified_gmt":"2021-09-20T11:46:58","slug":"vi-jornada-almenar-municipi-lectorlectura-i-aprenentatge-al-llarg-de-la-vida","status":"publish","type":"post","link":"https:\/\/serveiseducatius.xtec.cat\/segria\/portada\/vi-jornada-almenar-municipi-lectorlectura-i-aprenentatge-al-llarg-de-la-vida\/","title":{"rendered":"VI Jornada Almenar municipi lector&#8221;Lectura i aprenentatge al llarg de la vida&#8221;"},"content":{"rendered":"<p><a href=\"https:\/\/serveiseducatius.xtec.cat\/segria\/wp-content\/uploads\/usu679\/2021\/09\/CartellVIJornadaAlmenarLector.jpg\"><img loading=\"lazy\" decoding=\"async\" class=\"wp-image-14514 alignright\" src=\"https:\/\/serveiseducatius.xtec.cat\/segria\/wp-content\/uploads\/usu679\/2021\/09\/CartellVIJornadaAlmenarLector.jpg\" alt=\"\" width=\"337\" height=\"491\" srcset=\"https:\/\/serveiseducatius.xtec.cat\/segria\/wp-content\/uploads\/usu679\/2021\/09\/CartellVIJornadaAlmenarLector.jpg 439w, https:\/\/serveiseducatius.xtec.cat\/segria\/wp-content\/uploads\/usu679\/2021\/09\/CartellVIJornadaAlmenarLector-206x300.jpg 206w\" sizes=\"auto, (max-width: 337px) 100vw, 337px\" \/><\/a><\/p>\n<p>La Jornada tindr\u00e0 lloc el diumenge 3 d\u2019octubre de 2021 a Almenar.<\/p>\n<p><a href=\"http:\/\/jornadaalmenarlector.blogspot.com\/\"><img loading=\"lazy\" decoding=\"async\" class=\"alignnone wp-image-12563\" src=\"https:\/\/serveiseducatius.xtec.cat\/segria\/wp-content\/uploads\/usu679\/2021\/03\/informaci\u00f3.jpg\" alt=\"\" width=\"44\" height=\"42\" \/>\u00a0 \u00a0Aqu\u00ed podeu trobar tota la informaci\u00f3: cartell, Programa, lloc i inscripcions.<\/a><\/p>\n<p>El professorat trobareu l&#8217;enlla\u00e7 a la inscripci\u00f3 a l&#8217;activitat creada dins el Pla de Formaci\u00f3 de Zona del Segri\u00e0. Cliqueu el codi de l&#8217;activitat per inscriure-us:<\/p>\n<p style=\"text-align: center;\"><span style=\"font-family: arial, helvetica, geneva; font-size: small;\"><a href=\"https:\/\/aplicacions.gestioeducativa.gencat.cat\/pls\/soloas\/pk_for_mod_ins.p_for_detall_activitat?p_codi=6094561609&amp;p_curs=2021-2022&amp;p_es_inscr=S\">6094561609<\/a> \u00a0<b>VI Jornada Almenar municipi lector \u201cLectura i aprenentatge al llarg de la vida\u00a0 \u00a0 \u00a0 \u00a0 \u00a0 \u00a0 \u00a0 \u00a0 \u00a0 \u00a0 \u00a0 \u00a0 \u00a0 \u00a0 <\/b><\/span><span style=\"font-family: arial, helvetica, geneva; font-size: small;\">Jornada Internivells: Educaci\u00f3 Infantil-Prim\u00e0ria-Secund\u00e0ria de 9:30h a 14:30h<\/span><\/p>\n<p><span style=\"font-family: inherit; font-size: 1em;\"><br \/>\nSegur que ser\u00e0 tot un \u00e8xit!!<\/span><\/p>\n","protected":false},"excerpt":{"rendered":"<p>La Jornada tindr\u00e0 lloc el diumenge 3 d\u2019octubre de 2021 a Almenar. \u00a0 \u00a0Aqu\u00ed podeu trobar tota la informaci\u00f3: cartell, Programa, lloc i inscripcions. El professorat trobareu l&#8217;enlla\u00e7 a la inscripci\u00f3 a l&#8217;activitat creada dins el Pla de Formaci\u00f3 de Zona del Segri\u00e0. Cliqueu el codi de l&#8217;activitat per inscriure-us: 6094561609 \u00a0VI Jornada Almenar municipi [&hellip;]<\/p>\n","protected":false},"author":14,"featured_media":14514,"comment_status":"closed","ping_status":"closed","sticky":false,"template":"","format":"standard","meta":{"_bbp_topic_count":0,"_bbp_reply_count":0,"_bbp_total_topic_count":0,"_bbp_total_reply_count":0,"_bbp_voice_count":0,"_bbp_anonymous_reply_count":0,"_bbp_topic_count_hidden":0,"_bbp_reply_count_hidden":0,"_bbp_forum_subforum_count":0,"site-sidebar-layout":"default","site-content-layout":"","ast-site-content-layout":"","site-content-style":"default","site-sidebar-style":"default","ast-global-header-display":"","ast-banner-title-visibility":"","ast-main-header-display":"","ast-hfb-above-header-display":"","ast-hfb-below-header-display":"","ast-hfb-mobile-header-display":"","site-post-title":"","ast-breadcrumbs-content":"","ast-featured-img":"","footer-sml-layout":"","theme-transparent-header-meta":"","adv-header-id-meta":"","stick-header-meta":"","header-above-stick-meta":"","header-main-stick-meta":"","header-below-stick-meta":"","astra-migrate-meta-layouts":"default","ast-page-background-enabled":"default","ast-page-background-meta":{"desktop":{"background-color":"var(--ast-global-color-4)","background-image":"","background-repeat":"repeat","background-position":"center center","background-size":"auto","background-attachment":"scroll","background-type":"","background-media":"","overlay-type":"","overlay-color":"","overlay-opacity":"","overlay-gradient":""},"tablet":{"background-color":"","background-image":"","background-repeat":"repeat","background-position":"center center","background-size":"auto","background-attachment":"scroll","background-type":"","background-media":"","overlay-type":"","overlay-color":"","overlay-opacity":"","overlay-gradient":""},"mobile":{"background-color":"","background-image":"","background-repeat":"repeat","background-position":"center center","background-size":"auto","background-attachment":"scroll","background-type":"","background-media":"","overlay-type":"","overlay-color":"","overlay-opacity":"","overlay-gradient":""}},"ast-content-background-meta":{"desktop":{"background-color":"var(--ast-global-color-5)","background-image":"","background-repeat":"repeat","background-position":"center center","background-size":"auto","background-attachment":"scroll","background-type":"","background-media":"","overlay-type":"","overlay-color":"","overlay-opacity":"","overlay-gradient":""},"tablet":{"background-color":"var(--ast-global-color-5)","background-image":"","background-repeat":"repeat","background-position":"center center","background-size":"auto","background-attachment":"scroll","background-type":"","background-media":"","overlay-type":"","overlay-color":"","overlay-opacity":"","overlay-gradient":""},"mobile":{"background-color":"var(--ast-global-color-5)","background-image":"","background-repeat":"repeat","background-position":"center center","background-size":"auto","background-attachment":"scroll","background-type":"","background-media":"","overlay-type":"","overlay-color":"","overlay-opacity":"","overlay-gradient":""}},"footnotes":""},"categories":[81,489,75,29],"tags":[463,100],"class_list":["post-14513","post","type-post","status-publish","format-standard","has-post-thumbnail","hentry","category-biblioteca-escolar","category-jornada","category-pee","category-portada","tag-jornada","tag-lectura"],"post_mailing_queue_ids":[],"_links":{"self":[{"href":"https:\/\/serveiseducatius.xtec.cat\/segria\/wp-json\/wp\/v2\/posts\/14513","targetHints":{"allow":["GET"]}}],"collection":[{"href":"https:\/\/serveiseducatius.xtec.cat\/segria\/wp-json\/wp\/v2\/posts"}],"about":[{"href":"https:\/\/serveiseducatius.xtec.cat\/segria\/wp-json\/wp\/v2\/types\/post"}],"author":[{"embeddable":true,"href":"https:\/\/serveiseducatius.xtec.cat\/segria\/wp-json\/wp\/v2\/users\/14"}],"replies":[{"embeddable":true,"href":"https:\/\/serveiseducatius.xtec.cat\/segria\/wp-json\/wp\/v2\/comments?post=14513"}],"version-history":[{"count":3,"href":"https:\/\/serveiseducatius.xtec.cat\/segria\/wp-json\/wp\/v2\/posts\/14513\/revisions"}],"predecessor-version":[{"id":14710,"href":"https:\/\/serveiseducatius.xtec.cat\/segria\/wp-json\/wp\/v2\/posts\/14513\/revisions\/14710"}],"wp:featuredmedia":[{"embeddable":true,"href":"https:\/\/serveiseducatius.xtec.cat\/segria\/wp-json\/wp\/v2\/media\/14514"}],"wp:attachment":[{"href":"https:\/\/serveiseducatius.xtec.cat\/segria\/wp-json\/wp\/v2\/media?parent=14513"}],"wp:term":[{"taxonomy":"category","embeddable":true,"href":"https:\/\/serveiseducatius.xtec.cat\/segria\/wp-json\/wp\/v2\/categories?post=14513"},{"taxonomy":"post_tag","embeddable":true,"href":"https:\/\/serveiseducatius.xtec.cat\/segria\/wp-json\/wp\/v2\/tags?post=14513"}],"curies":[{"name":"wp","href":"https:\/\/api.w.org\/{rel}","templated":true}]}}