{"id":14448,"date":"2021-09-06T10:43:44","date_gmt":"2021-09-06T08:43:44","guid":{"rendered":"https:\/\/serveiseducatius.xtec.cat\/segria\/?p=14448"},"modified":"2021-09-06T10:43:44","modified_gmt":"2021-09-06T08:43:44","slug":"26a-edicio-de-la-setmana-de-la-ciencia","status":"publish","type":"post","link":"https:\/\/serveiseducatius.xtec.cat\/segria\/general\/26a-edicio-de-la-setmana-de-la-ciencia\/","title":{"rendered":"26a edici\u00f3 de la Setmana de la Ci\u00e8ncia"},"content":{"rendered":"<section class=\"container benvinguda\">\n<div class=\"row\">\n<div class=\"col-lg-8 col-md-8 col-sm-12 col-xs-12\"><strong class=\"home-size\"><a href=\"https:\/\/serveiseducatius.xtec.cat\/segria\/wp-content\/uploads\/usu679\/2021\/09\/logo-setm-ciencia.jpg\"><img loading=\"lazy\" decoding=\"async\" class=\"alignleft size-full wp-image-14449\" src=\"https:\/\/serveiseducatius.xtec.cat\/segria\/wp-content\/uploads\/usu679\/2021\/09\/logo-setm-ciencia.jpg\" alt=\"\" width=\"181\" height=\"93\" \/><\/a>Del 12 al 21 de novembre se celebrar\u00e0 a Catalunya la 26a edici\u00f3 de la Setmana de la Ci\u00e8ncia<\/strong><\/div>\n<div><\/div>\n<div>Concurs de cartells ( data l\u00edmit el 13\/09\/2021) : consulteu les bases <a href=\"https:\/\/setmanaciencia.fundaciorecerca.cat\/frontend\/assets\/docs\/Bases_Concurs_Cartells_2021.pdf\">aqu\u00ed<\/a>.<\/div>\n<div class=\"col-lg-8 col-md-8 col-sm-12 col-xs-12\">\n<p>&nbsp;<\/p>\n<p class=\"home-size\">En el marc de la Setmana de la Ci\u00e8ncia s\u2019organitzaran tot un munt d\u2019activitats de disseminaci\u00f3 de la ci\u00e8ncia arreu del nostre territori. Jornades de portes obertes, activitats virtuals, exposicions, tallers cient\u00edfics&#8230;, una gran oferta cient\u00edfica diferents formats a l\u2019abast de tothom!<\/p>\n<p class=\"home-size\">La Setmana de la Ci\u00e8ncia s\u2019adre\u00e7a a tots els p\u00fablics i t\u00e9 com a objectius fonamentals apropar la ci\u00e8ncia i la tecnologia a la ciutadania i fomentar les vocacions cient\u00edfiques entre els m\u00e9s joves.<\/p>\n<p class=\"home-size\">Amb motiu de la celebraci\u00f3 de l\u2019Any Internacional de l&#8217;Economia Creativa per al Desenvolupament Sostenible, de l\u2019Any internacional de les Fruites i Verdures, de l\u2019Any Europeu del Ferrocarril i del Centenari de Naixement del Servei Meteorol\u00f2gic de Catalunya, enguany la Setmana de la Ci\u00e8ncia se centrar\u00e0 en el tema de la\u00a0<strong class=\"home-size\">sostenibilitat<\/strong>.<\/p>\n<p class=\"home-size\">Altres temes de rellev\u00e0ncia que s\u2019emmarquen dins l\u2019SC21 s\u00f3n:<\/p>\n<ul>\n<li class=\"home-size\">150 anys del naixement de Josep Maria Fuset i Tubi\u00e0, bi\u00f2leg i pol\u00edtic.<\/li>\n<li class=\"home-size\">100 anys del naixement de Teresa Juv\u00e9 i Acero, escriptora, pedagoga i mestra.<\/li>\n<li class=\"home-size\">100 anys del naixement de Joan Triad\u00fa i Font, mestre, pedagog, cr\u00edtic literari, escriptor, traductor, defensor de la llengua catalana i activista cultural.<\/li>\n<li class=\"home-size\">L&#8217;any 2021 coincideixen dues fites clau en l&#8217;evoluci\u00f3 de la microsc\u00f2pia a la nanoescala: el 90\u00e8 aniversari del primer microscopi electr\u00f2nic i el 40\u00e8 aniversari del primer microscopi de Sonda Pr\u00f2xima, el microscopi STM. L&#8217;STM, juntament amb el microscopi AFM descobert fa tot just 35 anys, tamb\u00e9 van ser els primers a possibilitar la manipulaci\u00f3 de la mat\u00e8ria a escala at\u00f2mica i donar pas a la revoluci\u00f3 nanotecnol\u00f2gica.<\/li>\n<\/ul>\n<p class=\"home-size\">La Setmana de la Ci\u00e8ncia \u00e9s una iniciativa coordinada per la\u00a0<a class=\"home-size\" href=\"https:\/\/www.fundaciorecerca.cat\/\" target=\"_blank\" rel=\"noopener\" aria-label=\"Enlla\u00e7 web finestra nova\">Fundaci\u00f3 Catalana per a la Recerca i la Innovaci\u00f3 (FCRI)<\/a>\u00a0que compta amb el suport de nombroses institucions i entitats en l\u2019\u00e0mbit de la recerca i de la disseminaci\u00f3 de la ci\u00e8ncia i la tecnologia.<\/p>\n<\/div>\n<div class=\"col-lg-4 col-md-4 col-sm-12 col-xs-12\">\n<p class=\"text-right\">&#8217;21<\/p>\n<\/div>\n<\/div>\n<\/section>\n<section class=\"container calltoaction hide-phone\">\n<div class=\"container\"><\/div>\n<\/section>\n","protected":false},"excerpt":{"rendered":"<p>Del 12 al 21 de novembre se celebrar\u00e0 a Catalunya la 26a edici\u00f3 de la Setmana de la Ci\u00e8ncia Concurs de cartells ( data l\u00edmit el 13\/09\/2021) : consulteu les bases aqu\u00ed. &nbsp; En el marc de la Setmana de la Ci\u00e8ncia s\u2019organitzaran tot un munt d\u2019activitats de disseminaci\u00f3 de la ci\u00e8ncia arreu del nostre [&hellip;]<\/p>\n","protected":false},"author":15,"featured_media":14449,"comment_status":"closed","ping_status":"closed","sticky":false,"template":"","format":"standard","meta":{"_bbp_topic_count":0,"_bbp_reply_count":0,"_bbp_total_topic_count":0,"_bbp_total_reply_count":0,"_bbp_voice_count":0,"_bbp_anonymous_reply_count":0,"_bbp_topic_count_hidden":0,"_bbp_reply_count_hidden":0,"_bbp_forum_subforum_count":0,"site-sidebar-layout":"default","site-content-layout":"","ast-site-content-layout":"","site-content-style":"default","site-sidebar-style":"default","ast-global-header-display":"","ast-banner-title-visibility":"","ast-main-header-display":"","ast-hfb-above-header-display":"","ast-hfb-below-header-display":"","ast-hfb-mobile-header-display":"","site-post-title":"","ast-breadcrumbs-content":"","ast-featured-img":"","footer-sml-layout":"","theme-transparent-header-meta":"","adv-header-id-meta":"","stick-header-meta":"","header-above-stick-meta":"","header-main-stick-meta":"","header-below-stick-meta":"","astra-migrate-meta-layouts":"default","ast-page-background-enabled":"default","ast-page-background-meta":{"desktop":{"background-color":"var(--ast-global-color-4)","background-image":"","background-repeat":"repeat","background-position":"center center","background-size":"auto","background-attachment":"scroll","background-type":"","background-media":"","overlay-type":"","overlay-color":"","overlay-opacity":"","overlay-gradient":""},"tablet":{"background-color":"","background-image":"","background-repeat":"repeat","background-position":"center center","background-size":"auto","background-attachment":"scroll","background-type":"","background-media":"","overlay-type":"","overlay-color":"","overlay-opacity":"","overlay-gradient":""},"mobile":{"background-color":"","background-image":"","background-repeat":"repeat","background-position":"center center","background-size":"auto","background-attachment":"scroll","background-type":"","background-media":"","overlay-type":"","overlay-color":"","overlay-opacity":"","overlay-gradient":""}},"ast-content-background-meta":{"desktop":{"background-color":"var(--ast-global-color-5)","background-image":"","background-repeat":"repeat","background-position":"center center","background-size":"auto","background-attachment":"scroll","background-type":"","background-media":"","overlay-type":"","overlay-color":"","overlay-opacity":"","overlay-gradient":""},"tablet":{"background-color":"var(--ast-global-color-5)","background-image":"","background-repeat":"repeat","background-position":"center center","background-size":"auto","background-attachment":"scroll","background-type":"","background-media":"","overlay-type":"","overlay-color":"","overlay-opacity":"","overlay-gradient":""},"mobile":{"background-color":"var(--ast-global-color-5)","background-image":"","background-repeat":"repeat","background-position":"center center","background-size":"auto","background-attachment":"scroll","background-type":"","background-media":"","overlay-type":"","overlay-color":"","overlay-opacity":"","overlay-gradient":""}},"footnotes":""},"categories":[65,1,29],"tags":[572],"class_list":["post-14448","post","type-post","status-publish","format-standard","has-post-thumbnail","hentry","category-crp","category-general","category-portada","tag-setmana-de-la-ciencia"],"post_mailing_queue_ids":[],"_links":{"self":[{"href":"https:\/\/serveiseducatius.xtec.cat\/segria\/wp-json\/wp\/v2\/posts\/14448","targetHints":{"allow":["GET"]}}],"collection":[{"href":"https:\/\/serveiseducatius.xtec.cat\/segria\/wp-json\/wp\/v2\/posts"}],"about":[{"href":"https:\/\/serveiseducatius.xtec.cat\/segria\/wp-json\/wp\/v2\/types\/post"}],"author":[{"embeddable":true,"href":"https:\/\/serveiseducatius.xtec.cat\/segria\/wp-json\/wp\/v2\/users\/15"}],"replies":[{"embeddable":true,"href":"https:\/\/serveiseducatius.xtec.cat\/segria\/wp-json\/wp\/v2\/comments?post=14448"}],"version-history":[{"count":1,"href":"https:\/\/serveiseducatius.xtec.cat\/segria\/wp-json\/wp\/v2\/posts\/14448\/revisions"}],"predecessor-version":[{"id":14450,"href":"https:\/\/serveiseducatius.xtec.cat\/segria\/wp-json\/wp\/v2\/posts\/14448\/revisions\/14450"}],"wp:featuredmedia":[{"embeddable":true,"href":"https:\/\/serveiseducatius.xtec.cat\/segria\/wp-json\/wp\/v2\/media\/14449"}],"wp:attachment":[{"href":"https:\/\/serveiseducatius.xtec.cat\/segria\/wp-json\/wp\/v2\/media?parent=14448"}],"wp:term":[{"taxonomy":"category","embeddable":true,"href":"https:\/\/serveiseducatius.xtec.cat\/segria\/wp-json\/wp\/v2\/categories?post=14448"},{"taxonomy":"post_tag","embeddable":true,"href":"https:\/\/serveiseducatius.xtec.cat\/segria\/wp-json\/wp\/v2\/tags?post=14448"}],"curies":[{"name":"wp","href":"https:\/\/api.w.org\/{rel}","templated":true}]}}