{"id":14333,"date":"2021-09-01T11:40:31","date_gmt":"2021-09-01T09:40:31","guid":{"rendered":"https:\/\/serveiseducatius.xtec.cat\/segria\/?p=14333"},"modified":"2021-09-03T10:45:44","modified_gmt":"2021-09-03T08:45:44","slug":"quadern-davaluacio-50-lavaluacio-de-6e-de-primaria-2021","status":"publish","type":"post","link":"https:\/\/serveiseducatius.xtec.cat\/segria\/portada\/quadern-davaluacio-50-lavaluacio-de-6e-de-primaria-2021\/","title":{"rendered":"Quadern d\u2019avaluaci\u00f3 50: L\u2019avaluaci\u00f3 de 6\u00e8 de prim\u00e0ria 2021"},"content":{"rendered":"<p><a href=\"https:\/\/serveiseducatius.xtec.cat\/segria\/wp-content\/uploads\/usu679\/2021\/09\/avaluacio.png\"><img loading=\"lazy\" decoding=\"async\" class=\"alignleft wp-image-14334\" src=\"https:\/\/serveiseducatius.xtec.cat\/segria\/wp-content\/uploads\/usu679\/2021\/09\/avaluacio-300x275.png\" alt=\"\" width=\"239\" height=\"219\" srcset=\"https:\/\/serveiseducatius.xtec.cat\/segria\/wp-content\/uploads\/usu679\/2021\/09\/avaluacio-300x275.png 300w, https:\/\/serveiseducatius.xtec.cat\/segria\/wp-content\/uploads\/usu679\/2021\/09\/avaluacio.png 631w\" sizes=\"auto, (max-width: 239px) 100vw, 239px\" \/><\/a>Els resultats de l\u2019avaluaci\u00f3 de sis\u00e8 d\u2019educaci\u00f3 prim\u00e0ria des del 2013 fins al 2019 s\u2019han caracteritzat per una estabilitat de les puntuacions globals i de les seves dimensions. Al 2021,\u00a0que ha tingut la interrupci\u00f3 de l\u2019activitat presencial en els resultats d\u2019aprenentatge de les compet\u00e8ncies b\u00e0siques de l\u2019alumnat. per\u00f2, s\u2019hi han evidenciat alguns resultats que ens haurien de fer parar atenci\u00f3 en algunes compet\u00e8ncies i en els nous perfils d\u2019alumnat, els quals podrien haver canviat de din\u00e0mica a causa de la interrupci\u00f3 de l\u2019activitat lectiva presencial esmentada anteriorment.<\/p>\n<p>Podeu trobar el document al seg\u00fcent\u00a0<strong><a href=\"http:\/\/csda.gencat.cat\/web\/.content\/home\/arees-actuacio\/publicacions\/quaderns-avaluacio\/quaderns-avaluacio-50\/quaderns-avaluacio-50.pdf\" target=\"_blank\" rel=\"noopener\">enlla\u00e7<\/a>.<\/strong><\/p>\n","protected":false},"excerpt":{"rendered":"<p>Els resultats de l\u2019avaluaci\u00f3 de sis\u00e8 d\u2019educaci\u00f3 prim\u00e0ria des del 2013 fins al 2019 s\u2019han caracteritzat per una estabilitat de les puntuacions globals i de les seves dimensions. Al 2021,\u00a0que ha tingut la interrupci\u00f3 de l\u2019activitat presencial en els resultats d\u2019aprenentatge de les compet\u00e8ncies b\u00e0siques de l\u2019alumnat. per\u00f2, s\u2019hi han evidenciat alguns resultats que ens [&hellip;]<\/p>\n","protected":false},"author":5,"featured_media":14334,"comment_status":"closed","ping_status":"closed","sticky":false,"template":"","format":"standard","meta":{"_bbp_topic_count":0,"_bbp_reply_count":0,"_bbp_total_topic_count":0,"_bbp_total_reply_count":0,"_bbp_voice_count":0,"_bbp_anonymous_reply_count":0,"_bbp_topic_count_hidden":0,"_bbp_reply_count_hidden":0,"_bbp_forum_subforum_count":0,"site-sidebar-layout":"default","site-content-layout":"","ast-site-content-layout":"","site-content-style":"default","site-sidebar-style":"default","ast-global-header-display":"","ast-banner-title-visibility":"","ast-main-header-display":"","ast-hfb-above-header-display":"","ast-hfb-below-header-display":"","ast-hfb-mobile-header-display":"","site-post-title":"","ast-breadcrumbs-content":"","ast-featured-img":"","footer-sml-layout":"","theme-transparent-header-meta":"","adv-header-id-meta":"","stick-header-meta":"","header-above-stick-meta":"","header-main-stick-meta":"","header-below-stick-meta":"","astra-migrate-meta-layouts":"default","ast-page-background-enabled":"default","ast-page-background-meta":{"desktop":{"background-color":"var(--ast-global-color-4)","background-image":"","background-repeat":"repeat","background-position":"center center","background-size":"auto","background-attachment":"scroll","background-type":"","background-media":"","overlay-type":"","overlay-color":"","overlay-opacity":"","overlay-gradient":""},"tablet":{"background-color":"","background-image":"","background-repeat":"repeat","background-position":"center center","background-size":"auto","background-attachment":"scroll","background-type":"","background-media":"","overlay-type":"","overlay-color":"","overlay-opacity":"","overlay-gradient":""},"mobile":{"background-color":"","background-image":"","background-repeat":"repeat","background-position":"center center","background-size":"auto","background-attachment":"scroll","background-type":"","background-media":"","overlay-type":"","overlay-color":"","overlay-opacity":"","overlay-gradient":""}},"ast-content-background-meta":{"desktop":{"background-color":"var(--ast-global-color-5)","background-image":"","background-repeat":"repeat","background-position":"center center","background-size":"auto","background-attachment":"scroll","background-type":"","background-media":"","overlay-type":"","overlay-color":"","overlay-opacity":"","overlay-gradient":""},"tablet":{"background-color":"var(--ast-global-color-5)","background-image":"","background-repeat":"repeat","background-position":"center center","background-size":"auto","background-attachment":"scroll","background-type":"","background-media":"","overlay-type":"","overlay-color":"","overlay-opacity":"","overlay-gradient":""},"mobile":{"background-color":"var(--ast-global-color-5)","background-image":"","background-repeat":"repeat","background-position":"center center","background-size":"auto","background-attachment":"scroll","background-type":"","background-media":"","overlay-type":"","overlay-color":"","overlay-opacity":"","overlay-gradient":""}},"footnotes":""},"categories":[29],"tags":[194,570],"class_list":["post-14333","post","type-post","status-publish","format-standard","has-post-thumbnail","hentry","category-portada","tag-avaluacio","tag-competencies"],"post_mailing_queue_ids":[],"_links":{"self":[{"href":"https:\/\/serveiseducatius.xtec.cat\/segria\/wp-json\/wp\/v2\/posts\/14333","targetHints":{"allow":["GET"]}}],"collection":[{"href":"https:\/\/serveiseducatius.xtec.cat\/segria\/wp-json\/wp\/v2\/posts"}],"about":[{"href":"https:\/\/serveiseducatius.xtec.cat\/segria\/wp-json\/wp\/v2\/types\/post"}],"author":[{"embeddable":true,"href":"https:\/\/serveiseducatius.xtec.cat\/segria\/wp-json\/wp\/v2\/users\/5"}],"replies":[{"embeddable":true,"href":"https:\/\/serveiseducatius.xtec.cat\/segria\/wp-json\/wp\/v2\/comments?post=14333"}],"version-history":[{"count":1,"href":"https:\/\/serveiseducatius.xtec.cat\/segria\/wp-json\/wp\/v2\/posts\/14333\/revisions"}],"predecessor-version":[{"id":14335,"href":"https:\/\/serveiseducatius.xtec.cat\/segria\/wp-json\/wp\/v2\/posts\/14333\/revisions\/14335"}],"wp:featuredmedia":[{"embeddable":true,"href":"https:\/\/serveiseducatius.xtec.cat\/segria\/wp-json\/wp\/v2\/media\/14334"}],"wp:attachment":[{"href":"https:\/\/serveiseducatius.xtec.cat\/segria\/wp-json\/wp\/v2\/media?parent=14333"}],"wp:term":[{"taxonomy":"category","embeddable":true,"href":"https:\/\/serveiseducatius.xtec.cat\/segria\/wp-json\/wp\/v2\/categories?post=14333"},{"taxonomy":"post_tag","embeddable":true,"href":"https:\/\/serveiseducatius.xtec.cat\/segria\/wp-json\/wp\/v2\/tags?post=14333"}],"curies":[{"name":"wp","href":"https:\/\/api.w.org\/{rel}","templated":true}]}}