{"id":14081,"date":"2021-06-24T21:13:50","date_gmt":"2021-06-24T19:13:50","guid":{"rendered":"https:\/\/serveiseducatius.xtec.cat\/segria\/?p=14081"},"modified":"2021-06-24T21:15:26","modified_gmt":"2021-06-24T19:15:26","slug":"taula-per-a-la-transicio-energetica-a-ponent-amb-els-centres-educatius","status":"publish","type":"post","link":"https:\/\/serveiseducatius.xtec.cat\/segria\/portada\/taula-per-a-la-transicio-energetica-a-ponent-amb-els-centres-educatius\/","title":{"rendered":"Taula per a la Transici\u00f3 energ\u00e8tica a Ponent amb els centres educatius"},"content":{"rendered":"<p><a href=\"https:\/\/serveiseducatius.xtec.cat\/segria\/wp-content\/uploads\/usu679\/2021\/06\/taula-energ\u00e8tica.png\"><img loading=\"lazy\" decoding=\"async\" class=\"alignleft size-full wp-image-14082\" src=\"https:\/\/serveiseducatius.xtec.cat\/segria\/wp-content\/uploads\/usu679\/2021\/06\/taula-energ\u00e8tica.png\" alt=\"\" width=\"358\" height=\"360\" srcset=\"https:\/\/serveiseducatius.xtec.cat\/segria\/wp-content\/uploads\/usu679\/2021\/06\/taula-energ\u00e8tica.png 358w, https:\/\/serveiseducatius.xtec.cat\/segria\/wp-content\/uploads\/usu679\/2021\/06\/taula-energ\u00e8tica-150x150.png 150w, https:\/\/serveiseducatius.xtec.cat\/segria\/wp-content\/uploads\/usu679\/2021\/06\/taula-energ\u00e8tica-298x300.png 298w\" sizes=\"auto, (max-width: 358px) 100vw, 358px\" \/><\/a>Des de l\u2019<strong><a href=\"https:\/\/www.leaderponent.cat\/\" target=\"_blank\" rel=\"noopener noreferrer\">Associaci\u00f3 Leader Ponent<\/a><\/strong> organitzen el proper <strong>dilluns 28 de juny<\/strong> la <strong>Taula per la Transici\u00f3 Energ\u00e8tica<\/strong> a Ponent dedicada a la col\u00b7laboraci\u00f3 entre administraci\u00f3 p\u00fablica i centres educatius.<\/p>\n<p>El prop\u00f2sit de la jornada \u00e9s <strong>animar a centres educatius a participar en algun projecte d\u2019efici\u00e8ncia energ\u00e8tica<\/strong> als seus centres (materials pedag\u00f2gics, sensibilitzaci\u00f3,\u2026) en col\u00b7laboraci\u00f3 amb les administracions (sempre que sigui possible) i dinamitzat per l\u2019Associaci\u00f3 Leader de Ponent.<\/p>\n<p>Us afegim l\u2019enlla\u00e7 a les<strong> <a href=\"https:\/\/docs.google.com\/forms\/d\/e\/1FAIpQLSfs3yz00_276-PdEJiEFwYePhxSnuwtrPiSVkJOHnTVXILrWA\/viewform\" target=\"_blank\" rel=\"noopener noreferrer\"><strong>inscripcions<\/strong><\/a><\/strong> i al <a href=\"https:\/\/serveiseducatius.xtec.cat\/urgell\/wp-content\/uploads\/usu1142\/2021\/06\/20210628_ConvocatoriaTaulaTranscioEnergetica.pdf\"><strong>programa<\/strong><\/a><strong>.<\/strong><\/p>\n","protected":false},"excerpt":{"rendered":"<p>Des de l\u2019Associaci\u00f3 Leader Ponent organitzen el proper dilluns 28 de juny la Taula per la Transici\u00f3 Energ\u00e8tica a Ponent dedicada a la col\u00b7laboraci\u00f3 entre administraci\u00f3 p\u00fablica i centres educatius. El prop\u00f2sit de la jornada \u00e9s animar a centres educatius a participar en algun projecte d\u2019efici\u00e8ncia energ\u00e8tica als seus centres (materials pedag\u00f2gics, sensibilitzaci\u00f3,\u2026) en col\u00b7laboraci\u00f3 [&hellip;]<\/p>\n","protected":false},"author":5,"featured_media":14082,"comment_status":"closed","ping_status":"closed","sticky":false,"template":"","format":"standard","meta":{"_bbp_topic_count":0,"_bbp_reply_count":0,"_bbp_total_topic_count":0,"_bbp_total_reply_count":0,"_bbp_voice_count":0,"_bbp_anonymous_reply_count":0,"_bbp_topic_count_hidden":0,"_bbp_reply_count_hidden":0,"_bbp_forum_subforum_count":0,"site-sidebar-layout":"default","site-content-layout":"","ast-site-content-layout":"","site-content-style":"default","site-sidebar-style":"default","ast-global-header-display":"","ast-banner-title-visibility":"","ast-main-header-display":"","ast-hfb-above-header-display":"","ast-hfb-below-header-display":"","ast-hfb-mobile-header-display":"","site-post-title":"","ast-breadcrumbs-content":"","ast-featured-img":"","footer-sml-layout":"","theme-transparent-header-meta":"","adv-header-id-meta":"","stick-header-meta":"","header-above-stick-meta":"","header-main-stick-meta":"","header-below-stick-meta":"","astra-migrate-meta-layouts":"default","ast-page-background-enabled":"default","ast-page-background-meta":{"desktop":{"background-color":"var(--ast-global-color-4)","background-image":"","background-repeat":"repeat","background-position":"center center","background-size":"auto","background-attachment":"scroll","background-type":"","background-media":"","overlay-type":"","overlay-color":"","overlay-opacity":"","overlay-gradient":""},"tablet":{"background-color":"","background-image":"","background-repeat":"repeat","background-position":"center center","background-size":"auto","background-attachment":"scroll","background-type":"","background-media":"","overlay-type":"","overlay-color":"","overlay-opacity":"","overlay-gradient":""},"mobile":{"background-color":"","background-image":"","background-repeat":"repeat","background-position":"center center","background-size":"auto","background-attachment":"scroll","background-type":"","background-media":"","overlay-type":"","overlay-color":"","overlay-opacity":"","overlay-gradient":""}},"ast-content-background-meta":{"desktop":{"background-color":"var(--ast-global-color-5)","background-image":"","background-repeat":"repeat","background-position":"center center","background-size":"auto","background-attachment":"scroll","background-type":"","background-media":"","overlay-type":"","overlay-color":"","overlay-opacity":"","overlay-gradient":""},"tablet":{"background-color":"var(--ast-global-color-5)","background-image":"","background-repeat":"repeat","background-position":"center center","background-size":"auto","background-attachment":"scroll","background-type":"","background-media":"","overlay-type":"","overlay-color":"","overlay-opacity":"","overlay-gradient":""},"mobile":{"background-color":"var(--ast-global-color-5)","background-image":"","background-repeat":"repeat","background-position":"center center","background-size":"auto","background-attachment":"scroll","background-type":"","background-media":"","overlay-type":"","overlay-color":"","overlay-opacity":"","overlay-gradient":""}},"footnotes":""},"categories":[29],"tags":[316],"class_list":["post-14081","post","type-post","status-publish","format-standard","has-post-thumbnail","hentry","category-portada","tag-escoles-verdes"],"post_mailing_queue_ids":[],"_links":{"self":[{"href":"https:\/\/serveiseducatius.xtec.cat\/segria\/wp-json\/wp\/v2\/posts\/14081","targetHints":{"allow":["GET"]}}],"collection":[{"href":"https:\/\/serveiseducatius.xtec.cat\/segria\/wp-json\/wp\/v2\/posts"}],"about":[{"href":"https:\/\/serveiseducatius.xtec.cat\/segria\/wp-json\/wp\/v2\/types\/post"}],"author":[{"embeddable":true,"href":"https:\/\/serveiseducatius.xtec.cat\/segria\/wp-json\/wp\/v2\/users\/5"}],"replies":[{"embeddable":true,"href":"https:\/\/serveiseducatius.xtec.cat\/segria\/wp-json\/wp\/v2\/comments?post=14081"}],"version-history":[{"count":3,"href":"https:\/\/serveiseducatius.xtec.cat\/segria\/wp-json\/wp\/v2\/posts\/14081\/revisions"}],"predecessor-version":[{"id":14085,"href":"https:\/\/serveiseducatius.xtec.cat\/segria\/wp-json\/wp\/v2\/posts\/14081\/revisions\/14085"}],"wp:featuredmedia":[{"embeddable":true,"href":"https:\/\/serveiseducatius.xtec.cat\/segria\/wp-json\/wp\/v2\/media\/14082"}],"wp:attachment":[{"href":"https:\/\/serveiseducatius.xtec.cat\/segria\/wp-json\/wp\/v2\/media?parent=14081"}],"wp:term":[{"taxonomy":"category","embeddable":true,"href":"https:\/\/serveiseducatius.xtec.cat\/segria\/wp-json\/wp\/v2\/categories?post=14081"},{"taxonomy":"post_tag","embeddable":true,"href":"https:\/\/serveiseducatius.xtec.cat\/segria\/wp-json\/wp\/v2\/tags?post=14081"}],"curies":[{"name":"wp","href":"https:\/\/api.w.org\/{rel}","templated":true}]}}