{"id":13962,"date":"2021-06-10T10:26:04","date_gmt":"2021-06-10T08:26:04","guid":{"rendered":"https:\/\/serveiseducatius.xtec.cat\/segria\/?p=13962"},"modified":"2021-06-10T11:33:13","modified_gmt":"2021-06-10T09:33:13","slug":"projecte-futurs-emprenedors-rurals-fer","status":"publish","type":"post","link":"https:\/\/serveiseducatius.xtec.cat\/segria\/portada\/projecte-futurs-emprenedors-rurals-fer\/","title":{"rendered":"Projecte Futurs Emprenedors Rurals (FER)"},"content":{"rendered":"<p style=\"text-align: justify;\"><a href=\"https:\/\/serveiseducatius.xtec.cat\/segria\/wp-content\/uploads\/usu679\/2021\/06\/CartellFER.png\"><img loading=\"lazy\" decoding=\"async\" class=\" wp-image-13963 alignleft\" src=\"https:\/\/serveiseducatius.xtec.cat\/segria\/wp-content\/uploads\/usu679\/2021\/06\/CartellFER-1024x576.png\" alt=\"\" width=\"698\" height=\"391\" \/><\/a>Des del projecte <strong>Futurs Emprenedors Rurals <\/strong>obren inscripcions per a les escoles interessades a dur a terme el projecte d&#8217;emprenedoria FER el curs 2021-2022. A m\u00e9s a m\u00e9s, organitzen una sessi\u00f3 informativa per a les escoles que vulguin con\u00e8ixer el projecte, les novetats del seg\u00fcent curs escolar i experi\u00e8ncies d&#8217;altres mestres que han implementat FER.<\/p>\n<p style=\"text-align: justify;\">La sessi\u00f3 informativa\u00a0en l\u00ednia\u00a0tindr\u00e0 lloc el\u00a0<strong>dilluns 28 de juny a les 12:00h<\/strong>\u00a0i est\u00e0 adre\u00e7ada a totes les <strong>escoles que vulguin implementar l&#8217;emprenedoria a 5\u00e8 o 6\u00e8 de prim\u00e0ria<\/strong> i es trobin <strong>en territoris rurals<\/strong>.<\/p>\n<p style=\"text-align: justify;\">Inscripcions de la jornada:\u00a0<a href=\"https:\/\/www.futursemprenedors.cat\/inscripcio-a-la-jornada-informativa-fer\" data-saferedirecturl=\"https:\/\/www.google.com\/url?q=https:\/\/www.futursemprenedors.cat\/inscripcio-a-la-jornada-informativa-fer&amp;source=gmail&amp;ust=1623344776102000&amp;usg=AFQjCNHsovYDXS6lOBhPurVJUe_4ysqKhQ\">https:\/\/www.futursemprenedors.cat\/inscripcio-a-la-jornada-informativa-fer<\/a><\/p>\n<p style=\"text-align: justify;\">Inscripcions curs 2021-2022:\u00a0<a href=\"https:\/\/www.futursemprenedors.cat\/curs-2021-2022\/inscripcio-fer-curs-2021-2022\" data-saferedirecturl=\"https:\/\/www.google.com\/url?q=https:\/\/www.futursemprenedors.cat\/curs-2021-2022\/inscripcio-fer-curs-2021-2022&amp;source=gmail&amp;ust=1623344776102000&amp;usg=AFQjCNEicn_iqIeLfXtAtKtUcmts00uP8Q\">https:\/\/www.futursemprenedors.cat\/curs-2021-2022\/inscripcio-fer-curs-2021-2022<\/a><\/p>\n<p style=\"text-align: justify;\">Podeu trobar m\u00e9s informaci\u00f3 <a href=\"https:\/\/drive.google.com\/file\/d\/1_LqZtJFZGTwFwB03DShzvwtnRIiPPQxX\/view?usp=sharing\">aqu\u00ed<\/a>.<\/p>\n<p style=\"font-weight: 400; text-align: justify;\"><em>Futurs Emprenedors Rurals \u00e9s un projecte que busca ser una eina i un suport per a mestres en el foment de les habilitats emprenedores a 5\u00e8 i 6\u00e8 de prim\u00e0ria. Els materials estan creats de manera que es poden adaptar a les necessitats espec\u00edfiques de mestres i alumnes.\u00a0<\/em><em>La protagonista de la hist\u00f2ria \u00e9s FER, una abella que viu en un rusc que pateix el despoblament i ha de buscar solucions per evitar el despoblament total del seu rusc, aix\u00ed com est\u00e0 passant a les zones rurals avui en dia.\u00a0<\/em><em>Els materials s\u2019estructuren en tres blocs diferents i altres materials complementaris. El primer, sobre hist\u00f2ries d\u2019invents, el segon sobre la creaci\u00f3 de l\u2019empresa i el tercer \u00e9s un recull d\u2019hist\u00f2ries d\u2019empreses exitoses de la Catalunya rural.<\/em><\/p>\n","protected":false},"excerpt":{"rendered":"<p>Des del projecte Futurs Emprenedors Rurals obren inscripcions per a les escoles interessades a dur a terme el projecte d&#8217;emprenedoria FER el curs 2021-2022. A m\u00e9s a m\u00e9s, organitzen una sessi\u00f3 informativa per a les escoles que vulguin con\u00e8ixer el projecte, les novetats del seg\u00fcent curs escolar i experi\u00e8ncies d&#8217;altres mestres que han implementat FER. [&hellip;]<\/p>\n","protected":false},"author":14,"featured_media":13963,"comment_status":"closed","ping_status":"closed","sticky":false,"template":"","format":"standard","meta":{"_bbp_topic_count":0,"_bbp_reply_count":0,"_bbp_total_topic_count":0,"_bbp_total_reply_count":0,"_bbp_voice_count":0,"_bbp_anonymous_reply_count":0,"_bbp_topic_count_hidden":0,"_bbp_reply_count_hidden":0,"_bbp_forum_subforum_count":0,"site-sidebar-layout":"default","site-content-layout":"","ast-site-content-layout":"","site-content-style":"default","site-sidebar-style":"default","ast-global-header-display":"","ast-banner-title-visibility":"","ast-main-header-display":"","ast-hfb-above-header-display":"","ast-hfb-below-header-display":"","ast-hfb-mobile-header-display":"","site-post-title":"","ast-breadcrumbs-content":"","ast-featured-img":"","footer-sml-layout":"","theme-transparent-header-meta":"","adv-header-id-meta":"","stick-header-meta":"","header-above-stick-meta":"","header-main-stick-meta":"","header-below-stick-meta":"","astra-migrate-meta-layouts":"default","ast-page-background-enabled":"default","ast-page-background-meta":{"desktop":{"background-color":"var(--ast-global-color-4)","background-image":"","background-repeat":"repeat","background-position":"center center","background-size":"auto","background-attachment":"scroll","background-type":"","background-media":"","overlay-type":"","overlay-color":"","overlay-opacity":"","overlay-gradient":""},"tablet":{"background-color":"","background-image":"","background-repeat":"repeat","background-position":"center center","background-size":"auto","background-attachment":"scroll","background-type":"","background-media":"","overlay-type":"","overlay-color":"","overlay-opacity":"","overlay-gradient":""},"mobile":{"background-color":"","background-image":"","background-repeat":"repeat","background-position":"center center","background-size":"auto","background-attachment":"scroll","background-type":"","background-media":"","overlay-type":"","overlay-color":"","overlay-opacity":"","overlay-gradient":""}},"ast-content-background-meta":{"desktop":{"background-color":"var(--ast-global-color-5)","background-image":"","background-repeat":"repeat","background-position":"center center","background-size":"auto","background-attachment":"scroll","background-type":"","background-media":"","overlay-type":"","overlay-color":"","overlay-opacity":"","overlay-gradient":""},"tablet":{"background-color":"var(--ast-global-color-5)","background-image":"","background-repeat":"repeat","background-position":"center center","background-size":"auto","background-attachment":"scroll","background-type":"","background-media":"","overlay-type":"","overlay-color":"","overlay-opacity":"","overlay-gradient":""},"mobile":{"background-color":"var(--ast-global-color-5)","background-image":"","background-repeat":"repeat","background-position":"center center","background-size":"auto","background-attachment":"scroll","background-type":"","background-media":"","overlay-type":"","overlay-color":"","overlay-opacity":"","overlay-gradient":""}},"footnotes":""},"categories":[66,553,29,367],"tags":[554],"class_list":["post-13962","post","type-post","status-publish","format-standard","has-post-thumbnail","hentry","category-dinamitzacio","category-emprenedoria","category-portada","category-projectes","tag-mon-rural"],"post_mailing_queue_ids":[],"_links":{"self":[{"href":"https:\/\/serveiseducatius.xtec.cat\/segria\/wp-json\/wp\/v2\/posts\/13962","targetHints":{"allow":["GET"]}}],"collection":[{"href":"https:\/\/serveiseducatius.xtec.cat\/segria\/wp-json\/wp\/v2\/posts"}],"about":[{"href":"https:\/\/serveiseducatius.xtec.cat\/segria\/wp-json\/wp\/v2\/types\/post"}],"author":[{"embeddable":true,"href":"https:\/\/serveiseducatius.xtec.cat\/segria\/wp-json\/wp\/v2\/users\/14"}],"replies":[{"embeddable":true,"href":"https:\/\/serveiseducatius.xtec.cat\/segria\/wp-json\/wp\/v2\/comments?post=13962"}],"version-history":[{"count":3,"href":"https:\/\/serveiseducatius.xtec.cat\/segria\/wp-json\/wp\/v2\/posts\/13962\/revisions"}],"predecessor-version":[{"id":13966,"href":"https:\/\/serveiseducatius.xtec.cat\/segria\/wp-json\/wp\/v2\/posts\/13962\/revisions\/13966"}],"wp:featuredmedia":[{"embeddable":true,"href":"https:\/\/serveiseducatius.xtec.cat\/segria\/wp-json\/wp\/v2\/media\/13963"}],"wp:attachment":[{"href":"https:\/\/serveiseducatius.xtec.cat\/segria\/wp-json\/wp\/v2\/media?parent=13962"}],"wp:term":[{"taxonomy":"category","embeddable":true,"href":"https:\/\/serveiseducatius.xtec.cat\/segria\/wp-json\/wp\/v2\/categories?post=13962"},{"taxonomy":"post_tag","embeddable":true,"href":"https:\/\/serveiseducatius.xtec.cat\/segria\/wp-json\/wp\/v2\/tags?post=13962"}],"curies":[{"name":"wp","href":"https:\/\/api.w.org\/{rel}","templated":true}]}}