{"id":13901,"date":"2021-06-03T12:05:01","date_gmt":"2021-06-03T10:05:01","guid":{"rendered":"https:\/\/serveiseducatius.xtec.cat\/segria\/?p=13901"},"modified":"2021-06-03T12:06:27","modified_gmt":"2021-06-03T10:06:27","slug":"exposicio-demili-pujol-a-torrebeses","status":"publish","type":"post","link":"https:\/\/serveiseducatius.xtec.cat\/segria\/portada\/exposicio-demili-pujol-a-torrebeses\/","title":{"rendered":"Exposici\u00f3 d&#8217;Emili Pujol a Torrebeses"},"content":{"rendered":"<p><a href=\"https:\/\/serveiseducatius.xtec.cat\/segria\/wp-content\/uploads\/usu679\/2021\/06\/Nova-exposici\u00f3-Emili-Pujol-Juny-2021.png\"><img loading=\"lazy\" decoding=\"async\" class=\"alignleft wp-image-13902 size-medium\" src=\"https:\/\/serveiseducatius.xtec.cat\/segria\/wp-content\/uploads\/usu679\/2021\/06\/Nova-exposici\u00f3-Emili-Pujol-Juny-2021-300x300.png\" alt=\"\" width=\"300\" height=\"300\" srcset=\"https:\/\/serveiseducatius.xtec.cat\/segria\/wp-content\/uploads\/usu679\/2021\/06\/Nova-exposici\u00f3-Emili-Pujol-Juny-2021-300x300.png 300w, https:\/\/serveiseducatius.xtec.cat\/segria\/wp-content\/uploads\/usu679\/2021\/06\/Nova-exposici\u00f3-Emili-Pujol-Juny-2021-150x150.png 150w, https:\/\/serveiseducatius.xtec.cat\/segria\/wp-content\/uploads\/usu679\/2021\/06\/Nova-exposici\u00f3-Emili-Pujol-Juny-2021-768x768.png 768w, https:\/\/serveiseducatius.xtec.cat\/segria\/wp-content\/uploads\/usu679\/2021\/06\/Nova-exposici\u00f3-Emili-Pujol-Juny-2021-1024x1024.png 1024w, https:\/\/serveiseducatius.xtec.cat\/segria\/wp-content\/uploads\/usu679\/2021\/06\/Nova-exposici\u00f3-Emili-Pujol-Juny-2021.png 1080w\" sizes=\"auto, (max-width: 300px) 100vw, 300px\" \/><\/a>En aquesta exposici\u00f3 es mostra la traject\u00f2ria humana i art\u00edstica del mestre Pujol, incidint especialment en quatre vessants de la seva tasca: com a int\u00e8rpret, com a compositor, com a music\u00f2leg i com a pedagog.<\/p>\n<div><strong>Lloc: Centre d&#8217;Interpretaci\u00f3 de la Pedra Seca<\/strong><\/div>\n<div dir=\"ltr\" data-smartmail=\"gmail_signature\">\n<div dir=\"ltr\">\n<div><span style=\"color: #000000;\"><em>Pl. Vileta, 9-11, 25176 Torrebesses (Lleida)<\/em><\/span><\/div>\n<div><span style=\"color: #000000;\"><em>Tel.:\u00a0<u>+34 646 32 20 00<\/u><\/em><\/span><\/div>\n<div><\/div>\n<\/div>\n<\/div>\n<p><strong>Fins a finals de juny de 2021 &#8211; Acc\u00e9s gratu\u00eft<\/strong><\/p>\n<p>&nbsp;<\/p>\n<p>Recordeu que aquesta i altres exposicions les<a href=\"https:\/\/serveiseducatius.xtec.cat\/segria\/quin-tipus-de-material-necessites\/exposicions-didactiques\/\" target=\"_blank\" rel=\"noopener noreferrer\"><strong>\u00a0tenim en pr\u00e9stec<\/strong><\/a> al Servei educatiu.<\/p>\n","protected":false},"excerpt":{"rendered":"<p>En aquesta exposici\u00f3 es mostra la traject\u00f2ria humana i art\u00edstica del mestre Pujol, incidint especialment en quatre vessants de la seva tasca: com a int\u00e8rpret, com a compositor, com a music\u00f2leg i com a pedagog. Lloc: Centre d&#8217;Interpretaci\u00f3 de la Pedra Seca Pl. Vileta, 9-11, 25176 Torrebesses (Lleida) Tel.:\u00a0+34 646 32 20 00 Fins a [&hellip;]<\/p>\n","protected":false},"author":5,"featured_media":13902,"comment_status":"closed","ping_status":"closed","sticky":false,"template":"","format":"standard","meta":{"_bbp_topic_count":0,"_bbp_reply_count":0,"_bbp_total_topic_count":0,"_bbp_total_reply_count":0,"_bbp_voice_count":0,"_bbp_anonymous_reply_count":0,"_bbp_topic_count_hidden":0,"_bbp_reply_count_hidden":0,"_bbp_forum_subforum_count":0,"site-sidebar-layout":"default","site-content-layout":"","ast-site-content-layout":"","site-content-style":"default","site-sidebar-style":"default","ast-global-header-display":"","ast-banner-title-visibility":"","ast-main-header-display":"","ast-hfb-above-header-display":"","ast-hfb-below-header-display":"","ast-hfb-mobile-header-display":"","site-post-title":"","ast-breadcrumbs-content":"","ast-featured-img":"","footer-sml-layout":"","theme-transparent-header-meta":"","adv-header-id-meta":"","stick-header-meta":"","header-above-stick-meta":"","header-main-stick-meta":"","header-below-stick-meta":"","astra-migrate-meta-layouts":"default","ast-page-background-enabled":"default","ast-page-background-meta":{"desktop":{"background-color":"var(--ast-global-color-4)","background-image":"","background-repeat":"repeat","background-position":"center center","background-size":"auto","background-attachment":"scroll","background-type":"","background-media":"","overlay-type":"","overlay-color":"","overlay-opacity":"","overlay-gradient":""},"tablet":{"background-color":"","background-image":"","background-repeat":"repeat","background-position":"center center","background-size":"auto","background-attachment":"scroll","background-type":"","background-media":"","overlay-type":"","overlay-color":"","overlay-opacity":"","overlay-gradient":""},"mobile":{"background-color":"","background-image":"","background-repeat":"repeat","background-position":"center center","background-size":"auto","background-attachment":"scroll","background-type":"","background-media":"","overlay-type":"","overlay-color":"","overlay-opacity":"","overlay-gradient":""}},"ast-content-background-meta":{"desktop":{"background-color":"var(--ast-global-color-5)","background-image":"","background-repeat":"repeat","background-position":"center center","background-size":"auto","background-attachment":"scroll","background-type":"","background-media":"","overlay-type":"","overlay-color":"","overlay-opacity":"","overlay-gradient":""},"tablet":{"background-color":"var(--ast-global-color-5)","background-image":"","background-repeat":"repeat","background-position":"center center","background-size":"auto","background-attachment":"scroll","background-type":"","background-media":"","overlay-type":"","overlay-color":"","overlay-opacity":"","overlay-gradient":""},"mobile":{"background-color":"var(--ast-global-color-5)","background-image":"","background-repeat":"repeat","background-position":"center center","background-size":"auto","background-attachment":"scroll","background-type":"","background-media":"","overlay-type":"","overlay-color":"","overlay-opacity":"","overlay-gradient":""}},"footnotes":""},"categories":[295,29],"tags":[551,327],"class_list":["post-13901","post","type-post","status-publish","format-standard","has-post-thumbnail","hentry","category-exposicions","category-portada","tag-emilipujol","tag-musica"],"post_mailing_queue_ids":[],"_links":{"self":[{"href":"https:\/\/serveiseducatius.xtec.cat\/segria\/wp-json\/wp\/v2\/posts\/13901","targetHints":{"allow":["GET"]}}],"collection":[{"href":"https:\/\/serveiseducatius.xtec.cat\/segria\/wp-json\/wp\/v2\/posts"}],"about":[{"href":"https:\/\/serveiseducatius.xtec.cat\/segria\/wp-json\/wp\/v2\/types\/post"}],"author":[{"embeddable":true,"href":"https:\/\/serveiseducatius.xtec.cat\/segria\/wp-json\/wp\/v2\/users\/5"}],"replies":[{"embeddable":true,"href":"https:\/\/serveiseducatius.xtec.cat\/segria\/wp-json\/wp\/v2\/comments?post=13901"}],"version-history":[{"count":2,"href":"https:\/\/serveiseducatius.xtec.cat\/segria\/wp-json\/wp\/v2\/posts\/13901\/revisions"}],"predecessor-version":[{"id":13904,"href":"https:\/\/serveiseducatius.xtec.cat\/segria\/wp-json\/wp\/v2\/posts\/13901\/revisions\/13904"}],"wp:featuredmedia":[{"embeddable":true,"href":"https:\/\/serveiseducatius.xtec.cat\/segria\/wp-json\/wp\/v2\/media\/13902"}],"wp:attachment":[{"href":"https:\/\/serveiseducatius.xtec.cat\/segria\/wp-json\/wp\/v2\/media?parent=13901"}],"wp:term":[{"taxonomy":"category","embeddable":true,"href":"https:\/\/serveiseducatius.xtec.cat\/segria\/wp-json\/wp\/v2\/categories?post=13901"},{"taxonomy":"post_tag","embeddable":true,"href":"https:\/\/serveiseducatius.xtec.cat\/segria\/wp-json\/wp\/v2\/tags?post=13901"}],"curies":[{"name":"wp","href":"https:\/\/api.w.org\/{rel}","templated":true}]}}