{"id":13863,"date":"2021-05-31T19:32:28","date_gmt":"2021-05-31T17:32:28","guid":{"rendered":"https:\/\/serveiseducatius.xtec.cat\/segria\/?p=13863"},"modified":"2021-05-31T19:37:18","modified_gmt":"2021-05-31T17:37:18","slug":"ev-lleida-8-de-juny-dia-mundial-dels-oceans","status":"publish","type":"post","link":"https:\/\/serveiseducatius.xtec.cat\/segria\/portada\/ev-lleida-8-de-juny-dia-mundial-dels-oceans\/","title":{"rendered":"EV LLEIDA. 8 de juny: Dia mundial dels oceans"},"content":{"rendered":"<p><a href=\"https:\/\/serveiseducatius.xtec.cat\/segria\/wp-content\/uploads\/usu679\/2021\/05\/55.jpg\"><img loading=\"lazy\" decoding=\"async\" class=\"alignleft wp-image-13864 size-medium\" src=\"https:\/\/serveiseducatius.xtec.cat\/segria\/wp-content\/uploads\/usu679\/2021\/05\/55-300x170.jpg\" alt=\"\" width=\"300\" height=\"170\" srcset=\"https:\/\/serveiseducatius.xtec.cat\/segria\/wp-content\/uploads\/usu679\/2021\/05\/55-300x170.jpg 300w, https:\/\/serveiseducatius.xtec.cat\/segria\/wp-content\/uploads\/usu679\/2021\/05\/55-768x435.jpg 768w, https:\/\/serveiseducatius.xtec.cat\/segria\/wp-content\/uploads\/usu679\/2021\/05\/55-1024x579.jpg 1024w, https:\/\/serveiseducatius.xtec.cat\/segria\/wp-content\/uploads\/usu679\/2021\/05\/55.jpg 1200w\" sizes=\"auto, (max-width: 300px) 100vw, 300px\" \/><\/a>L&#8217;oce\u00e0 ocupa gaireb\u00e9 3 quartes parts de la superf\u00edcie del planeta i t\u00e9 un paper fonamental en la preservaci\u00f3 de la vida a tota la Terra. Si entenem els boscos com un pulm\u00f3 del planeta, els oceans en serien l&#8217;altre. Des de l&#8217;any 2009, el 8 de juny es celebra del Dia Mundial dels Oceans per protegir-los.<\/p>\n<p>Si voleu treballar amb els vostres alumnes aquest tema, <strong><a href=\"https:\/\/escolesverdeslleida.fundesplai.org\/actualitat-esdeveniments-ambientals\/dia-mundial-oceans-8-juny\/\" target=\"_blank\" rel=\"noopener noreferrer\"><strong>al bloc d&#8217;EV Lleida trobareu un recull de recursos i activitats<\/strong><\/a><\/strong> i tamb\u00e9 algunes accions que podem dur a terme individual i col\u00b7lectivament per a preservar-lo.<\/p>\n<p>Ens veiem ben aviat a les comissions de seguiment i tancament del curs d&#8217;EV, i si necessiteu res, ja sabeu on trobar-nos!<\/p>\n<p><a href=\"https:\/\/serveiseducatius.xtec.cat\/segria\/wp-content\/uploads\/usu679\/2021\/05\/888.jpg\"><img loading=\"lazy\" decoding=\"async\" class=\"wp-image-13872 alignright\" src=\"https:\/\/serveiseducatius.xtec.cat\/segria\/wp-content\/uploads\/usu679\/2021\/05\/888.jpg\" alt=\"\" width=\"100\" height=\"84\" \/><\/a><\/p>\n","protected":false},"excerpt":{"rendered":"<p>L&#8217;oce\u00e0 ocupa gaireb\u00e9 3 quartes parts de la superf\u00edcie del planeta i t\u00e9 un paper fonamental en la preservaci\u00f3 de la vida a tota la Terra. Si entenem els boscos com un pulm\u00f3 del planeta, els oceans en serien l&#8217;altre. Des de l&#8217;any 2009, el 8 de juny es celebra del Dia Mundial dels Oceans [&hellip;]<\/p>\n","protected":false},"author":5,"featured_media":13864,"comment_status":"closed","ping_status":"closed","sticky":false,"template":"","format":"standard","meta":{"_bbp_topic_count":0,"_bbp_reply_count":0,"_bbp_total_topic_count":0,"_bbp_total_reply_count":0,"_bbp_voice_count":0,"_bbp_anonymous_reply_count":0,"_bbp_topic_count_hidden":0,"_bbp_reply_count_hidden":0,"_bbp_forum_subforum_count":0,"site-sidebar-layout":"default","site-content-layout":"","ast-site-content-layout":"","site-content-style":"default","site-sidebar-style":"default","ast-global-header-display":"","ast-banner-title-visibility":"","ast-main-header-display":"","ast-hfb-above-header-display":"","ast-hfb-below-header-display":"","ast-hfb-mobile-header-display":"","site-post-title":"","ast-breadcrumbs-content":"","ast-featured-img":"","footer-sml-layout":"","theme-transparent-header-meta":"","adv-header-id-meta":"","stick-header-meta":"","header-above-stick-meta":"","header-main-stick-meta":"","header-below-stick-meta":"","astra-migrate-meta-layouts":"default","ast-page-background-enabled":"default","ast-page-background-meta":{"desktop":{"background-color":"var(--ast-global-color-4)","background-image":"","background-repeat":"repeat","background-position":"center center","background-size":"auto","background-attachment":"scroll","background-type":"","background-media":"","overlay-type":"","overlay-color":"","overlay-opacity":"","overlay-gradient":""},"tablet":{"background-color":"","background-image":"","background-repeat":"repeat","background-position":"center center","background-size":"auto","background-attachment":"scroll","background-type":"","background-media":"","overlay-type":"","overlay-color":"","overlay-opacity":"","overlay-gradient":""},"mobile":{"background-color":"","background-image":"","background-repeat":"repeat","background-position":"center center","background-size":"auto","background-attachment":"scroll","background-type":"","background-media":"","overlay-type":"","overlay-color":"","overlay-opacity":"","overlay-gradient":""}},"ast-content-background-meta":{"desktop":{"background-color":"var(--ast-global-color-5)","background-image":"","background-repeat":"repeat","background-position":"center center","background-size":"auto","background-attachment":"scroll","background-type":"","background-media":"","overlay-type":"","overlay-color":"","overlay-opacity":"","overlay-gradient":""},"tablet":{"background-color":"var(--ast-global-color-5)","background-image":"","background-repeat":"repeat","background-position":"center center","background-size":"auto","background-attachment":"scroll","background-type":"","background-media":"","overlay-type":"","overlay-color":"","overlay-opacity":"","overlay-gradient":""},"mobile":{"background-color":"var(--ast-global-color-5)","background-image":"","background-repeat":"repeat","background-position":"center center","background-size":"auto","background-attachment":"scroll","background-type":"","background-media":"","overlay-type":"","overlay-color":"","overlay-opacity":"","overlay-gradient":""}},"footnotes":""},"categories":[29],"tags":[316],"class_list":["post-13863","post","type-post","status-publish","format-standard","has-post-thumbnail","hentry","category-portada","tag-escoles-verdes"],"post_mailing_queue_ids":[],"_links":{"self":[{"href":"https:\/\/serveiseducatius.xtec.cat\/segria\/wp-json\/wp\/v2\/posts\/13863","targetHints":{"allow":["GET"]}}],"collection":[{"href":"https:\/\/serveiseducatius.xtec.cat\/segria\/wp-json\/wp\/v2\/posts"}],"about":[{"href":"https:\/\/serveiseducatius.xtec.cat\/segria\/wp-json\/wp\/v2\/types\/post"}],"author":[{"embeddable":true,"href":"https:\/\/serveiseducatius.xtec.cat\/segria\/wp-json\/wp\/v2\/users\/5"}],"replies":[{"embeddable":true,"href":"https:\/\/serveiseducatius.xtec.cat\/segria\/wp-json\/wp\/v2\/comments?post=13863"}],"version-history":[{"count":3,"href":"https:\/\/serveiseducatius.xtec.cat\/segria\/wp-json\/wp\/v2\/posts\/13863\/revisions"}],"predecessor-version":[{"id":13875,"href":"https:\/\/serveiseducatius.xtec.cat\/segria\/wp-json\/wp\/v2\/posts\/13863\/revisions\/13875"}],"wp:featuredmedia":[{"embeddable":true,"href":"https:\/\/serveiseducatius.xtec.cat\/segria\/wp-json\/wp\/v2\/media\/13864"}],"wp:attachment":[{"href":"https:\/\/serveiseducatius.xtec.cat\/segria\/wp-json\/wp\/v2\/media?parent=13863"}],"wp:term":[{"taxonomy":"category","embeddable":true,"href":"https:\/\/serveiseducatius.xtec.cat\/segria\/wp-json\/wp\/v2\/categories?post=13863"},{"taxonomy":"post_tag","embeddable":true,"href":"https:\/\/serveiseducatius.xtec.cat\/segria\/wp-json\/wp\/v2\/tags?post=13863"}],"curies":[{"name":"wp","href":"https:\/\/api.w.org\/{rel}","templated":true}]}}