{"id":13814,"date":"2021-05-26T19:48:35","date_gmt":"2021-05-26T17:48:35","guid":{"rendered":"https:\/\/serveiseducatius.xtec.cat\/segria\/?p=13814"},"modified":"2021-05-27T13:13:01","modified_gmt":"2021-05-27T11:13:01","slug":"implicat-signa-un-conveni-de-collaboracio-amb-la-fundacion-cultura-de-paz","status":"publish","type":"post","link":"https:\/\/serveiseducatius.xtec.cat\/segria\/portada\/implicat-signa-un-conveni-de-collaboracio-amb-la-fundacion-cultura-de-paz\/","title":{"rendered":"Implica&#8217;t+ signa un conveni de col\u00b7laboraci\u00f3 amb la Fundaci\u00f3n Cultura de Paz"},"content":{"rendered":"<div class=\"post-header\">\n<pre class=\"post-title\" style=\"text-align: center;\"><\/pre>\n<\/div>\n<div class=\"post-content\">\n<p lang=\"es-ES\">Des del CRP del Segri\u00e0 fem difusi\u00f3 del comunicat que ha elaborat el <strong><a href=\"https:\/\/serveiseducatius.xtec.cat\/segria\/projecte-implicat\/\" target=\"_blank\" rel=\"noopener noreferrer\">grup de treball Implica&#8217;t<\/a> <\/strong>per donar a con\u00e8ixer la signatura d&#8217;un acord de col\u00b7laboraci\u00f3 amb la fundaci\u00f3 Cultura de Paz en programes conjunts relacionats, entre altres temes, amb l&#8217;educaci\u00f3, el medi ambient i els drets humans.<\/p>\n<h4 lang=\"es-ES\" style=\"text-align: center;\"><strong>COMUNICAT<\/strong><\/h4>\n<h4 class=\"post-title\" style=\"text-align: center;\">Implicats amb la signatura del conveni de col\u00b7laboraci\u00f3 amb la Fundaci\u00f3n Cultura de Paz presidida pel senyor Federico Mayor Zaragoza<\/h4>\n<p class=\"western\" lang=\"es-ES\"><span lang=\"ca-ES\">Hi ha una estrat\u00e8gia usada per algunes grans empreses que s\u2019anomena \u00abla taca d\u2019oli\u00bb perqu\u00e8 va escampant les seves idees, marques o productes de forma lenta per\u00f2 efectiva. <\/span><span lang=\"ca-ES\">De manera similar el col\u00b7lectiu \u00ab<\/span><span lang=\"ca-ES\"><b><a href=\"https:\/\/blocs.xtec.cat\/implicat\/category\/que-fem\/\" target=\"_blank\" rel=\"noopener noreferrer\">Implica\u2019t + amb la Carta de la Terra<\/a><\/b><\/span><span lang=\"ca-ES\">\u00bb, treballem des de fa gaireb\u00e9 una d\u00e8cada per fer arribar els nostres convenciments, anhels i desitjos all\u00e0 on calgui. Ho fem de manera generosa i assertiva. Amb paci\u00e8ncia, per\u00f2 sense aturador.<\/span><\/p>\n<p class=\"western\" lang=\"es-ES\"><span lang=\"ca-ES\">Fruit d\u2019aquesta voluntat de canviar el mon per fer-lo m\u00e9s hum\u00e0, m\u00e9s col\u00b7laboratiu i millor, hem anat elaborant un bon grapat de propostes did\u00e0ctiques per aplicar a les escoles i instituts de Catalunya amb els que col\u00b7laborem.<\/span><\/p>\n<p class=\"western\" lang=\"es-ES\"><span lang=\"ca-ES\">I, ara, estem molt contents perqu\u00e8 hem eixamplat l\u2019\u00e0mbit d\u2019actuaci\u00f3 i hem signat un conveni amb la \u00ab<\/span><a href=\"https:\/\/www.fund-culturadepaz.org\/\" target=\"_blank\" rel=\"noopener noreferrer\"><span lang=\"ca-ES\"><b>Fundaci\u00f3n Cultura de Paz<\/b><\/span><\/a><span lang=\"ca-ES\">\u00bb, una organitzaci\u00f3 de vocaci\u00f3 intercultural, amb seu a Madrid, presidida pel senyor Federico Mayor Zaragoza.<\/span><\/p>\n<p class=\"western\" lang=\"es-ES\"><span lang=\"ca-ES\">L\u2019acord del conveni estableix, entre d\u2019altres, que col\u00b7laborarem en programes conjunts relacionats amb l\u2019educaci\u00f3, la cultura, la ci\u00e8ncia, el medi ambient, la seguretat ciutadana i els drets humans.<\/span><\/p>\n<p class=\"western\" lang=\"es-ES\"><span lang=\"ca-ES\">Tamb\u00e9 crearem ponts de coordinaci\u00f3 i cooperaci\u00f3 en aquelles accions que tinguin objectius convergents de cara a una m\u00e9s gran repercussi\u00f3 per aconseguir una veritable cultura de pau.<\/span><\/p>\n<p class=\"western\" lang=\"es-ES\"><span lang=\"ca-ES\">I, sobretot, treballarem amb l\u2019objectiu d\u2019aconseguir que els documents relatius a \u00abLa Carta de la Terra i l\u2019Agenda 2030\u00bb arribin i siguin assumits pels centres educatius, s\u2019integrin el curr\u00edculum educatiu i arribin directament a les aules i als infants i joves.<\/span><\/p>\n<p class=\"western\" lang=\"es-ES\"><span lang=\"ca-ES\">Podeu llegir el conveni en aquest enlla\u00e7:<\/span><u><\/u><\/p>\n<p class=\"western\" lang=\"es-ES\"><a href=\"http:\/\/blocs.xtec.cat\/implicat\/files\/2021\/05\/FCP-Implica-t-.pdf\" target=\"_blank\" rel=\"noopener noreferrer\"><img loading=\"lazy\" decoding=\"async\" class=\"aligncenter wp-image-994 size-full\" src=\"http:\/\/blocs.xtec.cat\/implicat\/files\/2021\/05\/FCP.png\" alt=\"Fundaci\u00f3n Cultura de Paz\" width=\"250\" height=\"100\" \/><\/a><\/p>\n<p class=\"western\" lang=\"es-ES\"><span lang=\"ca-ES\">No cal ni dir-ho, per\u00f2 si sou docents i us voleu implicar en la transformaci\u00f3 cap a una societat millor, aquest projecte interdisciplinari \u00e9s un lloc on sereu benvinguts. Potser, som gent petita, en llocs petits, fent petites coses, per\u00f2 com diu el proverbi afric\u00e0, si som molts podrem canviar el m\u00f3n.<\/span><\/p>\n<p class=\"western\" lang=\"es-ES\"><a href=\"https:\/\/blocs.xtec.cat\/implicat\/\" target=\"_blank\" rel=\"noopener noreferrer\"><img loading=\"lazy\" decoding=\"async\" class=\"aligncenter wp-image-1000 size-full\" src=\"http:\/\/blocs.xtec.cat\/implicat\/files\/2021\/05\/Logo-implicat.png\" alt=\"Implica't+\" width=\"237\" height=\"100\" \/><\/a><\/p>\n<div class=\"addtoany_share_save_container addtoany_content_bottom\">\n<div class=\"a2a_kit a2a_kit_size_32 addtoany_list\" data-a2a-url=\"https:\/\/blocs.xtec.cat\/implicat\/2021\/05\/26\/implicats-amb-la-signatura-del-conveni-de-collaboracio-amb-la-fundacion-cultura-de-paz\/\" data-a2a-title=\"Implicats amb la signatura del conveni de col\u00b7laboraci\u00f3 amb la Fundaci\u00f3n Cultura de Paz presidida pel senyor Federico Mayor Zaragoza\"><\/div>\n<\/div>\n<\/div>\n","protected":false},"excerpt":{"rendered":"<p>Des del CRP del Segri\u00e0 fem difusi\u00f3 del comunicat que ha elaborat el grup de treball Implica&#8217;t per donar a con\u00e8ixer la signatura d&#8217;un acord de col\u00b7laboraci\u00f3 amb la fundaci\u00f3 Cultura de Paz en programes conjunts relacionats, entre altres temes, amb l&#8217;educaci\u00f3, el medi ambient i els drets humans. COMUNICAT Implicats amb la signatura del [&hellip;]<\/p>\n","protected":false},"author":7,"featured_media":12726,"comment_status":"closed","ping_status":"closed","sticky":false,"template":"","format":"standard","meta":{"_bbp_topic_count":0,"_bbp_reply_count":0,"_bbp_total_topic_count":0,"_bbp_total_reply_count":0,"_bbp_voice_count":0,"_bbp_anonymous_reply_count":0,"_bbp_topic_count_hidden":0,"_bbp_reply_count_hidden":0,"_bbp_forum_subforum_count":0,"site-sidebar-layout":"default","site-content-layout":"","ast-site-content-layout":"","site-content-style":"default","site-sidebar-style":"default","ast-global-header-display":"","ast-banner-title-visibility":"","ast-main-header-display":"","ast-hfb-above-header-display":"","ast-hfb-below-header-display":"","ast-hfb-mobile-header-display":"","site-post-title":"","ast-breadcrumbs-content":"","ast-featured-img":"","footer-sml-layout":"","theme-transparent-header-meta":"","adv-header-id-meta":"","stick-header-meta":"","header-above-stick-meta":"","header-main-stick-meta":"","header-below-stick-meta":"","astra-migrate-meta-layouts":"default","ast-page-background-enabled":"default","ast-page-background-meta":{"desktop":{"background-color":"var(--ast-global-color-4)","background-image":"","background-repeat":"repeat","background-position":"center center","background-size":"auto","background-attachment":"scroll","background-type":"","background-media":"","overlay-type":"","overlay-color":"","overlay-opacity":"","overlay-gradient":""},"tablet":{"background-color":"","background-image":"","background-repeat":"repeat","background-position":"center center","background-size":"auto","background-attachment":"scroll","background-type":"","background-media":"","overlay-type":"","overlay-color":"","overlay-opacity":"","overlay-gradient":""},"mobile":{"background-color":"","background-image":"","background-repeat":"repeat","background-position":"center center","background-size":"auto","background-attachment":"scroll","background-type":"","background-media":"","overlay-type":"","overlay-color":"","overlay-opacity":"","overlay-gradient":""}},"ast-content-background-meta":{"desktop":{"background-color":"var(--ast-global-color-5)","background-image":"","background-repeat":"repeat","background-position":"center center","background-size":"auto","background-attachment":"scroll","background-type":"","background-media":"","overlay-type":"","overlay-color":"","overlay-opacity":"","overlay-gradient":""},"tablet":{"background-color":"var(--ast-global-color-5)","background-image":"","background-repeat":"repeat","background-position":"center center","background-size":"auto","background-attachment":"scroll","background-type":"","background-media":"","overlay-type":"","overlay-color":"","overlay-opacity":"","overlay-gradient":""},"mobile":{"background-color":"var(--ast-global-color-5)","background-image":"","background-repeat":"repeat","background-position":"center center","background-size":"auto","background-attachment":"scroll","background-type":"","background-media":"","overlay-type":"","overlay-color":"","overlay-opacity":"","overlay-gradient":""}},"footnotes":""},"categories":[29],"tags":[548,549,550,480],"class_list":["post-13814","post","type-post","status-publish","format-standard","has-post-thumbnail","hentry","category-portada","tag-conveni","tag-cultura-de-paz","tag-federico-mayor-zaragoza","tag-implicat"],"post_mailing_queue_ids":[],"_links":{"self":[{"href":"https:\/\/serveiseducatius.xtec.cat\/segria\/wp-json\/wp\/v2\/posts\/13814","targetHints":{"allow":["GET"]}}],"collection":[{"href":"https:\/\/serveiseducatius.xtec.cat\/segria\/wp-json\/wp\/v2\/posts"}],"about":[{"href":"https:\/\/serveiseducatius.xtec.cat\/segria\/wp-json\/wp\/v2\/types\/post"}],"author":[{"embeddable":true,"href":"https:\/\/serveiseducatius.xtec.cat\/segria\/wp-json\/wp\/v2\/users\/7"}],"replies":[{"embeddable":true,"href":"https:\/\/serveiseducatius.xtec.cat\/segria\/wp-json\/wp\/v2\/comments?post=13814"}],"version-history":[{"count":3,"href":"https:\/\/serveiseducatius.xtec.cat\/segria\/wp-json\/wp\/v2\/posts\/13814\/revisions"}],"predecessor-version":[{"id":13831,"href":"https:\/\/serveiseducatius.xtec.cat\/segria\/wp-json\/wp\/v2\/posts\/13814\/revisions\/13831"}],"wp:featuredmedia":[{"embeddable":true,"href":"https:\/\/serveiseducatius.xtec.cat\/segria\/wp-json\/wp\/v2\/media\/12726"}],"wp:attachment":[{"href":"https:\/\/serveiseducatius.xtec.cat\/segria\/wp-json\/wp\/v2\/media?parent=13814"}],"wp:term":[{"taxonomy":"category","embeddable":true,"href":"https:\/\/serveiseducatius.xtec.cat\/segria\/wp-json\/wp\/v2\/categories?post=13814"},{"taxonomy":"post_tag","embeddable":true,"href":"https:\/\/serveiseducatius.xtec.cat\/segria\/wp-json\/wp\/v2\/tags?post=13814"}],"curies":[{"name":"wp","href":"https:\/\/api.w.org\/{rel}","templated":true}]}}