{"id":13707,"date":"2021-05-25T19:05:07","date_gmt":"2021-05-25T17:05:07","guid":{"rendered":"https:\/\/serveiseducatius.xtec.cat\/segria\/?p=13707"},"modified":"2021-10-28T14:08:16","modified_gmt":"2021-10-28T12:08:16","slug":"reunio-amb-coordinadors-es-de-grups-de-treball-i-seminaris-del-pfz-del-segria","status":"publish","type":"post","link":"https:\/\/serveiseducatius.xtec.cat\/segria\/general\/reunio-amb-coordinadors-es-de-grups-de-treball-i-seminaris-del-pfz-del-segria\/","title":{"rendered":"ESPAI PER A FORMADORES I FORMADORS"},"content":{"rendered":"<p><strong><img loading=\"lazy\" decoding=\"async\" class=\"\" src=\"https:\/\/serveiseducatius.xtec.cat\/segria\/wp-content\/uploads\/usu679\/2015\/11\/0b084fa6-3b8b-4f61-ab5e-d8baa8268131.png\" width=\"22\" height=\"22\" \/> Formaci\u00f3 per a persones formadores<\/strong><\/p>\n<p><strong>Compet\u00e8ncies i desafiaments del personal formador<\/strong><\/p>\n<p>Familiaritzaci\u00f3 amb les compet\u00e8ncies que faciliten la tasca de les persones formadores en processos de formaci\u00f3 en centres, assessoraments, acompanyaments i treball col\u00b7laboratiu.<\/p>\n<p>A c\u00e0rrec de M\u00e0rius Mart\u00ednez. \u00a0Professor de la Facultat d&#8217;Educaci\u00f3 i Vicerector de Relacions Internacionals de la Universitat Aut\u00f2noma de Barcelona i president del Consorci d\u2019Universitats Innovadores<\/p>\n<p><img loading=\"lazy\" decoding=\"async\" class=\"\" src=\"https:\/\/serveiseducatius.xtec.cat\/segria\/wp-content\/uploads\/usu679\/2020\/12\/enllac.png\" width=\"20\" height=\"20\" \/> <a href=\"https:\/\/www.youtube.com\/watch?v=TF9YJLe8Xto\" target=\"_blank\" rel=\"noopener\">Acc\u00e9s al v\u00eddeo<\/a><br \/>\n<img loading=\"lazy\" decoding=\"async\" class=\"\" src=\"https:\/\/serveiseducatius.xtec.cat\/segria\/wp-content\/uploads\/usu679\/2020\/12\/enllac.png\" width=\"20\" height=\"20\" \/> <a href=\"https:\/\/drive.google.com\/file\/d\/1JIaX-EE2oRJ2TsAhfnua3heLqpomzocN\/view\" target=\"_blank\" rel=\"noopener\">Acc\u00e9s a la presentaci\u00f3 utilitzada durant la sessi\u00f3<\/a><\/p>\n<p>Activitat realitzada el 19 d\u2019octubre de 2021<\/p>\n<div>\n<hr \/>\n<\/div>\n<div><\/div>\n<p><strong><a href=\"https:\/\/serveiseducatius.xtec.cat\/segria\/wp-content\/uploads\/usu679\/2015\/11\/0b084fa6-3b8b-4f61-ab5e-d8baa8268131.png\"><img loading=\"lazy\" decoding=\"async\" class=\" wp-image-11729 alignleft\" src=\"https:\/\/serveiseducatius.xtec.cat\/segria\/wp-content\/uploads\/usu679\/2015\/11\/0b084fa6-3b8b-4f61-ab5e-d8baa8268131.png\" alt=\"\" width=\"22\" height=\"22\" \/><\/a>Procediment de seguiment i tancament de la formaci\u00f3\u00a0<\/strong><\/p>\n<p><a href=\"https:\/\/drive.google.com\/file\/d\/1qeRrXHeTQVHc3MuCTLBIBI2BgVj5qqz-\/view\" target=\"_blank\" rel=\"noopener noreferrer\">Infografia Gesti\u00f3 de Grups de Treballs i Seminaris.<\/a><\/p>\n<hr \/>\n<p><strong><img loading=\"lazy\" decoding=\"async\" class=\" wp-image-11729 alignleft\" src=\"https:\/\/serveiseducatius.xtec.cat\/segria\/wp-content\/uploads\/usu679\/2015\/11\/0b084fa6-3b8b-4f61-ab5e-d8baa8268131.png\" alt=\"\" width=\"22\" height=\"22\" \/>Espai al nostre web i publicacions digitals<\/strong><\/p>\n<p><a href=\"https:\/\/serveiseducatius.xtec.cat\/segria\/categoria\/espai-dels-grups-de-treball-i-seminaris-pfz-segria\/\" target=\"_blank\" rel=\"noopener noreferrer\">Espai dels grups de treball i seminaris <\/a><\/p>\n<p><a href=\"https:\/\/serveiseducatius.xtec.cat\/segria\/recursos\/publicacions-digitals\/materials-didactics\/\" target=\"_blank\" rel=\"noopener noreferrer\">Espai de les publicacions digitals<\/a><\/p>\n<hr \/>\n<p><strong><img loading=\"lazy\" decoding=\"async\" class=\" wp-image-11729 alignleft\" src=\"https:\/\/serveiseducatius.xtec.cat\/segria\/wp-content\/uploads\/usu679\/2015\/11\/0b084fa6-3b8b-4f61-ab5e-d8baa8268131.png\" alt=\"\" width=\"22\" height=\"22\" \/> Acreditaci\u00f3 de perfils professionals <\/strong><\/p>\n<p><a href=\"https:\/\/serveiseducatius.xtec.cat\/segria\/acreditacio-perfils-professionals\/\" target=\"_blank\" rel=\"noopener noreferrer\">Infografia per a l&#8217;acreditaci\u00f3 de perfils professionals<\/a><\/p>\n","protected":false},"excerpt":{"rendered":"<p>Formaci\u00f3 per a persones formadores Compet\u00e8ncies i desafiaments del personal formador Familiaritzaci\u00f3 amb les compet\u00e8ncies que faciliten la tasca de les persones formadores en processos de formaci\u00f3 en centres, assessoraments, acompanyaments i treball col\u00b7laboratiu. A c\u00e0rrec de M\u00e0rius Mart\u00ednez. \u00a0Professor de la Facultat d&#8217;Educaci\u00f3 i Vicerector de Relacions Internacionals de la Universitat Aut\u00f2noma de Barcelona [&hellip;]<\/p>\n","protected":false},"author":16,"featured_media":0,"comment_status":"closed","ping_status":"closed","sticky":false,"template":"","format":"standard","meta":{"_bbp_topic_count":0,"_bbp_reply_count":0,"_bbp_total_topic_count":0,"_bbp_total_reply_count":0,"_bbp_voice_count":0,"_bbp_anonymous_reply_count":0,"_bbp_topic_count_hidden":0,"_bbp_reply_count_hidden":0,"_bbp_forum_subforum_count":0,"site-sidebar-layout":"default","site-content-layout":"","ast-site-content-layout":"","site-content-style":"default","site-sidebar-style":"default","ast-global-header-display":"","ast-banner-title-visibility":"","ast-main-header-display":"","ast-hfb-above-header-display":"","ast-hfb-below-header-display":"","ast-hfb-mobile-header-display":"","site-post-title":"","ast-breadcrumbs-content":"","ast-featured-img":"","footer-sml-layout":"","theme-transparent-header-meta":"","adv-header-id-meta":"","stick-header-meta":"","header-above-stick-meta":"","header-main-stick-meta":"","header-below-stick-meta":"","astra-migrate-meta-layouts":"default","ast-page-background-enabled":"default","ast-page-background-meta":{"desktop":{"background-color":"var(--ast-global-color-4)","background-image":"","background-repeat":"repeat","background-position":"center center","background-size":"auto","background-attachment":"scroll","background-type":"","background-media":"","overlay-type":"","overlay-color":"","overlay-opacity":"","overlay-gradient":""},"tablet":{"background-color":"","background-image":"","background-repeat":"repeat","background-position":"center center","background-size":"auto","background-attachment":"scroll","background-type":"","background-media":"","overlay-type":"","overlay-color":"","overlay-opacity":"","overlay-gradient":""},"mobile":{"background-color":"","background-image":"","background-repeat":"repeat","background-position":"center center","background-size":"auto","background-attachment":"scroll","background-type":"","background-media":"","overlay-type":"","overlay-color":"","overlay-opacity":"","overlay-gradient":""}},"ast-content-background-meta":{"desktop":{"background-color":"var(--ast-global-color-5)","background-image":"","background-repeat":"repeat","background-position":"center center","background-size":"auto","background-attachment":"scroll","background-type":"","background-media":"","overlay-type":"","overlay-color":"","overlay-opacity":"","overlay-gradient":""},"tablet":{"background-color":"var(--ast-global-color-5)","background-image":"","background-repeat":"repeat","background-position":"center center","background-size":"auto","background-attachment":"scroll","background-type":"","background-media":"","overlay-type":"","overlay-color":"","overlay-opacity":"","overlay-gradient":""},"mobile":{"background-color":"var(--ast-global-color-5)","background-image":"","background-repeat":"repeat","background-position":"center center","background-size":"auto","background-attachment":"scroll","background-type":"","background-media":"","overlay-type":"","overlay-color":"","overlay-opacity":"","overlay-gradient":""}},"footnotes":""},"categories":[1],"tags":[546],"class_list":["post-13707","post","type-post","status-publish","format-standard","hentry","category-general","tag-cord_sem"],"post_mailing_queue_ids":[],"_links":{"self":[{"href":"https:\/\/serveiseducatius.xtec.cat\/segria\/wp-json\/wp\/v2\/posts\/13707","targetHints":{"allow":["GET"]}}],"collection":[{"href":"https:\/\/serveiseducatius.xtec.cat\/segria\/wp-json\/wp\/v2\/posts"}],"about":[{"href":"https:\/\/serveiseducatius.xtec.cat\/segria\/wp-json\/wp\/v2\/types\/post"}],"author":[{"embeddable":true,"href":"https:\/\/serveiseducatius.xtec.cat\/segria\/wp-json\/wp\/v2\/users\/16"}],"replies":[{"embeddable":true,"href":"https:\/\/serveiseducatius.xtec.cat\/segria\/wp-json\/wp\/v2\/comments?post=13707"}],"version-history":[{"count":4,"href":"https:\/\/serveiseducatius.xtec.cat\/segria\/wp-json\/wp\/v2\/posts\/13707\/revisions"}],"predecessor-version":[{"id":15039,"href":"https:\/\/serveiseducatius.xtec.cat\/segria\/wp-json\/wp\/v2\/posts\/13707\/revisions\/15039"}],"wp:attachment":[{"href":"https:\/\/serveiseducatius.xtec.cat\/segria\/wp-json\/wp\/v2\/media?parent=13707"}],"wp:term":[{"taxonomy":"category","embeddable":true,"href":"https:\/\/serveiseducatius.xtec.cat\/segria\/wp-json\/wp\/v2\/categories?post=13707"},{"taxonomy":"post_tag","embeddable":true,"href":"https:\/\/serveiseducatius.xtec.cat\/segria\/wp-json\/wp\/v2\/tags?post=13707"}],"curies":[{"name":"wp","href":"https:\/\/api.w.org\/{rel}","templated":true}]}}