{"id":13131,"date":"2021-04-13T18:41:39","date_gmt":"2021-04-13T17:41:39","guid":{"rendered":"https:\/\/serveiseducatius.xtec.cat\/segria\/?p=13131"},"modified":"2026-04-15T09:24:04","modified_gmt":"2026-04-15T07:24:04","slug":"exposicio-la-deportacio-femenina-dones-de-ponent-als-camps-nazis","status":"publish","type":"post","link":"https:\/\/serveiseducatius.xtec.cat\/segria\/recursos\/exposicio-la-deportacio-femenina-dones-de-ponent-als-camps-nazis\/","title":{"rendered":"Exposici\u00f3 &#8220;La deportaci\u00f3 femenina. Dones de Ponent als camps nazis&#8221;."},"content":{"rendered":"<p dir=\"ltr\">L\u2019exposici\u00f3 que us presentem a continuaci\u00f3 \u00e9s el resultat de la feina col\u00b7lectiva que des del 2017 portem a terme diversos instituts del Segri\u00e0 agrupats en el <a href=\"https:\/\/serveiseducatius.xtec.cat\/segria\/jornada-de-memoria-historica-holocaust\/\" target=\"_blank\" rel=\"noopener noreferrer\"><strong>grup de treball \u201cDEMD \u2013 Lleida\u201d<\/strong><\/a>. Format per professorat de secund\u00e0ria, i amb el suport del Memorial Democr\u00e0tic i del CRP del Segri\u00e0, treballem la tem\u00e0tica de <strong>l\u2019exili republic\u00e0, la deportaci\u00f3 i l\u2019Holocaust<\/strong>, per tal de fer mem\u00f2ria d&#8217;aquests fets i evitar que caiguin en l\u2019oblit.<\/p>\n<p dir=\"ltr\">Amb aquesta exposici\u00f3, que ha estat subvencionada a partir de la dotaci\u00f3 econ\u00f2mica rebuda del Fons del Pacte de l&#8217;Estat contra la Viol\u00e8ncia de g\u00e8nere, podreu resseguir les vides de <strong>dones de les Terres de Ponent que van patir la deportaci\u00f3<\/strong>; vides marcades per l\u2019exili a Fran\u00e7a, la lluita contra els nazis a la Resist\u00e8ncia i el viatge a l\u2019infern que fou la seva estada als camps de concentraci\u00f3. L&#8217;exposici\u00f3 ha comptat amb la col\u00b7laboraci\u00f3 de M\u00edriam Roma, que va investigar les traject\u00f2ries d\u2019aquestes dones en el seu treball de final de M\u00e0ster. Actualment el grup DEMD est\u00e0 treballant en l\u2019elaboraci\u00f3 de la<strong>\u00a0guia did\u00e0ctica que acompanyar\u00e0 els plafons<\/strong>, una guia que aprofundir\u00e0 en alguns dels aspectes que veureu a l\u2019exposici\u00f3 i pensada en un format escolar per poder treballar amb l\u2019alumnat de 4t d\u2019ESO i Batxillerat.<\/p>\n<p class=\"CDt4Ke zfr3Q\" dir=\"ltr\">Els <strong>13 plafons -de 70&#215;50 cm-<\/strong> que configuren l&#8217;exposici\u00f3 es distribueixen de la seg\u00fcent manera:<\/p>\n<ul class=\"n8H08c UVNKR\">\n<li class=\"TYR86d wXCUfe zfr3Q\" dir=\"ltr\">\n<p class=\"CDt4Ke zfr3Q\" dir=\"ltr\">Presentaci\u00f3 de l\u2019exposici\u00f3<\/p>\n<\/li>\n<li class=\"TYR86d wXCUfe zfr3Q\" dir=\"ltr\">\n<p class=\"CDt4Ke zfr3Q\" dir=\"ltr\">Les dones en l\u2019exili republic\u00e0<\/p>\n<\/li>\n<li class=\"TYR86d wXCUfe zfr3Q\" dir=\"ltr\">\n<p class=\"CDt4Ke zfr3Q\" dir=\"ltr\">Les dones als camps nazis<\/p>\n<\/li>\n<li class=\"TYR86d wXCUfe zfr3Q\" dir=\"ltr\">\n<p class=\"CDt4Ke zfr3Q\" dir=\"ltr\">El camp de concentraci\u00f3 de Ravensbr\u00fcck<\/p>\n<\/li>\n<li class=\"TYR86d wXCUfe zfr3Q\" dir=\"ltr\">\n<p class=\"CDt4Ke zfr3Q\" dir=\"ltr\">Les biografies de: Dolors Casadell\u00e0 Puig, Maria Castell\u00f3 Ibarz, Generosa Cortina Roig, Felicitat Gasa Nadal, Conxita Grang\u00e9 Beleta, Elvira Ibarz Ibarz, Maria i Pepita Maranges Bober i Coloma Ser\u00f3 Costa.<\/p>\n<\/li>\n<li class=\"TYR86d wXCUfe zfr3Q\" dir=\"ltr\">\n<p class=\"CDt4Ke zfr3Q\" dir=\"ltr\">Conservem la mem\u00f2ria femenina<\/p>\n<\/li>\n<\/ul>\n<p><strong>Clicant sobre la imatge podreu visualitzar l&#8217;exposici\u00f3 completa en format PDF<\/strong>:<\/p>\n<p><a href=\"https:\/\/drive.google.com\/file\/d\/110FazdWeo6tWfI7tIzjef4JeoYXt0GFR\/view?usp=sharing\" target=\"_blank\" rel=\"noopener noreferrer\"><img loading=\"lazy\" decoding=\"async\" class=\"aligncenter wp-image-12917 size-full\" src=\"https:\/\/serveiseducatius.xtec.cat\/segria\/wp-content\/uploads\/usu679\/2021\/03\/3535.jpg\" sizes=\"auto, (max-width: 624px) 100vw, 624px\" srcset=\"https:\/\/serveiseducatius.xtec.cat\/segria\/wp-content\/uploads\/usu679\/2021\/03\/3535.jpg 624w, https:\/\/serveiseducatius.xtec.cat\/segria\/wp-content\/uploads\/usu679\/2021\/03\/3535-215x300.jpg 215w\" alt=\"\" width=\"624\" height=\"870\" \/><\/a><\/p>\n<p><strong>L&#8217;exposici\u00f3 va acompanyada d&#8217;una guia did\u00e0ctica<\/strong>, amb un ventall heterogeni d\u2019activitats que en permet una aplicaci\u00f3 flexible, des del punt de vista tant de les necessitats i caracter\u00edstiques del centre com de les necessitats concretes d\u2019un alumnat divers. En aquest sentit, el professorat pot adaptar la proposta did\u00e0ctica i pot incidir en aquelles tasques que consideri m\u00e9s rellevants en funci\u00f3 dels sabers treballats a l\u2019aula. <strong>La trobareu en aquest<\/strong> <a href=\"https:\/\/drive.google.com\/file\/d\/1nlwS8GacoMk9vxi9tUkpsUanbakuGDER\/view\" target=\"_blank\" rel=\"noopener\">ENLLA\u00c7<\/a><\/p>\n<h5><a href=\"https:\/\/serveiseducatius.xtec.cat\/segria\/wp-content\/uploads\/usu679\/2020\/03\/1f5d3.png\"><img loading=\"lazy\" decoding=\"async\" class=\"alignleft wp-image-10084\" src=\"https:\/\/serveiseducatius.xtec.cat\/segria\/wp-content\/uploads\/usu679\/2020\/03\/1f5d3.png\" alt=\"\" width=\"40\" height=\"40\" \/><\/a><span style=\"color: #999999;\">Disponibilitat Exposici\u00f3 La Deportaci\u00f3 Femenina<\/span><\/h5>\n<p>Reservada pel Col\u00b7legi el Carme del 2 d&#8217;octubre al 5 de novembre de 2025<\/p>\n<p>Reservada per l&#8217;INS Josep Vallverd\u00fa (Les Borges Blanques) de l&#8217;1 de mar\u00e7 al 24 d&#8217;abril de 2026<\/p>\n","protected":false},"excerpt":{"rendered":"<p>L\u2019exposici\u00f3 que us presentem a continuaci\u00f3 \u00e9s el resultat de la feina col\u00b7lectiva que des del 2017 portem a terme diversos instituts del Segri\u00e0 agrupats en el grup de treball \u201cDEMD \u2013 Lleida\u201d. Format per professorat de secund\u00e0ria, i amb el suport del Memorial Democr\u00e0tic i del CRP del Segri\u00e0, treballem la tem\u00e0tica de l\u2019exili [&hellip;]<\/p>\n","protected":false},"author":7,"featured_media":0,"comment_status":"closed","ping_status":"closed","sticky":false,"template":"","format":"standard","meta":{"_bbp_topic_count":0,"_bbp_reply_count":0,"_bbp_total_topic_count":0,"_bbp_total_reply_count":0,"_bbp_voice_count":0,"_bbp_anonymous_reply_count":0,"_bbp_topic_count_hidden":0,"_bbp_reply_count_hidden":0,"_bbp_forum_subforum_count":0,"site-sidebar-layout":"default","site-content-layout":"","ast-site-content-layout":"default","site-content-style":"default","site-sidebar-style":"default","ast-global-header-display":"","ast-banner-title-visibility":"","ast-main-header-display":"","ast-hfb-above-header-display":"","ast-hfb-below-header-display":"","ast-hfb-mobile-header-display":"","site-post-title":"","ast-breadcrumbs-content":"","ast-featured-img":"","footer-sml-layout":"","theme-transparent-header-meta":"","adv-header-id-meta":"","stick-header-meta":"","header-above-stick-meta":"","header-main-stick-meta":"","header-below-stick-meta":"","astra-migrate-meta-layouts":"set","ast-page-background-enabled":"default","ast-page-background-meta":{"desktop":{"background-color":"var(--ast-global-color-4)","background-image":"","background-repeat":"repeat","background-position":"center center","background-size":"auto","background-attachment":"scroll","background-type":"","background-media":"","overlay-type":"","overlay-color":"","overlay-opacity":"","overlay-gradient":""},"tablet":{"background-color":"","background-image":"","background-repeat":"repeat","background-position":"center center","background-size":"auto","background-attachment":"scroll","background-type":"","background-media":"","overlay-type":"","overlay-color":"","overlay-opacity":"","overlay-gradient":""},"mobile":{"background-color":"","background-image":"","background-repeat":"repeat","background-position":"center center","background-size":"auto","background-attachment":"scroll","background-type":"","background-media":"","overlay-type":"","overlay-color":"","overlay-opacity":"","overlay-gradient":""}},"ast-content-background-meta":{"desktop":{"background-color":"var(--ast-global-color-5)","background-image":"","background-repeat":"repeat","background-position":"center center","background-size":"auto","background-attachment":"scroll","background-type":"","background-media":"","overlay-type":"","overlay-color":"","overlay-opacity":"","overlay-gradient":""},"tablet":{"background-color":"var(--ast-global-color-5)","background-image":"","background-repeat":"repeat","background-position":"center center","background-size":"auto","background-attachment":"scroll","background-type":"","background-media":"","overlay-type":"","overlay-color":"","overlay-opacity":"","overlay-gradient":""},"mobile":{"background-color":"var(--ast-global-color-5)","background-image":"","background-repeat":"repeat","background-position":"center center","background-size":"auto","background-attachment":"scroll","background-type":"","background-media":"","overlay-type":"","overlay-color":"","overlay-opacity":"","overlay-gradient":""}},"footnotes":""},"categories":[508,295,76],"tags":[640,641,643,644,507,496,642,291],"class_list":["post-13131","post","type-post","status-publish","format-standard","hentry","category-demd","category-exposicions","category-recursos","tag-deportacio-femenina","tag-dones-deportades","tag-exposicio","tag-grup-demd","tag-historia-de-les-dones","tag-holocaust","tag-ponent","tag-prestec"],"post_mailing_queue_ids":[],"_links":{"self":[{"href":"https:\/\/serveiseducatius.xtec.cat\/segria\/wp-json\/wp\/v2\/posts\/13131","targetHints":{"allow":["GET"]}}],"collection":[{"href":"https:\/\/serveiseducatius.xtec.cat\/segria\/wp-json\/wp\/v2\/posts"}],"about":[{"href":"https:\/\/serveiseducatius.xtec.cat\/segria\/wp-json\/wp\/v2\/types\/post"}],"author":[{"embeddable":true,"href":"https:\/\/serveiseducatius.xtec.cat\/segria\/wp-json\/wp\/v2\/users\/7"}],"replies":[{"embeddable":true,"href":"https:\/\/serveiseducatius.xtec.cat\/segria\/wp-json\/wp\/v2\/comments?post=13131"}],"version-history":[{"count":6,"href":"https:\/\/serveiseducatius.xtec.cat\/segria\/wp-json\/wp\/v2\/posts\/13131\/revisions"}],"predecessor-version":[{"id":27843,"href":"https:\/\/serveiseducatius.xtec.cat\/segria\/wp-json\/wp\/v2\/posts\/13131\/revisions\/27843"}],"wp:attachment":[{"href":"https:\/\/serveiseducatius.xtec.cat\/segria\/wp-json\/wp\/v2\/media?parent=13131"}],"wp:term":[{"taxonomy":"category","embeddable":true,"href":"https:\/\/serveiseducatius.xtec.cat\/segria\/wp-json\/wp\/v2\/categories?post=13131"},{"taxonomy":"post_tag","embeddable":true,"href":"https:\/\/serveiseducatius.xtec.cat\/segria\/wp-json\/wp\/v2\/tags?post=13131"}],"curies":[{"name":"wp","href":"https:\/\/api.w.org\/{rel}","templated":true}]}}