{"id":12923,"date":"2021-04-07T07:43:20","date_gmt":"2021-04-07T06:43:20","guid":{"rendered":"https:\/\/serveiseducatius.xtec.cat\/segria\/?p=12923"},"modified":"2021-04-07T07:48:23","modified_gmt":"2021-04-07T06:48:23","slug":"jornada-pedagogica-joan-perucho","status":"publish","type":"post","link":"https:\/\/serveiseducatius.xtec.cat\/segria\/portada\/jornada-pedagogica-joan-perucho\/","title":{"rendered":"Jornada Pedag\u00f2gica Joan Perucho"},"content":{"rendered":"<p><a href=\"https:\/\/serveiseducatius.xtec.cat\/segria\/wp-content\/uploads\/usu679\/2021\/04\/Perucho.jpg\"><img loading=\"lazy\" decoding=\"async\" class=\"alignleft wp-image-12924 \" src=\"https:\/\/serveiseducatius.xtec.cat\/segria\/wp-content\/uploads\/usu679\/2021\/04\/Perucho.jpg\" alt=\"\" width=\"242\" height=\"242\" srcset=\"https:\/\/serveiseducatius.xtec.cat\/segria\/wp-content\/uploads\/usu679\/2021\/04\/Perucho.jpg 300w, https:\/\/serveiseducatius.xtec.cat\/segria\/wp-content\/uploads\/usu679\/2021\/04\/Perucho-150x150.jpg 150w\" sizes=\"auto, (max-width: 242px) 100vw, 242px\" \/><\/a>Amb motiu de la commemoraci\u00f3 de l\u2019Any Joan Perucho, el curs passat el Departament d\u2019Educaci\u00f3 tenia previst celebrar la Jornada Pedag\u00f2gica Joan Perucho, que s\u2019ha hagut d\u2019ajornar fins aquesta primavera a causa de la pand\u00e8mia.<\/p>\n<p>Finalment, doncs, aquesta jornada commemorativa tindr\u00e0 lloc el proper 16 d\u2019abril de 2021 de 17 a 20h del vespre de manera telem\u00e0tica. Constar\u00e0 d\u2019una pon\u00e8ncia marc a c\u00e0rrec de Juli\u00e0 Guillamon, comissari de l\u2019Any Joan Perucho, la presentaci\u00f3 d\u2019experi\u00e8ncies de centres i de materials did\u00e0ctics elaborats per a la commemoraci\u00f3, i d\u2019una cloenda liter\u00e0ria: l\u2019espectacle de Carles Belda \u201cEl roman\u00e7 de les hist\u00f2ries naturals\u201d.<\/p>\n<p><strong><a href=\"https:\/\/serveiseducatius.xtec.cat\/segria\/wp-content\/uploads\/usu679\/2020\/10\/1f517-1.png\"><img loading=\"lazy\" decoding=\"async\" class=\"wp-image-9324 alignleft\" src=\"https:\/\/serveiseducatius.xtec.cat\/segria\/wp-content\/uploads\/usu679\/2020\/10\/1f517-1.png\" alt=\"\" width=\"20\" height=\"20\" \/><\/a><a href=\"https:\/\/aplicacions.gestioeducativa.gencat.cat\/pls\/soloas\/pk_for_mod_ins.p_for_detall_activitat?p_codi=9001470555&amp;p_curs=2020-2021&amp;p_es_inscr=S\" target=\"_blank\" rel=\"noopener noreferrer\" data-saferedirecturl=\"https:\/\/www.google.com\/url?q=https:\/\/aplicacions.gestioeducativa.gencat.cat\/pls\/soloas\/pk_for_mod_ins.p_for_detall_activitat?p_codi%3D9001470555%26p_curs%3D2020-2021%26p_es_inscr%3DS&amp;source=gmail&amp;ust=1616579850157000&amp;usg=AFQjCNEyiz-_JtwwiEwT_PmNSDJj8MNlQw\">Enlla\u00e7 a la inscripci\u00f3<\/a>.<\/strong><\/p>\n","protected":false},"excerpt":{"rendered":"<p>Amb motiu de la commemoraci\u00f3 de l\u2019Any Joan Perucho, el curs passat el Departament d\u2019Educaci\u00f3 tenia previst celebrar la Jornada Pedag\u00f2gica Joan Perucho, que s\u2019ha hagut d\u2019ajornar fins aquesta primavera a causa de la pand\u00e8mia. Finalment, doncs, aquesta jornada commemorativa tindr\u00e0 lloc el proper 16 d\u2019abril de 2021 de 17 a 20h del vespre de [&hellip;]<\/p>\n","protected":false},"author":5,"featured_media":12924,"comment_status":"closed","ping_status":"closed","sticky":false,"template":"","format":"standard","meta":{"_bbp_topic_count":0,"_bbp_reply_count":0,"_bbp_total_topic_count":0,"_bbp_total_reply_count":0,"_bbp_voice_count":0,"_bbp_anonymous_reply_count":0,"_bbp_topic_count_hidden":0,"_bbp_reply_count_hidden":0,"_bbp_forum_subforum_count":0,"site-sidebar-layout":"default","site-content-layout":"","ast-site-content-layout":"","site-content-style":"default","site-sidebar-style":"default","ast-global-header-display":"","ast-banner-title-visibility":"","ast-main-header-display":"","ast-hfb-above-header-display":"","ast-hfb-below-header-display":"","ast-hfb-mobile-header-display":"","site-post-title":"","ast-breadcrumbs-content":"","ast-featured-img":"","footer-sml-layout":"","theme-transparent-header-meta":"","adv-header-id-meta":"","stick-header-meta":"","header-above-stick-meta":"","header-main-stick-meta":"","header-below-stick-meta":"","astra-migrate-meta-layouts":"default","ast-page-background-enabled":"default","ast-page-background-meta":{"desktop":{"background-color":"var(--ast-global-color-4)","background-image":"","background-repeat":"repeat","background-position":"center center","background-size":"auto","background-attachment":"scroll","background-type":"","background-media":"","overlay-type":"","overlay-color":"","overlay-opacity":"","overlay-gradient":""},"tablet":{"background-color":"","background-image":"","background-repeat":"repeat","background-position":"center center","background-size":"auto","background-attachment":"scroll","background-type":"","background-media":"","overlay-type":"","overlay-color":"","overlay-opacity":"","overlay-gradient":""},"mobile":{"background-color":"","background-image":"","background-repeat":"repeat","background-position":"center center","background-size":"auto","background-attachment":"scroll","background-type":"","background-media":"","overlay-type":"","overlay-color":"","overlay-opacity":"","overlay-gradient":""}},"ast-content-background-meta":{"desktop":{"background-color":"var(--ast-global-color-5)","background-image":"","background-repeat":"repeat","background-position":"center center","background-size":"auto","background-attachment":"scroll","background-type":"","background-media":"","overlay-type":"","overlay-color":"","overlay-opacity":"","overlay-gradient":""},"tablet":{"background-color":"var(--ast-global-color-5)","background-image":"","background-repeat":"repeat","background-position":"center center","background-size":"auto","background-attachment":"scroll","background-type":"","background-media":"","overlay-type":"","overlay-color":"","overlay-opacity":"","overlay-gradient":""},"mobile":{"background-color":"var(--ast-global-color-5)","background-image":"","background-repeat":"repeat","background-position":"center center","background-size":"auto","background-attachment":"scroll","background-type":"","background-media":"","overlay-type":"","overlay-color":"","overlay-opacity":"","overlay-gradient":""}},"footnotes":""},"categories":[68,489,29],"tags":[360,236,515],"class_list":["post-12923","post","type-post","status-publish","format-standard","has-post-thumbnail","hentry","category-elic","category-jornada","category-portada","tag-catala","tag-llengua-catalana","tag-perucho"],"post_mailing_queue_ids":[],"_links":{"self":[{"href":"https:\/\/serveiseducatius.xtec.cat\/segria\/wp-json\/wp\/v2\/posts\/12923","targetHints":{"allow":["GET"]}}],"collection":[{"href":"https:\/\/serveiseducatius.xtec.cat\/segria\/wp-json\/wp\/v2\/posts"}],"about":[{"href":"https:\/\/serveiseducatius.xtec.cat\/segria\/wp-json\/wp\/v2\/types\/post"}],"author":[{"embeddable":true,"href":"https:\/\/serveiseducatius.xtec.cat\/segria\/wp-json\/wp\/v2\/users\/5"}],"replies":[{"embeddable":true,"href":"https:\/\/serveiseducatius.xtec.cat\/segria\/wp-json\/wp\/v2\/comments?post=12923"}],"version-history":[{"count":1,"href":"https:\/\/serveiseducatius.xtec.cat\/segria\/wp-json\/wp\/v2\/posts\/12923\/revisions"}],"predecessor-version":[{"id":12925,"href":"https:\/\/serveiseducatius.xtec.cat\/segria\/wp-json\/wp\/v2\/posts\/12923\/revisions\/12925"}],"wp:featuredmedia":[{"embeddable":true,"href":"https:\/\/serveiseducatius.xtec.cat\/segria\/wp-json\/wp\/v2\/media\/12924"}],"wp:attachment":[{"href":"https:\/\/serveiseducatius.xtec.cat\/segria\/wp-json\/wp\/v2\/media?parent=12923"}],"wp:term":[{"taxonomy":"category","embeddable":true,"href":"https:\/\/serveiseducatius.xtec.cat\/segria\/wp-json\/wp\/v2\/categories?post=12923"},{"taxonomy":"post_tag","embeddable":true,"href":"https:\/\/serveiseducatius.xtec.cat\/segria\/wp-json\/wp\/v2\/tags?post=12923"}],"curies":[{"name":"wp","href":"https:\/\/api.w.org\/{rel}","templated":true}]}}