{"id":12594,"date":"2021-02-02T14:16:41","date_gmt":"2021-02-02T13:16:41","guid":{"rendered":"https:\/\/serveiseducatius.xtec.cat\/segria\/?p=12594"},"modified":"2023-06-22T11:35:03","modified_gmt":"2023-06-22T09:35:03","slug":"llegir-per-aprendre-fes-festa-rituals-cultures-i-religions-cs-eso","status":"publish","type":"post","link":"https:\/\/serveiseducatius.xtec.cat\/segria\/recursos\/llegir-per-aprendre-fes-festa-rituals-cultures-i-religions-cs-eso\/","title":{"rendered":"Llegir per APRENDRE \u2013 Fes festa! Rituals, cultures i religions \u2013 CS-ESO"},"content":{"rendered":"<h5><span style=\"color: #999999;\"><strong><a href=\"https:\/\/serveiseducatius.xtec.cat\/segria\/wp-content\/uploads\/usu679\/2021\/03\/IMG_8086.jpg\"><img loading=\"lazy\" decoding=\"async\" class=\"wp-image-12595 alignleft\" src=\"https:\/\/serveiseducatius.xtec.cat\/segria\/wp-content\/uploads\/usu679\/2021\/03\/IMG_8086.jpg\" alt=\"\" width=\"445\" height=\"334\" srcset=\"https:\/\/serveiseducatius.xtec.cat\/segria\/wp-content\/uploads\/usu679\/2021\/03\/IMG_8086.jpg 640w, https:\/\/serveiseducatius.xtec.cat\/segria\/wp-content\/uploads\/usu679\/2021\/03\/IMG_8086-300x225.jpg 300w, https:\/\/serveiseducatius.xtec.cat\/segria\/wp-content\/uploads\/usu679\/2021\/03\/IMG_8086-200x150.jpg 200w\" sizes=\"auto, (max-width: 445px) 100vw, 445px\" \/><\/a><\/strong><\/span><\/h5>\n<h5><span style=\"color: #999999;\"><strong>Descripci\u00f3<\/strong><\/span><\/h5>\n<p>Maleta de lectura on trobareu <strong>lot de llibres i guia did\u00e0ctica <\/strong><span style=\"font-weight: 400;\">que t\u00e9 l\u2019objectiu de treballar amb l\u2019alumnat de cicle superior i d&#8217;educaci\u00f3 secund\u00e0ria el gust per aprendre contribuint a fer comprensibles, de manera f\u00e0cil i senzilla, les principals tradicions religioses que conviuen a Catalunya<\/span>.<\/p>\n<p><a href=\"https:\/\/serveiseducatius.xtec.cat\/segria\/wp-content\/uploads\/usu679\/2020\/11\/pdficon.png\"><img loading=\"lazy\" decoding=\"async\" class=\"alignleft size-full wp-image-9530\" src=\"https:\/\/serveiseducatius.xtec.cat\/segria\/wp-content\/uploads\/usu679\/2020\/11\/pdficon.png\" alt=\"\" width=\"30\" height=\"30\" \/><\/a><a href=\"https:\/\/drive.google.com\/file\/d\/1FoUJMsn5mHnlz7dLT_bq6oh75u2Ck1eK\/view?usp=sharing\"><strong>PDF del contingut de la maleta<\/strong><\/a><\/p>\n<table class=\" alignright\" width=\"440\" cellspacing=\"0\" cellpadding=\"0\">\n<tbody>\n<tr>\n<td><a href=\"https:\/\/serveiseducatius.xtec.cat\/segria\/wp-content\/uploads\/usu679\/2021\/03\/Aprendre-ESO.png\"><img loading=\"lazy\" decoding=\"async\" class=\"alignnone wp-image-12450\" src=\"https:\/\/serveiseducatius.xtec.cat\/segria\/wp-content\/uploads\/usu679\/2021\/03\/Aprendre-ESO.png\" alt=\"\" width=\"106\" height=\"71\" srcset=\"https:\/\/serveiseducatius.xtec.cat\/segria\/wp-content\/uploads\/usu679\/2021\/03\/Aprendre-ESO.png 323w, https:\/\/serveiseducatius.xtec.cat\/segria\/wp-content\/uploads\/usu679\/2021\/03\/Aprendre-ESO-300x200.png 300w\" sizes=\"auto, (max-width: 106px) 100vw, 106px\" \/><\/a><\/td>\n<td>\n<h4><strong>Maleta n\u00fam. 71<\/strong><\/h4>\n<\/td>\n<\/tr>\n<\/tbody>\n<\/table>\n<p><strong>26 exemplars<\/strong> de <strong><em>Fes festa! Rituals, cultures i religions<\/em> i 1 guia did\u00e0ctica<\/strong><\/p>\n<h3><\/h3>\n<h3><\/h3>\n<p>&nbsp;<\/p>\n<hr \/>\n<h5><a href=\"https:\/\/serveiseducatius.xtec.cat\/segria\/wp-content\/uploads\/usu679\/2020\/03\/1f5d3.png\"><img loading=\"lazy\" decoding=\"async\" class=\"alignleft wp-image-10084\" src=\"https:\/\/serveiseducatius.xtec.cat\/segria\/wp-content\/uploads\/usu679\/2020\/03\/1f5d3.png\" alt=\"\" width=\"40\" height=\"40\" \/><\/a><span style=\"color: #999999;\"><strong>Disponibilitat Maleta CS-ESO<\/strong><\/span><\/h5>\n<p>Disponible<\/p>\n","protected":false},"excerpt":{"rendered":"<p>Descripci\u00f3 Maleta de lectura on trobareu lot de llibres i guia did\u00e0ctica que t\u00e9 l\u2019objectiu de treballar amb l\u2019alumnat de cicle superior i d&#8217;educaci\u00f3 secund\u00e0ria el gust per aprendre contribuint a fer comprensibles, de manera f\u00e0cil i senzilla, les principals tradicions religioses que conviuen a Catalunya. PDF del contingut de la maleta Maleta n\u00fam. 71 [&hellip;]<\/p>\n","protected":false},"author":14,"featured_media":12595,"comment_status":"closed","ping_status":"closed","sticky":false,"template":"","format":"standard","meta":{"_bbp_topic_count":0,"_bbp_reply_count":0,"_bbp_total_topic_count":0,"_bbp_total_reply_count":0,"_bbp_voice_count":0,"_bbp_anonymous_reply_count":0,"_bbp_topic_count_hidden":0,"_bbp_reply_count_hidden":0,"_bbp_forum_subforum_count":0,"site-sidebar-layout":"default","site-content-layout":"","ast-site-content-layout":"","site-content-style":"default","site-sidebar-style":"default","ast-global-header-display":"","ast-banner-title-visibility":"","ast-main-header-display":"","ast-hfb-above-header-display":"","ast-hfb-below-header-display":"","ast-hfb-mobile-header-display":"","site-post-title":"","ast-breadcrumbs-content":"","ast-featured-img":"","footer-sml-layout":"","theme-transparent-header-meta":"","adv-header-id-meta":"","stick-header-meta":"","header-above-stick-meta":"","header-main-stick-meta":"","header-below-stick-meta":"","astra-migrate-meta-layouts":"default","ast-page-background-enabled":"default","ast-page-background-meta":{"desktop":{"background-color":"var(--ast-global-color-4)","background-image":"","background-repeat":"repeat","background-position":"center center","background-size":"auto","background-attachment":"scroll","background-type":"","background-media":"","overlay-type":"","overlay-color":"","overlay-opacity":"","overlay-gradient":""},"tablet":{"background-color":"","background-image":"","background-repeat":"repeat","background-position":"center center","background-size":"auto","background-attachment":"scroll","background-type":"","background-media":"","overlay-type":"","overlay-color":"","overlay-opacity":"","overlay-gradient":""},"mobile":{"background-color":"","background-image":"","background-repeat":"repeat","background-position":"center center","background-size":"auto","background-attachment":"scroll","background-type":"","background-media":"","overlay-type":"","overlay-color":"","overlay-opacity":"","overlay-gradient":""}},"ast-content-background-meta":{"desktop":{"background-color":"var(--ast-global-color-5)","background-image":"","background-repeat":"repeat","background-position":"center center","background-size":"auto","background-attachment":"scroll","background-type":"","background-media":"","overlay-type":"","overlay-color":"","overlay-opacity":"","overlay-gradient":""},"tablet":{"background-color":"var(--ast-global-color-5)","background-image":"","background-repeat":"repeat","background-position":"center center","background-size":"auto","background-attachment":"scroll","background-type":"","background-media":"","overlay-type":"","overlay-color":"","overlay-opacity":"","overlay-gradient":""},"mobile":{"background-color":"var(--ast-global-color-5)","background-image":"","background-repeat":"repeat","background-position":"center center","background-size":"auto","background-attachment":"scroll","background-type":"","background-media":"","overlay-type":"","overlay-color":"","overlay-opacity":"","overlay-gradient":""}},"footnotes":""},"categories":[449,456,502,292,76],"tags":[424,506,425,100,416,291],"class_list":["post-12594","post","type-post","status-publish","format-standard","has-post-thumbnail","hentry","category-aprendrecs","category-aprendreeso","category-aprendreinternivells","category-maletes-de-lectura","category-recursos","tag-cicle-superior","tag-crp-maletapedagogica","tag-eso","tag-lectura","tag-llegirperaprendre","tag-prestec"],"post_mailing_queue_ids":[],"_links":{"self":[{"href":"https:\/\/serveiseducatius.xtec.cat\/segria\/wp-json\/wp\/v2\/posts\/12594","targetHints":{"allow":["GET"]}}],"collection":[{"href":"https:\/\/serveiseducatius.xtec.cat\/segria\/wp-json\/wp\/v2\/posts"}],"about":[{"href":"https:\/\/serveiseducatius.xtec.cat\/segria\/wp-json\/wp\/v2\/types\/post"}],"author":[{"embeddable":true,"href":"https:\/\/serveiseducatius.xtec.cat\/segria\/wp-json\/wp\/v2\/users\/14"}],"replies":[{"embeddable":true,"href":"https:\/\/serveiseducatius.xtec.cat\/segria\/wp-json\/wp\/v2\/comments?post=12594"}],"version-history":[{"count":4,"href":"https:\/\/serveiseducatius.xtec.cat\/segria\/wp-json\/wp\/v2\/posts\/12594\/revisions"}],"predecessor-version":[{"id":20042,"href":"https:\/\/serveiseducatius.xtec.cat\/segria\/wp-json\/wp\/v2\/posts\/12594\/revisions\/20042"}],"wp:featuredmedia":[{"embeddable":true,"href":"https:\/\/serveiseducatius.xtec.cat\/segria\/wp-json\/wp\/v2\/media\/12595"}],"wp:attachment":[{"href":"https:\/\/serveiseducatius.xtec.cat\/segria\/wp-json\/wp\/v2\/media?parent=12594"}],"wp:term":[{"taxonomy":"category","embeddable":true,"href":"https:\/\/serveiseducatius.xtec.cat\/segria\/wp-json\/wp\/v2\/categories?post=12594"},{"taxonomy":"post_tag","embeddable":true,"href":"https:\/\/serveiseducatius.xtec.cat\/segria\/wp-json\/wp\/v2\/tags?post=12594"}],"curies":[{"name":"wp","href":"https:\/\/api.w.org\/{rel}","templated":true}]}}