{"id":12553,"date":"2021-03-20T22:34:11","date_gmt":"2021-03-20T21:34:11","guid":{"rendered":"https:\/\/serveiseducatius.xtec.cat\/segria\/?p=12553"},"modified":"2021-04-04T17:33:38","modified_gmt":"2021-04-04T16:33:38","slug":"la-deportacio-femenina-dones-de-ponent-als-camps-nazis","status":"publish","type":"post","link":"https:\/\/serveiseducatius.xtec.cat\/segria\/portada\/la-deportacio-femenina-dones-de-ponent-als-camps-nazis\/","title":{"rendered":"La deportaci\u00f3 femenina. Dones de Ponent als camps nazis"},"content":{"rendered":"<p>El 8 de mar\u00e7 s&#8217;ha convertit en un s\u00edmbol per a les dones dels cinc continents. Coincidint amb aquesta data, el grup de mem\u00f2ria hist\u00f2rica <a href=\"https:\/\/sites.google.com\/xtec.cat\/memoria-secundaria-lleida\/inici\">DEMD Lleida<\/a> presenta el seu treball sobre les dones de Ponent als camps nazis, un treball que ara es presenta en format virtual (PDF que podeu visualitzar clicant la imatge de sota), per\u00f2 que tindr\u00e0 l&#8217;acabat definitiu en forma d&#8217;exposici\u00f3, concretament <strong>13 plafons<\/strong> <strong>que seran cedits en pr\u00e9stec als centres educatius<\/strong> que ho sol\u00b7licitin.<\/p>\n<p class=\"CDt4Ke zfr3Q\" dir=\"ltr\">El curs 2019-2020, DEMD Lleida va dedicar el Dia Internacional en Mem\u00f2ria de les V\u00edctimes de l&#8217;Holocaust a recordar la figura de Neus Catal\u00e0 i Conxita Grang\u00e9. La recerca que es va fer per preparar la commemoraci\u00f3 fou el motiu principal que va impulsar els\/les components del grup a ampliar el record a les dones de Ponent que van ser v\u00edctimes dels camps nazis. D&#8217;aquest esfor\u00e7 conjunt neix l&#8217;exposici\u00f3 <strong>&#8220;La deportaci\u00f3 femenina. Dones de Ponent als camps nazis&#8221;.<\/strong><\/p>\n<p class=\"CDt4Ke zfr3Q\" dir=\"ltr\">Tota la informaci\u00f3 recollida es mostra en aquesta exposici\u00f3, que ha comptat amb la col\u00b7laboraci\u00f3 de M\u00edriam Roma, que va investigar les traject\u00f2ries d&#8217;aquestes dones en el seu treball de final de M\u00e0ster. Actualment el grup DEMD est\u00e0 treballant en l&#8217;elaboraci\u00f3 de la<strong> guia did\u00e0ctica que acompanyar\u00e0 els plafons<\/strong>, una guia que aprofundir\u00e0 en alguns dels aspectes que veureu a l&#8217;exposici\u00f3 i pensada en un format escolar per poder treballar amb l&#8217;alumnat de 4t d&#8217;ESO i Batxillerat.<\/p>\n<p class=\"CDt4Ke zfr3Q\" dir=\"ltr\">En aquesta exposici\u00f3 podreu trobar els seg\u00fcents continguts:<\/p>\n<ul class=\"n8H08c UVNKR\">\n<li class=\"TYR86d wXCUfe zfr3Q\" dir=\"ltr\">\n<p class=\"CDt4Ke zfr3Q\" dir=\"ltr\">Presentaci\u00f3 de l&#8217;exposici\u00f3<\/p>\n<\/li>\n<li class=\"TYR86d wXCUfe zfr3Q\" dir=\"ltr\">\n<p class=\"CDt4Ke zfr3Q\" dir=\"ltr\">Les dones en l&#8217;exili republic\u00e0<\/p>\n<\/li>\n<li class=\"TYR86d wXCUfe zfr3Q\" dir=\"ltr\">\n<p class=\"CDt4Ke zfr3Q\" dir=\"ltr\">Les dones als camps nazis<\/p>\n<\/li>\n<li class=\"TYR86d wXCUfe zfr3Q\" dir=\"ltr\">\n<p class=\"CDt4Ke zfr3Q\" dir=\"ltr\">El camp de concentraci\u00f3 de Ravensbr\u00fcck<\/p>\n<\/li>\n<li class=\"TYR86d wXCUfe zfr3Q\" dir=\"ltr\">\n<p class=\"CDt4Ke zfr3Q\" dir=\"ltr\">Les biografies de: Dolors Casadell\u00e0 Puig, Maria Castell\u00f3 Ibarz, Generosa Cortina Roig, Felicitat Gasa Nadal, Conxita Grang\u00e9 Beleta, Elvira Ibarz Ibarz, Maria i Pepita Maranges Bober i Coloma Ser\u00f3 Costa.<\/p>\n<\/li>\n<li class=\"TYR86d wXCUfe zfr3Q\" dir=\"ltr\">\n<p class=\"CDt4Ke zfr3Q\" dir=\"ltr\">Conservem la mem\u00f2ria femenina<\/p>\n<\/li>\n<\/ul>\n<p><a href=\"https:\/\/drive.google.com\/file\/d\/110FazdWeo6tWfI7tIzjef4JeoYXt0GFR\/view?usp=sharing\" target=\"_blank\" rel=\"noopener noreferrer\"><img loading=\"lazy\" decoding=\"async\" class=\"aligncenter wp-image-12917 size-full\" src=\"https:\/\/serveiseducatius.xtec.cat\/segria\/wp-content\/uploads\/usu679\/2021\/03\/3535.jpg\" alt=\"\" width=\"624\" height=\"870\" srcset=\"https:\/\/serveiseducatius.xtec.cat\/segria\/wp-content\/uploads\/usu679\/2021\/03\/3535.jpg 624w, https:\/\/serveiseducatius.xtec.cat\/segria\/wp-content\/uploads\/usu679\/2021\/03\/3535-215x300.jpg 215w\" sizes=\"auto, (max-width: 624px) 100vw, 624px\" \/><\/a><\/p>\n<p dir=\"ltr\"><img loading=\"lazy\" decoding=\"async\" class=\"wp-image-12563 aligncenter\" src=\"https:\/\/serveiseducatius.xtec.cat\/segria\/wp-content\/uploads\/usu679\/2021\/03\/informaci\u00f3-150x150.jpg\" alt=\"\" width=\"66\" height=\"66\" \/><\/p>\n<p dir=\"ltr\" style=\"text-align: center;\">M\u00c9S INFORMACI\u00d3:\u00a0 <a href=\"https:\/\/sites.google.com\/xtec.cat\/memoria-secundaria-lleida\/inici\">web del grup DEMD<\/a><\/p>\n","protected":false},"excerpt":{"rendered":"<p>El 8 de mar\u00e7 s&#8217;ha convertit en un s\u00edmbol per a les dones dels cinc continents. Coincidint amb aquesta data, el grup de mem\u00f2ria hist\u00f2rica DEMD Lleida presenta el seu treball sobre les dones de Ponent als camps nazis, un treball que ara es presenta en format virtual (PDF que podeu visualitzar clicant la imatge [&hellip;]<\/p>\n","protected":false},"author":7,"featured_media":12557,"comment_status":"closed","ping_status":"closed","sticky":false,"template":"","format":"standard","meta":{"_bbp_topic_count":0,"_bbp_reply_count":0,"_bbp_total_topic_count":0,"_bbp_total_reply_count":0,"_bbp_voice_count":0,"_bbp_anonymous_reply_count":0,"_bbp_topic_count_hidden":0,"_bbp_reply_count_hidden":0,"_bbp_forum_subforum_count":0,"site-sidebar-layout":"default","site-content-layout":"","ast-site-content-layout":"","site-content-style":"default","site-sidebar-style":"default","ast-global-header-display":"","ast-banner-title-visibility":"","ast-main-header-display":"","ast-hfb-above-header-display":"","ast-hfb-below-header-display":"","ast-hfb-mobile-header-display":"","site-post-title":"","ast-breadcrumbs-content":"","ast-featured-img":"","footer-sml-layout":"","theme-transparent-header-meta":"","adv-header-id-meta":"","stick-header-meta":"","header-above-stick-meta":"","header-main-stick-meta":"","header-below-stick-meta":"","astra-migrate-meta-layouts":"default","ast-page-background-enabled":"default","ast-page-background-meta":{"desktop":{"background-color":"var(--ast-global-color-4)","background-image":"","background-repeat":"repeat","background-position":"center center","background-size":"auto","background-attachment":"scroll","background-type":"","background-media":"","overlay-type":"","overlay-color":"","overlay-opacity":"","overlay-gradient":""},"tablet":{"background-color":"","background-image":"","background-repeat":"repeat","background-position":"center center","background-size":"auto","background-attachment":"scroll","background-type":"","background-media":"","overlay-type":"","overlay-color":"","overlay-opacity":"","overlay-gradient":""},"mobile":{"background-color":"","background-image":"","background-repeat":"repeat","background-position":"center center","background-size":"auto","background-attachment":"scroll","background-type":"","background-media":"","overlay-type":"","overlay-color":"","overlay-opacity":"","overlay-gradient":""}},"ast-content-background-meta":{"desktop":{"background-color":"var(--ast-global-color-5)","background-image":"","background-repeat":"repeat","background-position":"center center","background-size":"auto","background-attachment":"scroll","background-type":"","background-media":"","overlay-type":"","overlay-color":"","overlay-opacity":"","overlay-gradient":""},"tablet":{"background-color":"var(--ast-global-color-5)","background-image":"","background-repeat":"repeat","background-position":"center center","background-size":"auto","background-attachment":"scroll","background-type":"","background-media":"","overlay-type":"","overlay-color":"","overlay-opacity":"","overlay-gradient":""},"mobile":{"background-color":"var(--ast-global-color-5)","background-image":"","background-repeat":"repeat","background-position":"center center","background-size":"auto","background-attachment":"scroll","background-type":"","background-media":"","overlay-type":"","overlay-color":"","overlay-opacity":"","overlay-gradient":""}},"footnotes":""},"categories":[301,508,295,29],"tags":[507,495],"class_list":["post-12553","post","type-post","status-publish","format-standard","has-post-thumbnail","hentry","category-coeducacio","category-demd","category-exposicions","category-portada","tag-historia-de-les-dones","tag-memoria-historica"],"post_mailing_queue_ids":[],"_links":{"self":[{"href":"https:\/\/serveiseducatius.xtec.cat\/segria\/wp-json\/wp\/v2\/posts\/12553","targetHints":{"allow":["GET"]}}],"collection":[{"href":"https:\/\/serveiseducatius.xtec.cat\/segria\/wp-json\/wp\/v2\/posts"}],"about":[{"href":"https:\/\/serveiseducatius.xtec.cat\/segria\/wp-json\/wp\/v2\/types\/post"}],"author":[{"embeddable":true,"href":"https:\/\/serveiseducatius.xtec.cat\/segria\/wp-json\/wp\/v2\/users\/7"}],"replies":[{"embeddable":true,"href":"https:\/\/serveiseducatius.xtec.cat\/segria\/wp-json\/wp\/v2\/comments?post=12553"}],"version-history":[{"count":3,"href":"https:\/\/serveiseducatius.xtec.cat\/segria\/wp-json\/wp\/v2\/posts\/12553\/revisions"}],"predecessor-version":[{"id":12919,"href":"https:\/\/serveiseducatius.xtec.cat\/segria\/wp-json\/wp\/v2\/posts\/12553\/revisions\/12919"}],"wp:featuredmedia":[{"embeddable":true,"href":"https:\/\/serveiseducatius.xtec.cat\/segria\/wp-json\/wp\/v2\/media\/12557"}],"wp:attachment":[{"href":"https:\/\/serveiseducatius.xtec.cat\/segria\/wp-json\/wp\/v2\/media?parent=12553"}],"wp:term":[{"taxonomy":"category","embeddable":true,"href":"https:\/\/serveiseducatius.xtec.cat\/segria\/wp-json\/wp\/v2\/categories?post=12553"},{"taxonomy":"post_tag","embeddable":true,"href":"https:\/\/serveiseducatius.xtec.cat\/segria\/wp-json\/wp\/v2\/tags?post=12553"}],"curies":[{"name":"wp","href":"https:\/\/api.w.org\/{rel}","templated":true}]}}