{"id":12165,"date":"2021-02-16T12:05:31","date_gmt":"2021-02-16T11:05:31","guid":{"rendered":"https:\/\/serveiseducatius.xtec.cat\/segria\/?p=12165"},"modified":"2021-02-16T17:53:28","modified_gmt":"2021-02-16T16:53:28","slug":"recull-viatgem-al-mon-de-les-emocions-de-les-altes-capacitats","status":"publish","type":"post","link":"https:\/\/serveiseducatius.xtec.cat\/segria\/general\/recull-viatgem-al-mon-de-les-emocions-de-les-altes-capacitats\/","title":{"rendered":"Recull: Viatgem al m\u00f3n de les emocions de les altes capacitats"},"content":{"rendered":"<h6 class=\"page-title\">II JORNADA: VIATGEM AL M\u00d3N DE LES EMOCIONS DE LES ALTES CAPACITATS<\/h6>\n<h6 class=\"rtecenter\">Col\u00b7legi el Carme de Lleida<\/h6>\n<p>ACC\u00c9S AL V\u00cdDEO DE LES SESSIONS<\/p>\n<p><a href=\"https:\/\/serveiseducatius.xtec.cat\/segria\/wp-content\/uploads\/usu679\/2021\/01\/Cartell_el_carme.bmp\"><img loading=\"lazy\" decoding=\"async\" class=\"wp-image-11045 alignleft\" src=\"https:\/\/serveiseducatius.xtec.cat\/segria\/wp-content\/uploads\/usu679\/2021\/01\/Cartell_el_carme.bmp\" alt=\"\" width=\"58\" height=\"75\" \/><\/a><strong>Descripci\u00f3:<\/strong> L&#8217;alumnat amb altes capacitats sovint mostra reaccions o conductes a l\u2019aula que ens costa de comprendre i gestionar. En aquesta formaci\u00f3 s&#8217;ha volgut fer un viatge al\u00a0 m\u00f3n de les emocions de l&#8217;alumnat amb altes capacitats, i descobrir diferents estrat\u00e8gies per a fer un bon acompanyament emocional.<\/p>\n<p><a href=\"https:\/\/serveiseducatius.xtec.cat\/segria\/wp-content\/uploads\/usu679\/2021\/01\/youtube-2866233_1920.jpg\"><img loading=\"lazy\" decoding=\"async\" class=\" wp-image-11386 alignleft\" src=\"https:\/\/serveiseducatius.xtec.cat\/segria\/wp-content\/uploads\/usu679\/2021\/01\/youtube-2866233_1920-300x200.jpg\" alt=\"\" width=\"77\" height=\"51\" srcset=\"https:\/\/serveiseducatius.xtec.cat\/segria\/wp-content\/uploads\/usu679\/2021\/01\/youtube-2866233_1920-300x200.jpg 300w, https:\/\/serveiseducatius.xtec.cat\/segria\/wp-content\/uploads\/usu679\/2021\/01\/youtube-2866233_1920-768x513.jpg 768w, https:\/\/serveiseducatius.xtec.cat\/segria\/wp-content\/uploads\/usu679\/2021\/01\/youtube-2866233_1920-1024x684.jpg 1024w, https:\/\/serveiseducatius.xtec.cat\/segria\/wp-content\/uploads\/usu679\/2021\/01\/youtube-2866233_1920.jpg 1920w\" sizes=\"auto, (max-width: 77px) 100vw, 77px\" \/><\/a><a href=\"https:\/\/serveiseducatius.xtec.cat\/segria\/wp-content\/uploads\/usu679\/2020\/12\/enllac.png\"><img loading=\"lazy\" decoding=\"async\" class=\"alignnone wp-image-10592\" src=\"https:\/\/serveiseducatius.xtec.cat\/segria\/wp-content\/uploads\/usu679\/2020\/12\/enllac.png\" alt=\"\" width=\"20\" height=\"20\" \/><\/a> <a href=\"https:\/\/www.youtube.com\/watch?v=GZD6PvPJV0k\" target=\"_blank\" rel=\"noopener noreferrer\">Confer\u00e8ncia inaugural<\/a>: <a href=\"https:\/\/serveiseducatius.xtec.cat\/segria\/wp-content\/uploads\/usu679\/2020\/12\/enllac.png\">\u00a0<\/a><strong><em>Com senten els nens amb AC: acompanyament emocional<\/em><\/strong><br \/>\nA c\u00e0rrec de: Susana Arroyo Andreu, psic\u00f2loga i terapeuta familiar. Realitzada el 23 de gener de 2021<\/p>\n<p><a href=\"https:\/\/serveiseducatius.xtec.cat\/segria\/wp-content\/uploads\/usu679\/2021\/01\/youtube-2866233_1920.jpg\"><img loading=\"lazy\" decoding=\"async\" class=\" wp-image-11386 alignleft\" src=\"https:\/\/serveiseducatius.xtec.cat\/segria\/wp-content\/uploads\/usu679\/2021\/01\/youtube-2866233_1920-300x200.jpg\" alt=\"\" width=\"77\" height=\"51\" srcset=\"https:\/\/serveiseducatius.xtec.cat\/segria\/wp-content\/uploads\/usu679\/2021\/01\/youtube-2866233_1920-300x200.jpg 300w, https:\/\/serveiseducatius.xtec.cat\/segria\/wp-content\/uploads\/usu679\/2021\/01\/youtube-2866233_1920-768x513.jpg 768w, https:\/\/serveiseducatius.xtec.cat\/segria\/wp-content\/uploads\/usu679\/2021\/01\/youtube-2866233_1920-1024x684.jpg 1024w, https:\/\/serveiseducatius.xtec.cat\/segria\/wp-content\/uploads\/usu679\/2021\/01\/youtube-2866233_1920.jpg 1920w\" sizes=\"auto, (max-width: 77px) 100vw, 77px\" \/><\/a><\/p>\n<p><a href=\"https:\/\/serveiseducatius.xtec.cat\/segria\/wp-content\/uploads\/usu679\/2020\/12\/enllac.png\"><img loading=\"lazy\" decoding=\"async\" class=\"alignnone wp-image-10592\" src=\"https:\/\/serveiseducatius.xtec.cat\/segria\/wp-content\/uploads\/usu679\/2020\/12\/enllac.png\" alt=\"\" width=\"20\" height=\"20\" \/><\/a> <a href=\"https:\/\/www.youtube.com\/watch?v=wyWHh-jyiYI&amp;t=3974s\" target=\"_blank\" rel=\"noopener noreferrer\">Taller 2a sessi\u00f3<\/a>\u00a0 <em>Part 1: <strong>Com acompanyar l\u2019alumne d\u2019altes capacitats a gestionar les seves emocions<\/strong>. <\/em>Carme Bartomeu.\u00a0 Part 2: <strong><em>Peti qui peti. <\/em><\/strong>Montserrat Romagosa. Realizat el 28 de gener de 2021<\/p>\n<p><a href=\"https:\/\/serveiseducatius.xtec.cat\/segria\/wp-content\/uploads\/usu679\/2021\/01\/youtube-2866233_1920.jpg\"><img loading=\"lazy\" decoding=\"async\" class=\" wp-image-11386 alignleft\" src=\"https:\/\/serveiseducatius.xtec.cat\/segria\/wp-content\/uploads\/usu679\/2021\/01\/youtube-2866233_1920-300x200.jpg\" alt=\"\" width=\"77\" height=\"51\" srcset=\"https:\/\/serveiseducatius.xtec.cat\/segria\/wp-content\/uploads\/usu679\/2021\/01\/youtube-2866233_1920-300x200.jpg 300w, https:\/\/serveiseducatius.xtec.cat\/segria\/wp-content\/uploads\/usu679\/2021\/01\/youtube-2866233_1920-768x513.jpg 768w, https:\/\/serveiseducatius.xtec.cat\/segria\/wp-content\/uploads\/usu679\/2021\/01\/youtube-2866233_1920-1024x684.jpg 1024w, https:\/\/serveiseducatius.xtec.cat\/segria\/wp-content\/uploads\/usu679\/2021\/01\/youtube-2866233_1920.jpg 1920w\" sizes=\"auto, (max-width: 77px) 100vw, 77px\" \/><\/a><a href=\"https:\/\/serveiseducatius.xtec.cat\/segria\/wp-content\/uploads\/usu679\/2020\/12\/enllac.png\"><img loading=\"lazy\" decoding=\"async\" class=\"alignnone wp-image-10592\" src=\"https:\/\/serveiseducatius.xtec.cat\/segria\/wp-content\/uploads\/usu679\/2020\/12\/enllac.png\" alt=\"\" width=\"20\" height=\"20\" \/><\/a><a href=\"https:\/\/www.youtube.com\/watch?v=ADHZRt3dNnM&amp;t=17s\" target=\"_blank\" rel=\"noopener noreferrer\">Taller 3a sessi\u00f3<\/a> <em>Part 1:<\/em> <em><strong>Assetjament escolar: traiem-li la mascareta.<\/strong><\/em>Carme Cabestany. Part 2: <strong><em>Int\u00e8rprets d\u2019emocions<\/em><\/strong>. Nat\u00e0lia Serrats. Realizat el 4 de febrer de 2021<\/p>\n<p><a href=\"https:\/\/serveiseducatius.xtec.cat\/segria\/wp-content\/uploads\/usu679\/2020\/12\/enllac.png\"><img loading=\"lazy\" decoding=\"async\" class=\"alignnone wp-image-10592\" src=\"https:\/\/serveiseducatius.xtec.cat\/segria\/wp-content\/uploads\/usu679\/2020\/12\/enllac.png\" alt=\"\" width=\"20\" height=\"20\" \/><\/a> <a href=\"https:\/\/serveiseducatius.xtec.cat\/segria\/general\/viatgem-al-mon-de-les-emocions-de-les-altes-capacitats\/\" target=\"_blank\" rel=\"noopener noreferrer\">Programa\u00a0<\/a>\u00a0 \u00a0 \u00a0 \u00a0 \u00a0 <a href=\"https:\/\/serveiseducatius.xtec.cat\/segria\/wp-content\/uploads\/usu679\/2020\/12\/enllac.png\"><img loading=\"lazy\" decoding=\"async\" class=\"alignnone wp-image-10592\" src=\"https:\/\/serveiseducatius.xtec.cat\/segria\/wp-content\/uploads\/usu679\/2020\/12\/enllac.png\" alt=\"\" width=\"20\" height=\"20\" \/><\/a> <a href=\"https:\/\/drive.google.com\/file\/d\/1Xz_p8sIno5rKIXohKjGbOJme-4oZQH1a\/view\" target=\"_blank\" rel=\"noopener noreferrer\">Cartell<\/a><\/p>\n","protected":false},"excerpt":{"rendered":"<p>II JORNADA: VIATGEM AL M\u00d3N DE LES EMOCIONS DE LES ALTES CAPACITATS Col\u00b7legi el Carme de Lleida ACC\u00c9S AL V\u00cdDEO DE LES SESSIONS Descripci\u00f3: L&#8217;alumnat amb altes capacitats sovint mostra reaccions o conductes a l\u2019aula que ens costa de comprendre i gestionar. En aquesta formaci\u00f3 s&#8217;ha volgut fer un viatge al\u00a0 m\u00f3n de les emocions [&hellip;]<\/p>\n","protected":false},"author":16,"featured_media":11045,"comment_status":"closed","ping_status":"closed","sticky":false,"template":"","format":"standard","meta":{"_bbp_topic_count":0,"_bbp_reply_count":0,"_bbp_total_topic_count":0,"_bbp_total_reply_count":0,"_bbp_voice_count":0,"_bbp_anonymous_reply_count":0,"_bbp_topic_count_hidden":0,"_bbp_reply_count_hidden":0,"_bbp_forum_subforum_count":0,"site-sidebar-layout":"default","site-content-layout":"","ast-site-content-layout":"","site-content-style":"default","site-sidebar-style":"default","ast-global-header-display":"","ast-banner-title-visibility":"","ast-main-header-display":"","ast-hfb-above-header-display":"","ast-hfb-below-header-display":"","ast-hfb-mobile-header-display":"","site-post-title":"","ast-breadcrumbs-content":"","ast-featured-img":"","footer-sml-layout":"","theme-transparent-header-meta":"","adv-header-id-meta":"","stick-header-meta":"","header-above-stick-meta":"","header-main-stick-meta":"","header-below-stick-meta":"","astra-migrate-meta-layouts":"default","ast-page-background-enabled":"default","ast-page-background-meta":{"desktop":{"background-color":"var(--ast-global-color-4)","background-image":"","background-repeat":"repeat","background-position":"center center","background-size":"auto","background-attachment":"scroll","background-type":"","background-media":"","overlay-type":"","overlay-color":"","overlay-opacity":"","overlay-gradient":""},"tablet":{"background-color":"","background-image":"","background-repeat":"repeat","background-position":"center center","background-size":"auto","background-attachment":"scroll","background-type":"","background-media":"","overlay-type":"","overlay-color":"","overlay-opacity":"","overlay-gradient":""},"mobile":{"background-color":"","background-image":"","background-repeat":"repeat","background-position":"center center","background-size":"auto","background-attachment":"scroll","background-type":"","background-media":"","overlay-type":"","overlay-color":"","overlay-opacity":"","overlay-gradient":""}},"ast-content-background-meta":{"desktop":{"background-color":"var(--ast-global-color-5)","background-image":"","background-repeat":"repeat","background-position":"center center","background-size":"auto","background-attachment":"scroll","background-type":"","background-media":"","overlay-type":"","overlay-color":"","overlay-opacity":"","overlay-gradient":""},"tablet":{"background-color":"var(--ast-global-color-5)","background-image":"","background-repeat":"repeat","background-position":"center center","background-size":"auto","background-attachment":"scroll","background-type":"","background-media":"","overlay-type":"","overlay-color":"","overlay-opacity":"","overlay-gradient":""},"mobile":{"background-color":"var(--ast-global-color-5)","background-image":"","background-repeat":"repeat","background-position":"center center","background-size":"auto","background-attachment":"scroll","background-type":"","background-media":"","overlay-type":"","overlay-color":"","overlay-opacity":"","overlay-gradient":""}},"footnotes":""},"categories":[154,1,29],"tags":[375,481,399,312,463,398],"class_list":["post-12165","post","type-post","status-publish","format-standard","has-post-thumbnail","hentry","category-formacio","category-general","category-portada","tag-altes-capacitats","tag-collegi-el-carme","tag-curs-2020-21","tag-educacio-emocional","tag-jornada","tag-pla-de-formacio-de-zona"],"post_mailing_queue_ids":[],"_links":{"self":[{"href":"https:\/\/serveiseducatius.xtec.cat\/segria\/wp-json\/wp\/v2\/posts\/12165","targetHints":{"allow":["GET"]}}],"collection":[{"href":"https:\/\/serveiseducatius.xtec.cat\/segria\/wp-json\/wp\/v2\/posts"}],"about":[{"href":"https:\/\/serveiseducatius.xtec.cat\/segria\/wp-json\/wp\/v2\/types\/post"}],"author":[{"embeddable":true,"href":"https:\/\/serveiseducatius.xtec.cat\/segria\/wp-json\/wp\/v2\/users\/16"}],"replies":[{"embeddable":true,"href":"https:\/\/serveiseducatius.xtec.cat\/segria\/wp-json\/wp\/v2\/comments?post=12165"}],"version-history":[{"count":4,"href":"https:\/\/serveiseducatius.xtec.cat\/segria\/wp-json\/wp\/v2\/posts\/12165\/revisions"}],"predecessor-version":[{"id":12190,"href":"https:\/\/serveiseducatius.xtec.cat\/segria\/wp-json\/wp\/v2\/posts\/12165\/revisions\/12190"}],"wp:featuredmedia":[{"embeddable":true,"href":"https:\/\/serveiseducatius.xtec.cat\/segria\/wp-json\/wp\/v2\/media\/11045"}],"wp:attachment":[{"href":"https:\/\/serveiseducatius.xtec.cat\/segria\/wp-json\/wp\/v2\/media?parent=12165"}],"wp:term":[{"taxonomy":"category","embeddable":true,"href":"https:\/\/serveiseducatius.xtec.cat\/segria\/wp-json\/wp\/v2\/categories?post=12165"},{"taxonomy":"post_tag","embeddable":true,"href":"https:\/\/serveiseducatius.xtec.cat\/segria\/wp-json\/wp\/v2\/tags?post=12165"}],"curies":[{"name":"wp","href":"https:\/\/api.w.org\/{rel}","templated":true}]}}