{"id":11671,"date":"2021-01-13T11:19:31","date_gmt":"2021-01-13T10:19:31","guid":{"rendered":"https:\/\/serveiseducatius.xtec.cat\/segria\/?p=11671"},"modified":"2021-01-22T11:30:47","modified_gmt":"2021-01-22T10:30:47","slug":"recurs-per-treballar-el-dol-dep-educacio","status":"publish","type":"post","link":"https:\/\/serveiseducatius.xtec.cat\/segria\/portada\/recurs-per-treballar-el-dol-dep-educacio\/","title":{"rendered":"RECURS PER TREBALLAR EL DOL Dep. Educaci\u00f3"},"content":{"rendered":"<p>El Departament d\u2019Educaci\u00f3 t\u00e9 a disposici\u00f3 de docents i fam\u00edlies un espai web que ens ajuda a l\u2019hora de treballar el dol amb el nostre alumnat o fills. La mort, les malalties greus, les p\u00e8rdues\u2026s\u00f3n temes complexos i delicats que sovint es queden aparcats i no hauria de ser aix\u00ed. Els infants necessiten que els ajudem a gestionar les p\u00e8rdues i els docents recursos per poder treballar el dol.<\/p>\n<p><em>\u201cEl dol \u00e9s un proc\u00e9s natural d\u2019adaptaci\u00f3 a una p\u00e8rdua, al trencament d\u2019un vincle. Al llarg de la vida es viuen moltes p\u00e8rdues, algunes d\u2019evolutives com la de la infantesa o l\u2019adolesc\u00e8ncia i d\u2019altres sobrevingudes. En el cas dels fills, poden viure processos de dol per situacions com la separaci\u00f3 dels pares, un canvi d\u2019escola, el trencament d\u2019una amistat, la mort d\u2019un familiar, etc. Ara b\u00e9, segons la situaci\u00f3 i les caracter\u00edstiques de cadasc\u00fa, aquests processos poden necessitar m\u00e9s o menys temps, un tipus d\u2019acompanyament o un altre; l\u2019impacte de la p\u00e8rdua varia segons cada persona i cada context.\u201d<\/em><\/p>\n<p>Aquest espai est\u00e0 organitzat en diferents \u00e0mbits:<\/p>\n<ul>\n<li><a href=\"http:\/\/educacio.gencat.cat\/ca\/arees-actuacio\/families\/ajudem-fills\/dol\/informacio\/\" target=\"_blank\" rel=\"noopener noreferrer\"><strong>INFORMACI\u00d3<\/strong><\/a><\/li>\n<li><a href=\"http:\/\/educacio.gencat.cat\/ca\/arees-actuacio\/families\/ajudem-fills\/dol\/com-afecta\/\" target=\"_blank\" rel=\"noopener noreferrer\"><strong>COM AFECTA:<\/strong><\/a> possibles reaccions davant del dol<\/li>\n<li><a href=\"http:\/\/educacio.gencat.cat\/ca\/arees-actuacio\/families\/ajudem-fills\/dol\/que-podem-fer\/\" target=\"_blank\" rel=\"noopener noreferrer\"><strong>QU\u00c8 PODEM FER:<\/strong><\/a> trobarem consells<\/li>\n<li><a href=\"http:\/\/educacio.gencat.cat\/ca\/arees-actuacio\/families\/ajudem-fills\/dol\/idees-falses\/\" target=\"_blank\" rel=\"noopener noreferrer\"><strong>IDEES FALSES:<\/strong> <\/a>idees falses i orientacions per treballar-les, paraules que ajuden i paraules que no ajuden.<\/li>\n<li><a href=\"http:\/\/educacio.gencat.cat\/ca\/arees-actuacio\/families\/ajudem-fills\/dol\/idees-falses\/\" target=\"_blank\" rel=\"noopener noreferrer\"><strong>RECURSOS I EINES:<\/strong><\/a> enlla\u00e7os, contes i refer\u00e8ncies bibliogr\u00e0fiques<\/li>\n<li><a href=\"http:\/\/educacio.gencat.cat\/ca\/arees-actuacio\/families\/ajudem-fills\/dol\/converses\/\" target=\"_blank\" rel=\"noopener noreferrer\"><strong>CONVERSES:<\/strong><\/a> exemples de petites converses amb fam\u00edlies<\/li>\n<\/ul>\n<p>Tamb\u00e9 disposa d\u2019un petit <a href=\"http:\/\/educacio.gencat.cat\/ca\/arees-actuacio\/families\/recursos\/recomanacions\/dol\/\" target=\"_blank\" rel=\"noopener noreferrer\"><strong>v\u00eddeo introductori a c\u00e0rrec del psic\u00f2leg i formador Oriol G\u00fcell Custodio<\/strong><\/a> i d\u2019una <a href=\"https:\/\/aplicacions.gestioeducativa.gencat.cat\/pls\/apex\/f?p=242:2:11752929192134\" target=\"_blank\" rel=\"noopener noreferrer\"><strong>enquesta d\u2019autoconeixement<\/strong><\/a> adre\u00e7ada a les fam\u00edlies.<\/p>\n<p><a href=\"https:\/\/serveiseducatius.xtec.cat\/segria\/wp-content\/uploads\/usu679\/2020\/10\/1f517-1.png\"><img loading=\"lazy\" decoding=\"async\" class=\"alignleft wp-image-9324\" src=\"https:\/\/serveiseducatius.xtec.cat\/segria\/wp-content\/uploads\/usu679\/2020\/10\/1f517-1.png\" alt=\"\" width=\"20\" height=\"20\" \/><\/a><a href=\"http:\/\/educacio.gencat.cat\/ca\/arees-actuacio\/families\/ajudem-fills\/dol\/\" target=\"_blank\" rel=\"noopener noreferrer\"><strong>EL DOL<\/strong><\/a><\/p>\n","protected":false},"excerpt":{"rendered":"<p>El Departament d\u2019Educaci\u00f3 t\u00e9 a disposici\u00f3 de docents i fam\u00edlies un espai web que ens ajuda a l\u2019hora de treballar el dol amb el nostre alumnat o fills. La mort, les malalties greus, les p\u00e8rdues\u2026s\u00f3n temes complexos i delicats que sovint es queden aparcats i no hauria de ser aix\u00ed. Els infants necessiten que els [&hellip;]<\/p>\n","protected":false},"author":5,"featured_media":11672,"comment_status":"closed","ping_status":"closed","sticky":false,"template":"","format":"standard","meta":{"_bbp_topic_count":0,"_bbp_reply_count":0,"_bbp_total_topic_count":0,"_bbp_total_reply_count":0,"_bbp_voice_count":0,"_bbp_anonymous_reply_count":0,"_bbp_topic_count_hidden":0,"_bbp_reply_count_hidden":0,"_bbp_forum_subforum_count":0,"site-sidebar-layout":"default","site-content-layout":"","ast-site-content-layout":"","site-content-style":"default","site-sidebar-style":"default","ast-global-header-display":"","ast-banner-title-visibility":"","ast-main-header-display":"","ast-hfb-above-header-display":"","ast-hfb-below-header-display":"","ast-hfb-mobile-header-display":"","site-post-title":"","ast-breadcrumbs-content":"","ast-featured-img":"","footer-sml-layout":"","theme-transparent-header-meta":"","adv-header-id-meta":"","stick-header-meta":"","header-above-stick-meta":"","header-main-stick-meta":"","header-below-stick-meta":"","astra-migrate-meta-layouts":"default","ast-page-background-enabled":"default","ast-page-background-meta":{"desktop":{"background-color":"var(--ast-global-color-4)","background-image":"","background-repeat":"repeat","background-position":"center center","background-size":"auto","background-attachment":"scroll","background-type":"","background-media":"","overlay-type":"","overlay-color":"","overlay-opacity":"","overlay-gradient":""},"tablet":{"background-color":"","background-image":"","background-repeat":"repeat","background-position":"center center","background-size":"auto","background-attachment":"scroll","background-type":"","background-media":"","overlay-type":"","overlay-color":"","overlay-opacity":"","overlay-gradient":""},"mobile":{"background-color":"","background-image":"","background-repeat":"repeat","background-position":"center center","background-size":"auto","background-attachment":"scroll","background-type":"","background-media":"","overlay-type":"","overlay-color":"","overlay-opacity":"","overlay-gradient":""}},"ast-content-background-meta":{"desktop":{"background-color":"var(--ast-global-color-5)","background-image":"","background-repeat":"repeat","background-position":"center center","background-size":"auto","background-attachment":"scroll","background-type":"","background-media":"","overlay-type":"","overlay-color":"","overlay-opacity":"","overlay-gradient":""},"tablet":{"background-color":"var(--ast-global-color-5)","background-image":"","background-repeat":"repeat","background-position":"center center","background-size":"auto","background-attachment":"scroll","background-type":"","background-media":"","overlay-type":"","overlay-color":"","overlay-opacity":"","overlay-gradient":""},"mobile":{"background-color":"var(--ast-global-color-5)","background-image":"","background-repeat":"repeat","background-position":"center center","background-size":"auto","background-attachment":"scroll","background-type":"","background-media":"","overlay-type":"","overlay-color":"","overlay-opacity":"","overlay-gradient":""}},"footnotes":""},"categories":[29,76],"tags":[454],"class_list":["post-11671","post","type-post","status-publish","format-standard","has-post-thumbnail","hentry","category-portada","category-recursos","tag-dol"],"post_mailing_queue_ids":[],"_links":{"self":[{"href":"https:\/\/serveiseducatius.xtec.cat\/segria\/wp-json\/wp\/v2\/posts\/11671","targetHints":{"allow":["GET"]}}],"collection":[{"href":"https:\/\/serveiseducatius.xtec.cat\/segria\/wp-json\/wp\/v2\/posts"}],"about":[{"href":"https:\/\/serveiseducatius.xtec.cat\/segria\/wp-json\/wp\/v2\/types\/post"}],"author":[{"embeddable":true,"href":"https:\/\/serveiseducatius.xtec.cat\/segria\/wp-json\/wp\/v2\/users\/5"}],"replies":[{"embeddable":true,"href":"https:\/\/serveiseducatius.xtec.cat\/segria\/wp-json\/wp\/v2\/comments?post=11671"}],"version-history":[{"count":1,"href":"https:\/\/serveiseducatius.xtec.cat\/segria\/wp-json\/wp\/v2\/posts\/11671\/revisions"}],"predecessor-version":[{"id":11673,"href":"https:\/\/serveiseducatius.xtec.cat\/segria\/wp-json\/wp\/v2\/posts\/11671\/revisions\/11673"}],"wp:featuredmedia":[{"embeddable":true,"href":"https:\/\/serveiseducatius.xtec.cat\/segria\/wp-json\/wp\/v2\/media\/11672"}],"wp:attachment":[{"href":"https:\/\/serveiseducatius.xtec.cat\/segria\/wp-json\/wp\/v2\/media?parent=11671"}],"wp:term":[{"taxonomy":"category","embeddable":true,"href":"https:\/\/serveiseducatius.xtec.cat\/segria\/wp-json\/wp\/v2\/categories?post=11671"},{"taxonomy":"post_tag","embeddable":true,"href":"https:\/\/serveiseducatius.xtec.cat\/segria\/wp-json\/wp\/v2\/tags?post=11671"}],"curies":[{"name":"wp","href":"https:\/\/api.w.org\/{rel}","templated":true}]}}