{"id":11382,"date":"2021-01-15T10:09:40","date_gmt":"2021-01-15T09:09:40","guid":{"rendered":"https:\/\/serveiseducatius.xtec.cat\/segria\/?p=11382"},"modified":"2021-01-16T11:23:34","modified_gmt":"2021-01-16T10:23:34","slug":"inscripcio-al-nous-tallers-del-programa-gust-per-la-lectura","status":"publish","type":"post","link":"https:\/\/serveiseducatius.xtec.cat\/segria\/general\/inscripcio-al-nous-tallers-del-programa-gust-per-la-lectura\/","title":{"rendered":"INSCRIPCI\u00d3 AL NOUS TALLERS DEL PROGRAMA &#8220;GUST PER LA LECTURA&#8221;"},"content":{"rendered":"<p>Aqu\u00ed teniu la informaci\u00f3 de les activitats formatives de l&#8217;\u00e0mbit LIC del Departament d&#8217;Educaci\u00f3 d&#8217;aquest segon quadrimestre:<\/p>\n<p><em><strong>GUST PER LA LECTURA:<\/strong><\/em><\/p>\n<p><span style=\"font-family: inherit;font-size: 1em\">+\u00a0 <\/span><strong style=\"font-family: inherit;font-size: 1em\">Nous tallers del Programa &#8220;El Gust per la lectura&#8221;:<\/strong><\/p>\n<p>Tallers Gust per la lectura- Cicle Inicial.\u00a0<a href=\"https:\/\/aplicacions.gestioeducativa.gencat.cat\/pls\/soloas\/pk_for_mod_ins.p_for_detall_activitat?p_header=Llista%20d%27activitats%5epk_for_mod_ins.p_for_cons_activitats?p_tipus_act=GLCI%26p_any=2020-2021%26p_totes=S%26p_inici=1%26p_excloure_crp_rec=F&amp;p_codi=9000170555&amp;p_curs=2020-2021&amp;p_es_inscr=S\">INSCRIPCI\u00d3<\/a><\/p>\n<p>Taller Gust per la lectura- Cicle mitj\u00e0 i superior\u00a0\u00a0<a href=\"https:\/\/aplicacions.gestioeducativa.gencat.cat\/pls\/soloas\/pk_for_mod_ins.p_for_detall_activitat?p_header=Llista%20d%27activitats%5epk_for_mod_ins.p_for_cons_activitats?p_tipus_act=GLMS%26p_any=2020-2021%26p_totes=S%26p_inici=1%26p_excloure_crp_rec=F&amp;p_codi=9000130555&amp;p_curs=2020-2021&amp;p_es_inscr=S\">INSCRIPCI\u00d3<\/a><\/p>\n<p>Taller Gust per la lectura- Secund\u00e0ria obligat\u00f2ria.\u00a0<a href=\"https:\/\/aplicacions.gestioeducativa.gencat.cat\/pls\/soloas\/pk_for_mod_ins.p_for_detall_activitat?p_header=Llista%20d%27activitats%5epk_for_mod_ins.p_for_cons_activitats?p_tipus_act=GLSE%26p_any=2020-2021%26p_totes=S%26p_inici=1%26p_excloure_crp_rec=F&amp;p_codi=9001390555&amp;p_curs=2020-2021&amp;p_es_inscr=S\">INSCRIPCI\u00d3<\/a><\/p>\n<p>Taller Gust per la lectura- Batxillerat.\u00a0\u00a0<a href=\"https:\/\/aplicacions.gestioeducativa.gencat.cat\/pls\/soloas\/pk_for_mod_ins.p_for_detall_activitat?p_header=Llista%20d%27activitats%5epk_for_mod_ins.p_for_cons_activitats?p_tipus_act=GLBT%26p_any=2020-2021%26p_totes=S%26p_inici=1%26p_excloure_crp_rec=F&amp;p_codi=9000500555&amp;p_curs=2020-2021&amp;p_es_inscr=S\">INSCRIPCI\u00d3<\/a><\/p>\n<p><strong>\u00a0<\/strong><\/p>\n<p>+\u00a0 <strong>Inscripci\u00f3 al concurs &#8220;El Gust per la Lectura&#8221;<\/strong>, a trav\u00e9s de\u00a0<a href=\"https:\/\/inici.espai.educacio.gencat.cat\/\">Departament d&#8217;Educaci\u00f3 &#8211; Intranet &#8211; Portal de centre (gencat.cat)<\/a>.\u00a0 En aquest espai hi trobaran les instruccions penjades (pdf) per fer la inscripci\u00f3<\/p>\n<p>&nbsp;<\/p>\n<p>Informaci\u00f3 sobre les bases, obres, categories i modalitats a l&#8217;enlla\u00e7 anterior i tamb\u00e9 a\u00a0<a href=\"http:\/\/xtec.gencat.cat\/ca\/projectes\/lectura\/gustperlalectura\/concurs\/convocatoriaibases\/\">Concurs El Gust per la Lectura. XTEC &#8211; Xarxa Telem\u00e0tica Educativa de Catalunya (gencat.cat)<\/a><\/p>\n<p>&nbsp;<\/p>\n<p>A la p\u00e0gina web del <a href=\"http:\/\/xtec.gencat.cat\/ca\/projectes\/lectura\/gustperlalectura\/materialdidactic\/curs-actual\/\">Programa El Gust per la Lectura<\/a> i a l\u2019espai <a href=\"https:\/\/projectes.xtec.cat\/bescat\/wp-content\/uploads\/usu793\/2020\/10\/Materials-de-secund%C3%A0ria-2.pdf\">Secund\u00e0ria i adults<\/a> hi trobaran penjats els <strong>materials did\u00e0ctics associats a les propostes d\u2019obres d\u2019enguany.\u00a0<\/strong><\/p>\n<p>&nbsp;<\/p>\n<p>&nbsp;<\/p>\n","protected":false},"excerpt":{"rendered":"<p>Aqu\u00ed teniu la informaci\u00f3 de les activitats formatives de l&#8217;\u00e0mbit LIC del Departament d&#8217;Educaci\u00f3 d&#8217;aquest segon quadrimestre: GUST PER LA LECTURA: +\u00a0 Nous tallers del Programa &#8220;El Gust per la lectura&#8221;: Tallers Gust per la lectura- Cicle Inicial.\u00a0INSCRIPCI\u00d3 Taller Gust per la lectura- Cicle mitj\u00e0 i superior\u00a0\u00a0INSCRIPCI\u00d3 Taller Gust per la lectura- Secund\u00e0ria obligat\u00f2ria.\u00a0INSCRIPCI\u00d3 Taller [&hellip;]<\/p>\n","protected":false},"author":1,"featured_media":11383,"comment_status":"closed","ping_status":"closed","sticky":false,"template":"","format":"standard","meta":{"_bbp_topic_count":0,"_bbp_reply_count":0,"_bbp_total_topic_count":0,"_bbp_total_reply_count":0,"_bbp_voice_count":0,"_bbp_anonymous_reply_count":0,"_bbp_topic_count_hidden":0,"_bbp_reply_count_hidden":0,"_bbp_forum_subforum_count":0,"site-sidebar-layout":"default","site-content-layout":"","ast-site-content-layout":"","site-content-style":"default","site-sidebar-style":"default","ast-global-header-display":"","ast-banner-title-visibility":"","ast-main-header-display":"","ast-hfb-above-header-display":"","ast-hfb-below-header-display":"","ast-hfb-mobile-header-display":"","site-post-title":"","ast-breadcrumbs-content":"","ast-featured-img":"","footer-sml-layout":"","theme-transparent-header-meta":"","adv-header-id-meta":"","stick-header-meta":"","header-above-stick-meta":"","header-main-stick-meta":"","header-below-stick-meta":"","astra-migrate-meta-layouts":"default","ast-page-background-enabled":"default","ast-page-background-meta":{"desktop":{"background-color":"var(--ast-global-color-4)","background-image":"","background-repeat":"repeat","background-position":"center center","background-size":"auto","background-attachment":"scroll","background-type":"","background-media":"","overlay-type":"","overlay-color":"","overlay-opacity":"","overlay-gradient":""},"tablet":{"background-color":"","background-image":"","background-repeat":"repeat","background-position":"center center","background-size":"auto","background-attachment":"scroll","background-type":"","background-media":"","overlay-type":"","overlay-color":"","overlay-opacity":"","overlay-gradient":""},"mobile":{"background-color":"","background-image":"","background-repeat":"repeat","background-position":"center center","background-size":"auto","background-attachment":"scroll","background-type":"","background-media":"","overlay-type":"","overlay-color":"","overlay-opacity":"","overlay-gradient":""}},"ast-content-background-meta":{"desktop":{"background-color":"var(--ast-global-color-5)","background-image":"","background-repeat":"repeat","background-position":"center center","background-size":"auto","background-attachment":"scroll","background-type":"","background-media":"","overlay-type":"","overlay-color":"","overlay-opacity":"","overlay-gradient":""},"tablet":{"background-color":"var(--ast-global-color-5)","background-image":"","background-repeat":"repeat","background-position":"center center","background-size":"auto","background-attachment":"scroll","background-type":"","background-media":"","overlay-type":"","overlay-color":"","overlay-opacity":"","overlay-gradient":""},"mobile":{"background-color":"var(--ast-global-color-5)","background-image":"","background-repeat":"repeat","background-position":"center center","background-size":"auto","background-attachment":"scroll","background-type":"","background-media":"","overlay-type":"","overlay-color":"","overlay-opacity":"","overlay-gradient":""}},"footnotes":""},"categories":[68,154,1,29],"tags":[],"class_list":["post-11382","post","type-post","status-publish","format-standard","has-post-thumbnail","hentry","category-elic","category-formacio","category-general","category-portada"],"post_mailing_queue_ids":[],"_links":{"self":[{"href":"https:\/\/serveiseducatius.xtec.cat\/segria\/wp-json\/wp\/v2\/posts\/11382","targetHints":{"allow":["GET"]}}],"collection":[{"href":"https:\/\/serveiseducatius.xtec.cat\/segria\/wp-json\/wp\/v2\/posts"}],"about":[{"href":"https:\/\/serveiseducatius.xtec.cat\/segria\/wp-json\/wp\/v2\/types\/post"}],"author":[{"embeddable":true,"href":"https:\/\/serveiseducatius.xtec.cat\/segria\/wp-json\/wp\/v2\/users\/1"}],"replies":[{"embeddable":true,"href":"https:\/\/serveiseducatius.xtec.cat\/segria\/wp-json\/wp\/v2\/comments?post=11382"}],"version-history":[{"count":2,"href":"https:\/\/serveiseducatius.xtec.cat\/segria\/wp-json\/wp\/v2\/posts\/11382\/revisions"}],"predecessor-version":[{"id":11393,"href":"https:\/\/serveiseducatius.xtec.cat\/segria\/wp-json\/wp\/v2\/posts\/11382\/revisions\/11393"}],"wp:featuredmedia":[{"embeddable":true,"href":"https:\/\/serveiseducatius.xtec.cat\/segria\/wp-json\/wp\/v2\/media\/11383"}],"wp:attachment":[{"href":"https:\/\/serveiseducatius.xtec.cat\/segria\/wp-json\/wp\/v2\/media?parent=11382"}],"wp:term":[{"taxonomy":"category","embeddable":true,"href":"https:\/\/serveiseducatius.xtec.cat\/segria\/wp-json\/wp\/v2\/categories?post=11382"},{"taxonomy":"post_tag","embeddable":true,"href":"https:\/\/serveiseducatius.xtec.cat\/segria\/wp-json\/wp\/v2\/tags?post=11382"}],"curies":[{"name":"wp","href":"https:\/\/api.w.org\/{rel}","templated":true}]}}