{"id":11346,"date":"2021-01-14T19:49:45","date_gmt":"2021-01-14T18:49:45","guid":{"rendered":"https:\/\/serveiseducatius.xtec.cat\/segria\/?p=11346"},"modified":"2024-02-02T12:19:22","modified_gmt":"2024-02-02T11:19:22","slug":"inscripcio-activitats-de-formacio-lic-competencia-comunicativa-araescric-i-lectura","status":"publish","type":"post","link":"https:\/\/serveiseducatius.xtec.cat\/segria\/general\/inscripcio-activitats-de-formacio-lic-competencia-comunicativa-araescric-i-lectura\/","title":{"rendered":"INSCRIPCI\u00d3 ACTIVITATS DE FORMACI\u00d3 LIC COMPET\u00c8NCIA COMUNICATIVA ( araESCRIC i lectura)"},"content":{"rendered":"<p>La inscripci\u00f3 a les activitats del Formaci\u00f3 LIC. Compet\u00e8ncia comunicativa (araESCRIC i lectura).<\/p>\n<p style=\"font-weight: 400;\">Us enviem informaci\u00f3 de les activitats de formaci\u00f3 d&#8217;aquest segon quadrimestre del SE LIC.<\/p>\n<p style=\"font-weight: 400;\">Podeu fer les i<strong>nscripcions fins el 19 de gene<\/strong>r.<\/p>\n<p style=\"font-weight: 400;\">Totes les activitats s\u00f3n en\u00a0<strong>format virtual<\/strong>.<\/p>\n<p style=\"font-weight: 400;\">Aquest format<strong>\u00a0obert permet la participaci\u00f3 de tot el professorat del centres educatius dels ST d&#8217;Educaci\u00f3 de Lleida<\/strong>.<\/p>\n<table>\n<tbody>\n<tr>\n<td colspan=\"2\">6099130555\u00a0C\u00a0<strong>\u00a0<\/strong><br \/>\n<strong><a href=\"https:\/\/aplicacions.gestioeducativa.gencat.cat\/pls\/soloas\/pk_for_mod_ins.p_for_detall_activitat?p_codi=6099130555&amp;p_curs=2020-2021&amp;p_es_inscr=S\">INSCRIPCI\u00d3<\/a><\/strong><\/td>\n<td><strong>Escriptura creativa (Prim\u00e0ria)<br \/>\n<\/strong>Seminari. CRP del Segri\u00e0 (Lleida). Del dilluns 1\/2\/2021 al 25\/5\/2021 de 17:00h a 19:00h<\/td>\n<\/tr>\n<tr>\n<td colspan=\"2\">6099200555\u00a0C\u00a0<strong>\u00a0<\/strong><\/p>\n<p><a href=\"https:\/\/aplicacions.gestioeducativa.gencat.cat\/pls\/soloas\/pk_for_mod_ins.p_for_detall_activitat?p_codi=6099200555&amp;p_curs=2020-2021&amp;p_es_inscr=S\">INSCRIPCI\u00d3<\/a><\/td>\n<td><strong>Escriptura creativa (ESO)<\/strong><br \/>\nSeminari. CRP del Segri\u00e0 (Lleida). Del dilluns 1\/2\/2021 al 17\/5\/2021 de 17:00h a 19:00h<\/td>\n<\/tr>\n<tr>\n<td colspan=\"2\">6099230555\u00a0C\u00a0<strong>\u00a0<\/strong><br \/>\n<strong><a href=\"https:\/\/aplicacions.gestioeducativa.gencat.cat\/pls\/soloas\/pk_for_mod_ins.p_for_detall_activitat?p_codi=6099230555&amp;p_curs=2020-2021&amp;p_es_inscr=S\">INSCRIPCI\u00d3<\/a><\/strong><\/td>\n<td><strong>Activitats pr\u00e0ctiques d\u2019expressi\u00f3 escrita ( EI-CI)<br \/>\n<\/strong>Curs. CRP del Segri\u00e0 (Lleida). Del dimarts 26\/1\/2021 al 25\/5\/2021 de 17:00h a 19:00<\/td>\n<\/tr>\n<tr>\n<td colspan=\"2\">6099060555\u00a0C<br \/>\n<a href=\"https:\/\/aplicacions.gestioeducativa.gencat.cat\/pls\/soloas\/pk_for_mod_ins.p_for_detall_activitat?p_codi=6099060555&amp;p_curs=2020-2021&amp;p_es_inscr=S\">INSCRIPCIO<\/a><\/td>\n<td><strong>Activitats pr\u00e0ctiques d\u2019expressi\u00f3 escrita (CM-CS)<br \/>\n<\/strong>Curs. CRP del Segri\u00e0 (Lleida). Del dimarts 9\/2\/2021 al 18\/5\/2021 de 17:00h a 19:00h<\/td>\n<\/tr>\n<tr>\n<td>6099190555\u00a0C<br \/>\n<strong><a href=\"https:\/\/aplicacions.gestioeducativa.gencat.cat\/pls\/soloas\/pk_for_mod_ins.p_for_detall_activitat?p_codi=6099190555&amp;p_curs=2020-2021&amp;p_es_inscr=S\">INSCRIPCI\u00d3<\/a><\/strong><\/td>\n<td colspan=\"2\"><strong>Llegir per escriure\u00a0 (E. Infantil i Prim\u00e0ria)<\/strong><br \/>\nSeminari. CRP del Segri\u00e0 (Lleida). Del divendres 15\/1\/2021 al 30\/6\/2021 de 17:00h a 19:00h<\/td>\n<\/tr>\n<\/tbody>\n<\/table>\n","protected":false},"excerpt":{"rendered":"<p>La inscripci\u00f3 a les activitats del Formaci\u00f3 LIC. Compet\u00e8ncia comunicativa (araESCRIC i lectura). Us enviem informaci\u00f3 de les activitats de formaci\u00f3 d&#8217;aquest segon quadrimestre del SE LIC. Podeu fer les inscripcions fins el 19 de gener. Totes les activitats s\u00f3n en\u00a0format virtual. Aquest format\u00a0obert permet la participaci\u00f3 de tot el professorat del centres educatius dels [&hellip;]<\/p>\n","protected":false},"author":1,"featured_media":11352,"comment_status":"closed","ping_status":"closed","sticky":false,"template":"","format":"standard","meta":{"_bbp_topic_count":0,"_bbp_reply_count":0,"_bbp_total_topic_count":0,"_bbp_total_reply_count":0,"_bbp_voice_count":0,"_bbp_anonymous_reply_count":0,"_bbp_topic_count_hidden":0,"_bbp_reply_count_hidden":0,"_bbp_forum_subforum_count":0,"site-sidebar-layout":"default","site-content-layout":"","ast-site-content-layout":"","site-content-style":"default","site-sidebar-style":"default","ast-global-header-display":"","ast-banner-title-visibility":"","ast-main-header-display":"","ast-hfb-above-header-display":"","ast-hfb-below-header-display":"","ast-hfb-mobile-header-display":"","site-post-title":"","ast-breadcrumbs-content":"","ast-featured-img":"","footer-sml-layout":"","theme-transparent-header-meta":"","adv-header-id-meta":"","stick-header-meta":"","header-above-stick-meta":"","header-main-stick-meta":"","header-below-stick-meta":"","astra-migrate-meta-layouts":"default","ast-page-background-enabled":"default","ast-page-background-meta":{"desktop":{"background-color":"var(--ast-global-color-4)","background-image":"","background-repeat":"repeat","background-position":"center center","background-size":"auto","background-attachment":"scroll","background-type":"","background-media":"","overlay-type":"","overlay-color":"","overlay-opacity":"","overlay-gradient":""},"tablet":{"background-color":"","background-image":"","background-repeat":"repeat","background-position":"center center","background-size":"auto","background-attachment":"scroll","background-type":"","background-media":"","overlay-type":"","overlay-color":"","overlay-opacity":"","overlay-gradient":""},"mobile":{"background-color":"","background-image":"","background-repeat":"repeat","background-position":"center center","background-size":"auto","background-attachment":"scroll","background-type":"","background-media":"","overlay-type":"","overlay-color":"","overlay-opacity":"","overlay-gradient":""}},"ast-content-background-meta":{"desktop":{"background-color":"var(--ast-global-color-5)","background-image":"","background-repeat":"repeat","background-position":"center center","background-size":"auto","background-attachment":"scroll","background-type":"","background-media":"","overlay-type":"","overlay-color":"","overlay-opacity":"","overlay-gradient":""},"tablet":{"background-color":"var(--ast-global-color-5)","background-image":"","background-repeat":"repeat","background-position":"center center","background-size":"auto","background-attachment":"scroll","background-type":"","background-media":"","overlay-type":"","overlay-color":"","overlay-opacity":"","overlay-gradient":""},"mobile":{"background-color":"var(--ast-global-color-5)","background-image":"","background-repeat":"repeat","background-position":"center center","background-size":"auto","background-attachment":"scroll","background-type":"","background-media":"","overlay-type":"","overlay-color":"","overlay-opacity":"","overlay-gradient":""}},"footnotes":""},"categories":[63,68,154,1,72,156,153,29],"tags":[],"class_list":["post-11346","post","type-post","status-publish","format-standard","has-post-thumbnail","hentry","category-catalegs-tematics","category-elic","category-formacio","category-general","category-lectura-en-veu-alta","category-materials-de-formacio","category-pfz-segria","category-portada"],"post_mailing_queue_ids":[],"_links":{"self":[{"href":"https:\/\/serveiseducatius.xtec.cat\/segria\/wp-json\/wp\/v2\/posts\/11346","targetHints":{"allow":["GET"]}}],"collection":[{"href":"https:\/\/serveiseducatius.xtec.cat\/segria\/wp-json\/wp\/v2\/posts"}],"about":[{"href":"https:\/\/serveiseducatius.xtec.cat\/segria\/wp-json\/wp\/v2\/types\/post"}],"author":[{"embeddable":true,"href":"https:\/\/serveiseducatius.xtec.cat\/segria\/wp-json\/wp\/v2\/users\/1"}],"replies":[{"embeddable":true,"href":"https:\/\/serveiseducatius.xtec.cat\/segria\/wp-json\/wp\/v2\/comments?post=11346"}],"version-history":[{"count":4,"href":"https:\/\/serveiseducatius.xtec.cat\/segria\/wp-json\/wp\/v2\/posts\/11346\/revisions"}],"predecessor-version":[{"id":21718,"href":"https:\/\/serveiseducatius.xtec.cat\/segria\/wp-json\/wp\/v2\/posts\/11346\/revisions\/21718"}],"wp:featuredmedia":[{"embeddable":true,"href":"https:\/\/serveiseducatius.xtec.cat\/segria\/wp-json\/wp\/v2\/media\/11352"}],"wp:attachment":[{"href":"https:\/\/serveiseducatius.xtec.cat\/segria\/wp-json\/wp\/v2\/media?parent=11346"}],"wp:term":[{"taxonomy":"category","embeddable":true,"href":"https:\/\/serveiseducatius.xtec.cat\/segria\/wp-json\/wp\/v2\/categories?post=11346"},{"taxonomy":"post_tag","embeddable":true,"href":"https:\/\/serveiseducatius.xtec.cat\/segria\/wp-json\/wp\/v2\/tags?post=11346"}],"curies":[{"name":"wp","href":"https:\/\/api.w.org\/{rel}","templated":true}]}}